{"id":10040,"date":"2016-01-23T05:29:20","date_gmt":"2016-01-23T04:29:20","guid":{"rendered":"http:\/\/vozcomoarma.noblogs.org\/?p=10040"},"modified":"2016-01-23T05:30:20","modified_gmt":"2016-01-23T04:30:20","slug":"10040","status":"publish","type":"post","link":"https:\/\/vozcomoarma.noblogs.org\/?p=10040","title":{"rendered":"Internacional &#8211; \u00ab\u00a1Solidaridad sin l\u00edmites!\u00bb \/\/ 6 de febrero &#8211; D\u00eda de acci\u00f3n contra la Fortaleza Europa"},"content":{"rendered":"<p style=\"text-align: justify\">El pr\u00f3ximo 6 de febrero es la fecha escogida para una jornada de acci\u00f3n directa contra la Fortaleza Europa, y contra el papel que desempe\u00f1a la UE en el trazado y configuraci\u00f3n de los convulsos escenarios geopol\u00edticos en cuyo tablero se juega hoy en d\u00eda la partida del mundo, entre guerras por recursos, fronteras militarizadas, urbanismos carcelarios que restringen cada vez m\u00e1s el acceso y la disponibilidad del espacio segregando en base a la clase social, el color de la piel y la regularidad de la situaci\u00f3n del individuo, y centros de internamiento para personas extranjeras que son aut\u00e9nticos campos de concentraci\u00f3n donde se encarcela y tortura a seres humanos que han sido declarados ilegales por la Europa del Capital, que mientras ampl\u00eda y multiplica sus v\u00edas para la circulaci\u00f3n de mercanc\u00edas y ganancias ensangrentadas acumuladas sobre los cad\u00e1veres podridos de miles de v\u00edctimas, cierra sus puertas a personas desesperadas que huyen de la guerra y la hambruna del imperialismo occidental, armando las fronteras con modernos dispositivos de control, registro y vigilancia y criminalizando los flujos migratorios en sus telediarios y peri\u00f3dicos, mientras una ultraderecha en pleno auge se encarga de fomentar el racismo y las diferencias xen\u00f3fobas entre la poblaci\u00f3n local, responsabilizando a las personas migrantes de todas las miserias y problem\u00e1ticas generadas por el sistema de dominaci\u00f3n, exclusi\u00f3n y opresi\u00f3n en el que vivimos.<\/p>\n<p style=\"text-align: justify\">Recojo del blog <a href=\"https:\/\/actionday.noblogs.org\/call\/espanol\/\">Action Day<\/a> el siguiente llamado:<\/p>\n<p style=\"text-align: justify\">&#8212;&#8212;&#8212;&#8212;&#8212;&#8212;&#8212;&#8212;&#8212;&#8212;&#8212;&#8212;-<\/p>\n<p style=\"text-align: justify\"><em>\u00a1Solidaridad sin l\u00edmites \u2013 D\u00eda de acci\u00f3n contra la Fortaleza Europa!<\/em><\/p>\n<p style=\"text-align: justify\"><em>El 6 de febrero un mont\u00f3n de populistas de derecha, movimientos y partidos neofascistas se reunir\u00e1n en diferentes lugares en Europa para salir a las calles a favor de su idea reaccionaria de \u201cpueblos\u201d y \u201cnaciones\u201d superiores. \u00a1Por un lado no queremos aceptar esto y por lo tanto, les llamamos a contrarrestarles juntos firmemente tomando una posici\u00f3n de solidaridad pol\u00edtica! \u00a1Por otro lado queremos proclamar este d\u00eda en toda Europa como un d\u00eda de acci\u00f3n contra la Fortaleza Europa!<\/em><\/p>\n<p style=\"text-align: justify\"><em>Las condiciones en muchos lugares de todo el mundo se vuelven m\u00e1s inestables con el capitalismo ampliando la brecha entre los pobres y los ricos. Los neoliberales cambios estructurales de los a\u00f1os 70 y 80 llevaron a que muchas \u00e1reas del Sur Global se encontraran en una situaci\u00f3n de extrema pobreza y endeudamiento. Despu\u00e9s del per\u00edodo del colonialismo estos cambios una vez m\u00e1s crearon la dependencia del \u201cmundo occidental\u201d. Esta pol\u00edtica lleva a la explotaci\u00f3n y a la pobreza, as\u00ed como a la destrucci\u00f3n de la base de la existencia. Hoy, el neo-colonialismo se muestra en sus diversas formas: el acaparamiento de tierras, el robo de los recursos naturales y de las materias primas, las exportaciones de armamento y acuerdos de libre comercio, guerras bajo la portada de \u201cintervenciones para proteger los derechos humanos\u201d, apoyo de dictadores y reg\u00edmenes autoritarios. Una de las consecuencias es la muerte de muchas personas, no s\u00f3lo en las fronteras europeas, sino tambi\u00e9n en sus pa\u00edses de origen. La Uni\u00f3n Europea es uno de los principales actores en este juego. Las pol\u00edticas oficiales de la soluci\u00f3n de la crisis del capitalismo (como las medidas de austeridad) han catalizado reacciones autoritarias y racistas en todo el mundo. El temor de la gente a perder su bienestar es transformado en puro odio en contra de \u201clxs otrxs con quienes tienen que compartir\u201d y conduce a la construcci\u00f3n de entidades conservadoras como las naciones, las supuestas razas y los roles de g\u00e9nero tradicionales.<\/em><\/p>\n<p style=\"text-align: justify\"><em>Tambi\u00e9n vemos la creciente militarizaci\u00f3n de las fronteras exteriores de Europa. La gente es separada seg\u00fan su nacionalidad; los centros de deportaci\u00f3n existentes son agrandados y nuevos est\u00e1n en construcci\u00f3n. Para mejorar dichos sistemas inhumanos la UE colabora con Estados como Turqu\u00eda, que conduce una guerra contra la poblaci\u00f3n kurda en su propio territorio y que apoya al \u201cEstado Isl\u00e1mico\u201d(Daesh).<\/em><\/p>\n<p style=\"text-align: justify\"><em>El auge de los movimientos racistas y partidos como los Patriotas Europeos contra la Islamizaci\u00f3n del Occidente (PEGIDA), UKIP (Partido de la Independencia, GB), BPI (Bloque Contra el Islam), Golden Dawn, Front National y muchos m\u00e1s, las pol\u00edticas europeas de inmigraci\u00f3n y Frontex son actores en la misma jugada. Si realmente queremos terminar con la miseria de lxs inmigrantes, es necesaria la presi\u00f3n pol\u00edtica en las calles en todas partes, para que las fronteras abiertas para todxs y las rutas seguras de migraci\u00f3n con dignidad se conviertan en algo posible. Eso significa organizar protestas, acciones directas, desobediencia civil y el establecimiento de espacios de solidaridad.<\/em><\/p>\n<p style=\"text-align: justify\"><em>Queremos aprovechar la oportunidad para poner este tema en la agenda del 6 de febrero. Si el movimiento populista de derecha y reaccionario tratar de llevar su pol\u00edtica a las calles, les resistiremos. Tenemos que se\u00f1alar la conexi\u00f3n entre la restrictiva y autoritaria pol\u00edtica migratoria de Europa, las pol\u00edticas de austeridad y el racismo diario en la calle y c\u00f3mo \u00e9stos est\u00e1n relacionados con el capitalismo y el patriarcado. Todos estos son mecanismos globales de dominaci\u00f3n y opresi\u00f3n que nos atacan a todxs. Por lo tanto tenemos que actuar juntxs.<\/em><\/p>\n<p style=\"text-align: justify\"><em>Es necesario que nos organicemos a nivel mundial para atacar la pol\u00edtica europea y de esta forma destruir la base de la derecha. En vez de creer en que los Estados nacionales son capaces de actuar, tenemos que declarar la solidaridad a trav\u00e9s de las fronteras, aprender unxs de otrxs y luchar por espacios comunes aut\u00f3nomos y abiertos. La creaci\u00f3n de redes resistentes y autodeterminadas nos ofrece una perspectiva de libertad para todxs.<\/em><\/p>\n<p style=\"text-align: justify\"><em>Lucharemos por una vida libre con equidad social, m\u00e1s all\u00e1 de las naciones, del capital y del patriarcado. \u00a1Juntxs nos dirigimos a la calle! Este es un llamado a realizar acciones de desobediencia civil y acciones directas para la libertad de movimiento y por derechos iguales para todxs. \u00a1Tiene que ser combatido de manera pol\u00edtica! No queremos ser gobernadxs. Nos levantamos y luchamos contra la reacci\u00f3n racista y autoritaria de la pol\u00edtica europea y de los movimientos populistas de extrema derecha frente a la crisis!<\/em><\/p>\n<p style=\"text-align: justify\"><em>\u00a1Organicemos la solidaridad pol\u00edtica!<br \/>\n<\/em><em>\u00a1Luchemos contra la Fortaleza Europa!<\/em><\/p>\n<p style=\"text-align: justify\"><a href=\"https:\/\/vozcomoarma.noblogs.org\/files\/2016\/01\/Sin-t\u00edtulo.jpg\"><img loading=\"lazy\" decoding=\"async\" class=\"aligncenter wp-image-10042 size-full\" src=\"https:\/\/vozcomoarma.noblogs.org\/files\/2016\/01\/Sin-t\u00edtulo.jpg\" alt=\"Sin t\u00edtulo\" width=\"996\" height=\"318\" srcset=\"https:\/\/vozcomoarma.noblogs.org\/files\/2016\/01\/Sin-t\u00edtulo.jpg 996w, https:\/\/vozcomoarma.noblogs.org\/files\/2016\/01\/Sin-t\u00edtulo-300x96.jpg 300w\" sizes=\"auto, (max-width: 996px) 100vw, 996px\" \/><\/a><\/p>\n","protected":false},"excerpt":{"rendered":"<p>El pr\u00f3ximo 6 de febrero es la fecha escogida para una jornada de acci\u00f3n directa contra la Fortaleza Europa, y contra el papel que desempe\u00f1a la UE en el trazado y configuraci\u00f3n de los convulsos escenarios geopol\u00edticos en cuyo tablero &hellip; <a href=\"https:\/\/vozcomoarma.noblogs.org\/?p=10040\">Sigue leyendo <span class=\"meta-nav\">&rarr;<\/span><\/a><\/p>\n","protected":false},"author":7045,"featured_media":0,"comment_status":"closed","ping_status":"open","sticky":false,"template":"","format":"standard","meta":{"footnotes":""},"categories":[59,61,9],"tags":[14,49,16,34,24,19,11],"class_list":["post-10040","post","type-post","status-publish","format-standard","hentry","category-convocatorias","category-noticias","category-noticias-y-comunicados","tag-anti-fascismo","tag-anti-sexismo","tag-guerra-social","tag-racismo","tag-reflexion","tag-represion","tag-solidaridad"],"_links":{"self":[{"href":"https:\/\/vozcomoarma.noblogs.org\/index.php?rest_route=\/wp\/v2\/posts\/10040","targetHints":{"allow":["GET"]}}],"collection":[{"href":"https:\/\/vozcomoarma.noblogs.org\/index.php?rest_route=\/wp\/v2\/posts"}],"about":[{"href":"https:\/\/vozcomoarma.noblogs.org\/index.php?rest_route=\/wp\/v2\/types\/post"}],"author":[{"embeddable":true,"href":"https:\/\/vozcomoarma.noblogs.org\/index.php?rest_route=\/wp\/v2\/users\/7045"}],"replies":[{"embeddable":true,"href":"https:\/\/vozcomoarma.noblogs.org\/index.php?rest_route=%2Fwp%2Fv2%2Fcomments&post=10040"}],"version-history":[{"count":2,"href":"https:\/\/vozcomoarma.noblogs.org\/index.php?rest_route=\/wp\/v2\/posts\/10040\/revisions"}],"predecessor-version":[{"id":10045,"href":"https:\/\/vozcomoarma.noblogs.org\/index.php?rest_route=\/wp\/v2\/posts\/10040\/revisions\/10045"}],"wp:attachment":[{"href":"https:\/\/vozcomoarma.noblogs.org\/index.php?rest_route=%2Fwp%2Fv2%2Fmedia&parent=10040"}],"wp:term":[{"taxonomy":"category","embeddable":true,"href":"https:\/\/vozcomoarma.noblogs.org\/index.php?rest_route=%2Fwp%2Fv2%2Fcategories&post=10040"},{"taxonomy":"post_tag","embeddable":true,"href":"https:\/\/vozcomoarma.noblogs.org\/index.php?rest_route=%2Fwp%2Fv2%2Ftags&post=10040"}],"curies":[{"name":"wp","href":"https:\/\/api.w.org\/{rel}","templated":true}]}}