{"id":10046,"date":"2016-01-23T05:46:41","date_gmt":"2016-01-23T04:46:41","guid":{"rendered":"http:\/\/vozcomoarma.noblogs.org\/?p=10046"},"modified":"2016-01-23T05:46:41","modified_gmt":"2016-01-23T04:46:41","slug":"alemania-nuevo-ataque-policial-a-la-okupa-rigaer-94-en-berlin","status":"publish","type":"post","link":"https:\/\/vozcomoarma.noblogs.org\/?p=10046","title":{"rendered":"Alemania &#8211; Nuevo ataque policial a la okupa Rigaer 94 en Berl\u00edn"},"content":{"rendered":"<p style=\"text-align: justify\">Recojo de <a href=\"http:\/\/barcelona.indymedia.org\/newswire\/display\/501802\/index.php\">Indymedia Barcelona<\/a> la siguiente noticia, relativa al nuevo ataque sufrido por lxs compa\u00f1erxs de la okupaci\u00f3n Rigaer 94 de Berl\u00edn, lxs cuales sufren ahora m\u00e1s que nunca la represi\u00f3n despu\u00e9s de que sensacionalistas declaraciones del Ministerio del Interior alem\u00e1n declarasen la zona de la okupa como \u00abzona de peligro\u00bb, arengando con el supuesto \u00abterror\u00bb que rodea la calle, donde tambi\u00e9n se encuentran viviendas okupadas por familias precarias.<\/p>\n<p style=\"text-align: justify\">El ataque policial, que al parecer no tuvo reparo en allanar cuartos infantiles de viviendas aleda\u00f1as a la okupa para poder acceder al patio de \u00e9sta, ni en maltratar, amenazar y humillar a las personas presentes, se relata a continuaci\u00f3n.<\/p>\n<p style=\"text-align: justify\">\u00a1Las manos del Estado y de sus mercenarios fuera de las okupas y los espacios liberados!<\/p>\n<p style=\"text-align: justify\">&#8212;&#8212;&#8212;&#8212;&#8212;&#8212;&#8212;&#8212;&#8212;&#8212;&#8212;-<\/p>\n<p style=\"text-align: justify\"><em>En la noche del d\u00eda 13 de enero oficiales de la polic\u00eda de Berl\u00edn entraron con violencia a la casa Rigaer 94, con la excusa de buscar objetos peligrosos. Hace meses la prensa, junto con politicxs de la ciudad, difamaron a toda la calle, donde existen varias \u201cHausprojekte\u201d (colectivos de vivienda libertarias), como extremistas violentas y las casas como nidos de terror.<\/em><\/p>\n<p style=\"text-align: justify\"><em>Reci\u00e9n el Ministerio de Interior declar\u00f3 oficialmente toda la zona como zona peligrosa que permite a la polic\u00eda controlar y cachear personas sin raz\u00f3n. As\u00ed, en los \u00faltimos meses ha habido mucha presencia policial en la zona.<\/em><\/p>\n<p style=\"text-align: justify\"><em>El 13 de enero por la tarde un polic\u00eda de patrulla atac\u00f3 a una persona a golpes cuando esa persona se neg\u00f3 a mostrar sus papeles. Cuando vinieron otras personas para ayudar a la persona el polic\u00eda se puso mas agresivo, as\u00ed que la gente se tuvo que defender y luego hu\u00edr. Escaparon al patio de la casa R94 , que se entiende como espacio emancipado.<\/em><\/p>\n<p style=\"text-align: justify\"><em>Como la gente de la casa neg\u00f3 activamente la entrada de los polic\u00edas por la tarde, vinieron por la noche otra vez con ayuda del SEK (Comando de operaciones especiales) y \u00a1500! oficiales para entrar a la casa. Con helic\u00f3ptero accedieron al tejado mientras en la calle rompieron las ventanas y entraron a la habitaci\u00f3n de una familia vecina para llegar por este camino al patio. En la habitaci\u00f3n se encontraban solamente lxs ni\u00f1xs, y la polic\u00eda que se encontraba en la calle no dejaron entrar a lxs padres a la habitaci\u00f3n. De la okupa destruyeron varias ventanas, rejas, escaleras y arrasaron varios cuartos de vivienda y controlaron la documentaci\u00f3n de las personas presentes.<\/em><\/p>\n<p style=\"text-align: justify\"><em>Como los habitantes de la casa informaron en una rueda de prensa,<\/em><\/p>\n<p style=\"text-align: justify\"><em>\u00abLos polic\u00edas orinaron en la casa, pusieron pedazos de vidrios en camas, distribuyeron veneno de ratas por la casa y maltrataron a gente dentro de la casa y celebraron la operaci\u00f3n como una acci\u00f3n de venganza a lxs odiadxs okupas.\u00bb<\/em><\/p>\n<p style=\"text-align: justify\"><em>Por fin presentaron su hallazgo espectacular: Palos, carritos de mercado, abrojos y piedras. Ademas robaron todo el carb\u00f3n para calentar la casa durante el invierno con un cami\u00f3n que trajeron solamente para esta acci\u00f3n. <\/em><\/p>\n<p style=\"text-align: justify\"><em>Como la polic\u00eda misma confirm\u00f3 oficialmente el 14 de enero, entraron y rompieron puertas sin orden judicial.<\/em><\/p>\n<p style=\"text-align: justify\"><em>Sin embargo d\u00edas despu\u00e9s la polic\u00eda est\u00e1 presente con una gran cantidad de agentes en la zona y han sido vistos varias veces m\u00e1s dentro de casas vecinas y en los tejados.<\/em><\/p>\n<p style=\"text-align: justify\"><em>El domingo 17 de enero, la polic\u00eda asalt\u00f3 nuevamente la casa Rigaer 94. La excusa esta vez: una bolsa de basura que cay\u00f3 de una ventana, lo que fue interpretado por la polic\u00eda como \u201cagresi\u00f3n a un agente policial\u201d. En este momento los mismos oficiales ya estaban con cascos dentro del patio de la casa.<\/em><\/p>\n<p><em>Claramente estos ataques no son una reacci\u00f3n a eventos particulares como la prensa y la poli lo quieren vender, sino una operaci\u00f3n preparada desde hace mucho que se tiene que valorar como ataque a estructuras libertarias.<\/em><\/p>\n<p><em>Nuestra solidaridad con las personas de las casas que no se dejan intimidar ni provocar por este terror policial.<\/em><\/p>\n<p><em>El 6 de febrero habr\u00e1 una manifestaci\u00f3n en solidaridad con las casas libertarias, contra las zonas de peligro y contra el terror policial.<\/em><\/p>\n<p><em>SI TOCAN A UNX TOCAN A TODXS<\/em><\/p>\n<p><em>M\u00e1s informaciones (ingl\u00e9s y alem\u00e1n), <a href=\"https:\/\/twitter.com\/rigaer94\">aqu\u00ed<\/a>,\u00a0<a href=\"https:\/\/linksunten.indymedia.org\/en\/node\/165512\">aqu\u00ed<\/a>\u00a0y <a href=\"https:\/\/twitter.com\/rigaer_united\">aqu\u00ed<\/a>\u00a0<\/em><em>y fotos <a href=\"https:\/\/twitter.com\/hashtag\/rigaer\">aqu\u00ed<\/a>.<\/em><\/p>\n<p style=\"text-align: justify\"><a href=\"https:\/\/vozcomoarma.noblogs.org\/files\/2016\/01\/Rigaer-94-Caras-difuminadas.jpg\"><img loading=\"lazy\" decoding=\"async\" class=\"alignnone wp-image-10049 size-full\" src=\"https:\/\/vozcomoarma.noblogs.org\/files\/2016\/01\/Rigaer-94-Caras-difuminadas.jpg\" alt=\"Rigaer 94 Caras difuminadas\" width=\"600\" height=\"602\" srcset=\"https:\/\/vozcomoarma.noblogs.org\/files\/2016\/01\/Rigaer-94-Caras-difuminadas.jpg 600w, https:\/\/vozcomoarma.noblogs.org\/files\/2016\/01\/Rigaer-94-Caras-difuminadas-300x300.jpg 300w\" sizes=\"auto, (max-width: 600px) 100vw, 600px\" \/><\/a><\/p>\n","protected":false},"excerpt":{"rendered":"<p>Recojo de Indymedia Barcelona la siguiente noticia, relativa al nuevo ataque sufrido por lxs compa\u00f1erxs de la okupaci\u00f3n Rigaer 94 de Berl\u00edn, lxs cuales sufren ahora m\u00e1s que nunca la represi\u00f3n despu\u00e9s de que sensacionalistas declaraciones del Ministerio del Interior &hellip; <a href=\"https:\/\/vozcomoarma.noblogs.org\/?p=10046\">Sigue leyendo <span class=\"meta-nav\">&rarr;<\/span><\/a><\/p>\n","protected":false},"author":7045,"featured_media":0,"comment_status":"closed","ping_status":"open","sticky":false,"template":"","format":"standard","meta":{"footnotes":""},"categories":[58,59,61,9],"tags":[51,21,16,42,37,24,19,11,71],"class_list":["post-10046","post","type-post","status-publish","format-standard","hentry","category-acciones","category-convocatorias","category-noticias","category-noticias-y-comunicados","tag-alemania","tag-disturbios","tag-guerra-social","tag-movimientos-sociales","tag-okupacion","tag-reflexion","tag-represion","tag-solidaridad","tag-tortura"],"_links":{"self":[{"href":"https:\/\/vozcomoarma.noblogs.org\/index.php?rest_route=\/wp\/v2\/posts\/10046","targetHints":{"allow":["GET"]}}],"collection":[{"href":"https:\/\/vozcomoarma.noblogs.org\/index.php?rest_route=\/wp\/v2\/posts"}],"about":[{"href":"https:\/\/vozcomoarma.noblogs.org\/index.php?rest_route=\/wp\/v2\/types\/post"}],"author":[{"embeddable":true,"href":"https:\/\/vozcomoarma.noblogs.org\/index.php?rest_route=\/wp\/v2\/users\/7045"}],"replies":[{"embeddable":true,"href":"https:\/\/vozcomoarma.noblogs.org\/index.php?rest_route=%2Fwp%2Fv2%2Fcomments&post=10046"}],"version-history":[{"count":1,"href":"https:\/\/vozcomoarma.noblogs.org\/index.php?rest_route=\/wp\/v2\/posts\/10046\/revisions"}],"predecessor-version":[{"id":10050,"href":"https:\/\/vozcomoarma.noblogs.org\/index.php?rest_route=\/wp\/v2\/posts\/10046\/revisions\/10050"}],"wp:attachment":[{"href":"https:\/\/vozcomoarma.noblogs.org\/index.php?rest_route=%2Fwp%2Fv2%2Fmedia&parent=10046"}],"wp:term":[{"taxonomy":"category","embeddable":true,"href":"https:\/\/vozcomoarma.noblogs.org\/index.php?rest_route=%2Fwp%2Fv2%2Fcategories&post=10046"},{"taxonomy":"post_tag","embeddable":true,"href":"https:\/\/vozcomoarma.noblogs.org\/index.php?rest_route=%2Fwp%2Fv2%2Ftags&post=10046"}],"curies":[{"name":"wp","href":"https:\/\/api.w.org\/{rel}","templated":true}]}}