{"id":10094,"date":"2016-01-27T17:25:09","date_gmt":"2016-01-27T16:25:09","guid":{"rendered":"http:\/\/vozcomoarma.noblogs.org\/?p=10094"},"modified":"2016-01-27T17:36:49","modified_gmt":"2016-01-27T16:36:49","slug":"mexico-nace-sin-retorno-ediciones-editorial-y-distri-anarquista","status":"publish","type":"post","link":"https:\/\/vozcomoarma.noblogs.org\/?p=10094","title":{"rendered":"M\u00e9xico &#8211; Nace \u00abSin retorno ediciones\u00bb, editorial y distri anarquista"},"content":{"rendered":"<p style=\"text-align: justify\">Lxs compas de esta reci\u00e9n creada editorial y distri anarquista nacida en M\u00e9xico se pusieron en contacto para difundir su proyecto, que presentan de la siguiente manera, y cuyo blog se puede consultar pinchando <a href=\"http:\/\/sinretornoediciones.espivblogs.net\">aqu\u00ed<\/a> o en el banner corresopndiente de la lista de enlaces de la columna de la derecha (secci\u00f3n\u00a0<em>\u00abLibrer\u00edas, editoriales, colectivos y distribuidoras\u00bb<\/em>).<\/p>\n<p style=\"text-align: justify\">&#8212;&#8212;&#8212;&#8212;&#8212;&#8212;&#8212;&#8212;&#8212;&#8212;&#8212;&#8212;&#8212;&#8212;&#8211;<\/p>\n<p style=\"text-align: justify\"><em>Los anarquistas necesitamos afrontar la cuesti\u00f3n de la propaganda con eficacia. \u00bfPropaganda porque y para qu\u00e9? \u00bfQue funci\u00f3n tiene la propaganda y hacia qui\u00e9n esta dirigida? Todas estas son algunas de las interrogantes que nos hemos realizado antes de dar el paso hacia una nueva experiencia en la difusi\u00f3n del pensamiento \u00e1crata. Finalmente hemos confluido en que la continua difusi\u00f3n del pensamiento anarquista es una necesidad, porque tenemos la necesidad de an\u00e1lisis cotidiano de las ideas, tenemos la necesidad de la cr\u00edtica y la autocr\u00edtica, pero tambi\u00e9n tenemos la necesidad del debate y la discusi\u00f3n.<\/em><\/p>\n<p style=\"text-align: justify\"><em>La difusi\u00f3n de la idea anarquista o la propaganda deber\u00eda de siempre estar sometida a la cr\u00edtica para que esta no se convierta en una alternativa m\u00e1s a la propaganda del sistema; es decir, que la propaganda anarquista sea generadora de ideas y no de opiniones, para generar opiniones ya est\u00e1 toda la basura progresista de izquierda y socialdemocracia. La propaganda anarquista debe de ser fuente de nuevos pensamientos y nuevas perspectivas en base de las cuales poder comprender el relativamente nuevo mundo que nos rodea y as\u00ed poder combatirlo.<\/em><\/p>\n<p style=\"text-align: justify\"><em>Estamos asistiendo a tiempos donde muchos de los anarquistas parecen haber perdido la perspectiva de las cosas, parecen haber perdido toda esperanza, parecen haber perdido el rumbo y el camino hacia una vida sin Estado y sin autoridad. Consecuente con esto muchos compa\u00f1eros se est\u00e1n viendo hundidos en organizaciones autoritarias y Marxistas de toda \u00edndole que se nos presentan bien disfrazadas de \u201clibertarias\u201d. Muchos de los proyectos de libertad de los anarquistas se est\u00e1n diseminando en un mar de autoritarismo camuflado en pro de la construcci\u00f3n de un cierto tipo de poder.<\/em><\/p>\n<p style=\"text-align: justify\"><em>Un repensar la anarqu\u00eda para poner en rumbo nuestros objetivos y mantener una consecuente e inminente cr\u00edtica hacia todo tipo de poder es siempre necesaria y forma parte de esa nueva perspectiva de la anarqu\u00eda que se defini\u00f3 ya desde tiempo hist\u00f3ricos con Mijail Bakunin y el grupo de compa\u00f1eros que se separaron de la internacional, cuando estos compa\u00f1eros se dieron cuenta\u00a0que el problema no es la cuesti\u00f3n econ\u00f3mica, sino el poder en si mismo.<\/em><\/p>\n<p style=\"text-align: justify\"><em>En esta distribuidora pretendemos aportar algunas herramientas para ese repensar la anarqu\u00eda, para el an\u00e1lisis y la cr\u00edtica destructiva a la autoridad y a todo tipo de poder y Estado. Pero tambi\u00e9n para entender que la anarqu\u00eda es una tensi\u00f3n cotidiana contra todo lo existente, es recuperar nuestras vidas y manejarlas a nuestro antojo.<\/em><\/p>\n<p style=\"text-align: justify\"><em>Una distribuidora y editorial del pensamiento anarquista siempre es importante y nunca dejara de serlo.<\/em><\/p>\n<p style=\"text-align: justify\"><em>Sin retorno ediciones es una editorial y distribuidora del pensamiento anarquista, y tiene presencia en varias partes del territorio mexicano. Sin retorno es una ruptura individual, inminente y violenta con lo establecido, con las normas sociales, con las identidades que nos impone el mismo sistema. Sin retorno es una actitud ante la vida de permanente hostilidad con el poder. Sin retorno tambi\u00e9n en una propuesta para una vida en libertad.\u00a0Sin retorno, porque cuando damos un paso m\u00e1s all\u00e1 de la l\u00ednea, no hay nada ni nadie que nos pueda hacer retroceder en el camino que hemos tomado. En la lucha contra el Estado y el Capitalismo no hay vuelta de hoja, no hay paso atr\u00e1s.<\/em><\/p>\n<p style=\"text-align: justify\"><em>Por eso, sin retorno ediciones.<\/em><\/p>\n<p style=\"text-align: justify\"><a href=\"https:\/\/vozcomoarma.noblogs.org\/files\/2016\/01\/cropped-sin-retorno-banner-copy.jpg\"><img loading=\"lazy\" decoding=\"async\" class=\"aligncenter wp-image-10095 \" src=\"https:\/\/vozcomoarma.noblogs.org\/files\/2016\/01\/cropped-sin-retorno-banner-copy.jpg\" alt=\"cropped-sin-retorno-banner-copy\" width=\"593\" height=\"125\" srcset=\"https:\/\/vozcomoarma.noblogs.org\/files\/2016\/01\/cropped-sin-retorno-banner-copy.jpg 940w, https:\/\/vozcomoarma.noblogs.org\/files\/2016\/01\/cropped-sin-retorno-banner-copy-300x63.jpg 300w\" sizes=\"auto, (max-width: 593px) 100vw, 593px\" \/><\/a><\/p>\n","protected":false},"excerpt":{"rendered":"<p>Lxs compas de esta reci\u00e9n creada editorial y distri anarquista nacida en M\u00e9xico se pusieron en contacto para difundir su proyecto, que presentan de la siguiente manera, y cuyo blog se puede consultar pinchando aqu\u00ed o en el banner corresopndiente &hellip; <a href=\"https:\/\/vozcomoarma.noblogs.org\/?p=10094\">Sigue leyendo <span class=\"meta-nav\">&rarr;<\/span><\/a><\/p>\n","protected":false},"author":7045,"featured_media":0,"comment_status":"closed","ping_status":"open","sticky":false,"template":"","format":"standard","meta":{"footnotes":""},"categories":[61,9,4],"tags":[16,24,11],"class_list":["post-10094","post","type-post","status-publish","format-standard","hentry","category-noticias","category-noticias-y-comunicados","category-publicaciones","tag-guerra-social","tag-reflexion","tag-solidaridad"],"_links":{"self":[{"href":"https:\/\/vozcomoarma.noblogs.org\/index.php?rest_route=\/wp\/v2\/posts\/10094","targetHints":{"allow":["GET"]}}],"collection":[{"href":"https:\/\/vozcomoarma.noblogs.org\/index.php?rest_route=\/wp\/v2\/posts"}],"about":[{"href":"https:\/\/vozcomoarma.noblogs.org\/index.php?rest_route=\/wp\/v2\/types\/post"}],"author":[{"embeddable":true,"href":"https:\/\/vozcomoarma.noblogs.org\/index.php?rest_route=\/wp\/v2\/users\/7045"}],"replies":[{"embeddable":true,"href":"https:\/\/vozcomoarma.noblogs.org\/index.php?rest_route=%2Fwp%2Fv2%2Fcomments&post=10094"}],"version-history":[{"count":5,"href":"https:\/\/vozcomoarma.noblogs.org\/index.php?rest_route=\/wp\/v2\/posts\/10094\/revisions"}],"predecessor-version":[{"id":10100,"href":"https:\/\/vozcomoarma.noblogs.org\/index.php?rest_route=\/wp\/v2\/posts\/10094\/revisions\/10100"}],"wp:attachment":[{"href":"https:\/\/vozcomoarma.noblogs.org\/index.php?rest_route=%2Fwp%2Fv2%2Fmedia&parent=10094"}],"wp:term":[{"taxonomy":"category","embeddable":true,"href":"https:\/\/vozcomoarma.noblogs.org\/index.php?rest_route=%2Fwp%2Fv2%2Fcategories&post=10094"},{"taxonomy":"post_tag","embeddable":true,"href":"https:\/\/vozcomoarma.noblogs.org\/index.php?rest_route=%2Fwp%2Fv2%2Ftags&post=10094"}],"curies":[{"name":"wp","href":"https:\/\/api.w.org\/{rel}","templated":true}]}}