{"id":10182,"date":"2016-02-05T16:35:47","date_gmt":"2016-02-05T15:35:47","guid":{"rendered":"http:\/\/vozcomoarma.noblogs.org\/?p=10182"},"modified":"2016-02-14T06:57:32","modified_gmt":"2016-02-14T05:57:32","slug":"italia-prision-para-companerxs-acusadxs-de-incendiar-una-sede-fascista-en-parma","status":"publish","type":"post","link":"https:\/\/vozcomoarma.noblogs.org\/?p=10182","title":{"rendered":"Italia &#8211; Prisi\u00f3n para compa\u00f1erxs acusadxs de incendiar una sede fascista en Parma"},"content":{"rendered":"<p style=\"text-align: justify\">Una nota informativa recibida en el correo electr\u00f3nico, traducida de la web de\u00a0<a href=\"http:\/\/www.autistici.org\/cna\/2016\/01\/30\/parmasentenza-1grado-per-incendio-a-covo-fascista\/\">CNA Italia (Croce Nera Anarchica)<\/a>\u00a0informa de que tres compa\u00f1erxs han sido condenadxs a 1 a\u00f1o y 10 meses de prisi\u00f3n (frente a los 6 solicitados por el fiscal) por ser lxs presuntxs autorxs de un incendio provocado que destruy\u00f3 una sede fascista en Parma, Italia, en 2014. Adem\u00e1s, se les habr\u00eda impuesto tambi\u00e9n el pago de una indemnizaci\u00f3n de 78.000 euros a la escoria neonazi.<\/p>\n<p style=\"text-align: justify\">La Democracia y el fascismo son las dos caras de la misma moneda. La Democracia es la zanahoria que el capitalismo alterna con el palo del totalitarismo empu\u00f1ado en tiempos de crisis e inestabilidad en los que sus privilegios y estructuras se vuelven m\u00e1s vulnerables, y por ello, los \u00f3rganos represivos (jueces, fiscales, polic\u00edas) siempre proteger\u00e1n y dejar\u00e1n impunes a aquellos grupos fascistas encargados de ampliar y reforzar las divisiones artificiales que se nos han impuesto para impedir que las personas explotadas se organicen (racismo, sistema heteropatriarcal, fronteras y nacionalidades&#8230;). Atacar al fascismo es atacar al Estado, y viceversa.<\/p>\n<p style=\"text-align: justify\">\u00a1Solidaridad con Andrea, Goofy y Tommy!<\/p>\n<p style=\"text-align: justify\">&#8212;&#8212;&#8212;&#8212;&#8212;&#8212;&#8212;&#8212;&#8212;&#8212;&#8212;&#8212;-<\/p>\n<p style=\"text-align: justify\"><em>El 29 de enero 2016 puso fin a la primera instancia del juicio contra Andrea, Goofy y Tommy acusadxs de haber incendiado un escondite de lxs fascistas de la provincia de Parma, en abril del 2014. Cae la acusaci\u00f3n de fabricaci\u00f3n de armas de guerra y se mantienen las acusaciones de incendio, porte de objetos dise\u00f1ados para da\u00f1ar\u00a0y allanamiento, que conlleva una pena de 1 a\u00f1o y 10 meses (frente a los 6 a\u00f1os solicitados por el fiscal). Adem\u00e1s se le impuso una indemnizaci\u00f3n de 78.000 Euros, de los cuales 30 mil son por \u201cda\u00f1os morales\u201d, que deben evaluarse en un procedimiento civil.<\/em><\/p>\n<p style=\"text-align: justify\"><em>Sin embargo, en ese momento se encuentran con arresto domiciliario total.<\/em><\/p>\n<p style=\"text-align: justify\"><a href=\"https:\/\/vozcomoarma.noblogs.org\/files\/2016\/02\/112946784-da80a21d-e644-4ca0-889c-d763898f8e6d.jpg\"><img loading=\"lazy\" decoding=\"async\" class=\"aligncenter wp-image-10184 \" src=\"https:\/\/vozcomoarma.noblogs.org\/files\/2016\/02\/112946784-da80a21d-e644-4ca0-889c-d763898f8e6d.jpg\" alt=\"112946784-da80a21d-e644-4ca0-889c-d763898f8e6d\" width=\"610\" height=\"193\" srcset=\"https:\/\/vozcomoarma.noblogs.org\/files\/2016\/02\/112946784-da80a21d-e644-4ca0-889c-d763898f8e6d.jpg 531w, https:\/\/vozcomoarma.noblogs.org\/files\/2016\/02\/112946784-da80a21d-e644-4ca0-889c-d763898f8e6d-300x95.jpg 300w\" sizes=\"auto, (max-width: 610px) 100vw, 610px\" \/><\/a><\/p>\n","protected":false},"excerpt":{"rendered":"<p>Una nota informativa recibida en el correo electr\u00f3nico, traducida de la web de\u00a0CNA Italia (Croce Nera Anarchica)\u00a0informa de que tres compa\u00f1erxs han sido condenadxs a 1 a\u00f1o y 10 meses de prisi\u00f3n (frente a los 6 solicitados por el fiscal) &hellip; <a href=\"https:\/\/vozcomoarma.noblogs.org\/?p=10182\">Sigue leyendo <span class=\"meta-nav\">&rarr;<\/span><\/a><\/p>\n","protected":false},"author":7045,"featured_media":0,"comment_status":"closed","ping_status":"open","sticky":false,"template":"","format":"standard","meta":{"footnotes":""},"categories":[58,267,61,9,7],"tags":[14,36,16,26,38,42,34,24,19,10,11],"class_list":["post-10182","post","type-post","status-publish","format-standard","hentry","category-acciones","category-andrea-goofy-tommy","category-noticias","category-noticias-y-comunicados","category-presxs","tag-anti-fascismo","tag-ataque-fascista","tag-guerra-social","tag-insurreccionalismo","tag-italia","tag-movimientos-sociales","tag-racismo","tag-reflexion","tag-represion","tag-sabotaje","tag-solidaridad"],"_links":{"self":[{"href":"https:\/\/vozcomoarma.noblogs.org\/index.php?rest_route=\/wp\/v2\/posts\/10182","targetHints":{"allow":["GET"]}}],"collection":[{"href":"https:\/\/vozcomoarma.noblogs.org\/index.php?rest_route=\/wp\/v2\/posts"}],"about":[{"href":"https:\/\/vozcomoarma.noblogs.org\/index.php?rest_route=\/wp\/v2\/types\/post"}],"author":[{"embeddable":true,"href":"https:\/\/vozcomoarma.noblogs.org\/index.php?rest_route=\/wp\/v2\/users\/7045"}],"replies":[{"embeddable":true,"href":"https:\/\/vozcomoarma.noblogs.org\/index.php?rest_route=%2Fwp%2Fv2%2Fcomments&post=10182"}],"version-history":[{"count":1,"href":"https:\/\/vozcomoarma.noblogs.org\/index.php?rest_route=\/wp\/v2\/posts\/10182\/revisions"}],"predecessor-version":[{"id":10185,"href":"https:\/\/vozcomoarma.noblogs.org\/index.php?rest_route=\/wp\/v2\/posts\/10182\/revisions\/10185"}],"wp:attachment":[{"href":"https:\/\/vozcomoarma.noblogs.org\/index.php?rest_route=%2Fwp%2Fv2%2Fmedia&parent=10182"}],"wp:term":[{"taxonomy":"category","embeddable":true,"href":"https:\/\/vozcomoarma.noblogs.org\/index.php?rest_route=%2Fwp%2Fv2%2Fcategories&post=10182"},{"taxonomy":"post_tag","embeddable":true,"href":"https:\/\/vozcomoarma.noblogs.org\/index.php?rest_route=%2Fwp%2Fv2%2Ftags&post=10182"}],"curies":[{"name":"wp","href":"https:\/\/api.w.org\/{rel}","templated":true}]}}