{"id":10317,"date":"2016-02-08T05:02:06","date_gmt":"2016-02-08T04:02:06","guid":{"rendered":"http:\/\/vozcomoarma.noblogs.org\/?p=10317"},"modified":"2016-02-08T07:05:43","modified_gmt":"2016-02-08T06:05:43","slug":"grecia-maderos-de-la-unidad-antiterrorista-apalean-al-companero-preso-panagiotis-aspiotis-para-extraerle-una-muestra-de-adn","status":"publish","type":"post","link":"https:\/\/vozcomoarma.noblogs.org\/?p=10317","title":{"rendered":"Grecia &#8211; Maderos de la unidad antiterrorista apalean al compa\u00f1ero preso Panagiotis Aspiotis para extraerle una muestra de ADN"},"content":{"rendered":"<p style=\"text-align: justify\">Los compa\u00f1eros de <strong>TAMEIO &#8211; Atenas (Fondo Solidario para Luchadores Prisioneros y Perseguidos)\u00a0<\/strong>emitieron el siguiente comunicado ayer, acerca de la brutal paliza que los bastardos de la unidad antiterrorista de la polic\u00eda griega (EKAM) pegaron al compa\u00f1ero Panagiotis Aspiotis, por resistirse a que le tomasen por la fuerza una muestra de ADN.<\/p>\n<p style=\"text-align: justify\">Panagiotis \u00abPanos\u00bb Aspiotis estuvo en busca y captura desde marzo de 2013, cuando se le imputaron cargos por posesi\u00f3n ilegal de armas de fuego (\u00abviolaci\u00f3n de la ley de armas\u00bb). En octubre de 2015, el compa\u00f1ero se present\u00f3 voluntariamente ante las autoridades. Fue puesto a disposici\u00f3n judicial y enviado a una prisi\u00f3n lejos de Atenas (su residencia anterior). Durante todos estos meses en la c\u00e1rcel, el compa\u00f1ero siempre se ha negado a darle a la polic\u00eda una muestra de su ADN.<\/p>\n<p style=\"text-align: justify\">Hace unos d\u00edas, el compa\u00f1ero fue informado de que le iban a trasladar desde la c\u00e1rcel de Nafplio a la prisi\u00f3n de Koridallos para su interrogatorio con el inquisidor Nikolopoulos el lunes, pero fue enga\u00f1ado y en vez de eso, el pasado s\u00e1bado, d\u00eda 6,\u00a0le llevaron a la Divisi\u00f3n de Transferencia de Prisioneros\u00a0donde permaneci\u00f3 aislado del resto de prisioneros en una celda sin c\u00e1maras de seguridad, donde varios agentes con el rostro cubierto para evitar ser identificados le pegaron una fuerte paliza para reducirle y tomarle muestra de su ADN. El compa\u00f1ero se resisti\u00f3 y la represi\u00f3n fue aun peor. Los maderos continuaron golpe\u00e1ndole en la cabeza, los ri\u00f1ones y otras partes de su cuerpo incluso despu\u00e9s de haber conseguido la muestra de ADN que quer\u00edan.<\/p>\n<p style=\"text-align: justify\">Sigue a continuaci\u00f3n el comunicado de TAMEIO, recogido y traducido a castellano desde la versi\u00f3n en ingl\u00e9s publicada en el blog <a href=\"http:\/\/actforfree.nostate.net\/?p=22506\">Act For Freedom Now!<\/a>.<\/p>\n<p style=\"text-align: justify\">\u00a1Fuerza al irreverente Panagiotis Aspiotis y a todxs lxs compa\u00f1erxs que resisten en las mazmorras griegas!<\/p>\n<p style=\"text-align: justify\">&#8212;&#8212;&#8212;&#8212;&#8212;&#8212;&#8212;&#8212;&#8212;&#8211;<\/p>\n<p style=\"text-align: justify\"><em>Hoy, 6 de febrero, nuestro compa\u00f1ero anarquista Panagiotis Aspiotis estaba destinado a ser transferido de la prisi\u00f3n de Nafplio a la de Koridallos para su interrogatorio el lunes con Eftichis Nikolopoulos. Sin embargo, fue inesperadamente llevado al centro de retenci\u00f3n en la calle Petrou Ralli donde fue aislado y conducido a un \u00e1rea sin c\u00e1maras de CCTV. Fue atacado por maderos con pasamonta\u00f1as de la unidad antiterrorista que violentamente intentaron tomarle una muestra de su ADN. Los cerdos uniformados le golpearon en la cabeza, en la caja tor\u00e1cica y en el resto de su cuerpo. Finalmente se las arreglaron para conseguir una muestra de ADN durante el segundo intento, ya que la primera vez el compa\u00f1ero se trag\u00f3 el bastoncillo de algod\u00f3n que usaron. Tras tomar su ADN, continuaron golpe\u00e1ndole en la caja tor\u00e1cica durante un largo rato, para darle ejemplo.<\/em><\/p>\n<p style=\"text-align: justify\"><em>El interrogador Eftichis Nikolopoulos, la unidad antiterrorista y el Ministerio de Justicia izquierdista son los responsables exclusivos de este ataque, y nos mantendremos firmes contra ellos. Hag\u00e1mosles saber que nada queda sin respuesta por la gente que lucha.<\/em><\/p>\n<p style=\"text-align: justify\"><em>NO OLVIDAMOS &#8211; NO PERDONAMOS<\/em><\/p>\n<p style=\"text-align: justify\"><em>FUERZA Y SOLIDARIDAD CON EL COMPA\u00d1ERO ANARQUISTA PANAGIOTIS ASPIOTIS<\/em><\/p>\n<p style=\"text-align: justify\"><em>TAMEIO &#8211; Atenas (Fondo Solidario para Luchadores Prisioneros y Perseguidos)<\/em><\/p>\n<p style=\"text-align: justify\"><a href=\"https:\/\/vozcomoarma.noblogs.org\/files\/2016\/02\/1118pod19.jpg\"><img loading=\"lazy\" decoding=\"async\" class=\"aligncenter wp-image-10318 \" src=\"https:\/\/vozcomoarma.noblogs.org\/files\/2016\/02\/1118pod19.jpg\" alt=\"\" width=\"537\" height=\"356\" srcset=\"https:\/\/vozcomoarma.noblogs.org\/files\/2016\/02\/1118pod19.jpg 959w, https:\/\/vozcomoarma.noblogs.org\/files\/2016\/02\/1118pod19-300x199.jpg 300w\" sizes=\"auto, (max-width: 537px) 100vw, 537px\" \/><\/a><\/p>\n","protected":false},"excerpt":{"rendered":"<p>Los compa\u00f1eros de TAMEIO &#8211; Atenas (Fondo Solidario para Luchadores Prisioneros y Perseguidos)\u00a0emitieron el siguiente comunicado ayer, acerca de la brutal paliza que los bastardos de la unidad antiterrorista de la polic\u00eda griega (EKAM) pegaron al compa\u00f1ero Panagiotis Aspiotis, por &hellip; <a href=\"https:\/\/vozcomoarma.noblogs.org\/?p=10317\">Sigue leyendo <span class=\"meta-nav\">&rarr;<\/span><\/a><\/p>\n","protected":false},"author":7045,"featured_media":0,"comment_status":"closed","ping_status":"open","sticky":false,"template":"","format":"standard","meta":{"footnotes":""},"categories":[61,9,263,7],"tags":[17,15,19,11,71],"class_list":["post-10317","post","type-post","status-publish","format-standard","hentry","category-noticias","category-noticias-y-comunicados","category-panagiotis-aspiotis","category-presxs","tag-carcel","tag-grecia","tag-represion","tag-solidaridad","tag-tortura"],"_links":{"self":[{"href":"https:\/\/vozcomoarma.noblogs.org\/index.php?rest_route=\/wp\/v2\/posts\/10317","targetHints":{"allow":["GET"]}}],"collection":[{"href":"https:\/\/vozcomoarma.noblogs.org\/index.php?rest_route=\/wp\/v2\/posts"}],"about":[{"href":"https:\/\/vozcomoarma.noblogs.org\/index.php?rest_route=\/wp\/v2\/types\/post"}],"author":[{"embeddable":true,"href":"https:\/\/vozcomoarma.noblogs.org\/index.php?rest_route=\/wp\/v2\/users\/7045"}],"replies":[{"embeddable":true,"href":"https:\/\/vozcomoarma.noblogs.org\/index.php?rest_route=%2Fwp%2Fv2%2Fcomments&post=10317"}],"version-history":[{"count":2,"href":"https:\/\/vozcomoarma.noblogs.org\/index.php?rest_route=\/wp\/v2\/posts\/10317\/revisions"}],"predecessor-version":[{"id":10332,"href":"https:\/\/vozcomoarma.noblogs.org\/index.php?rest_route=\/wp\/v2\/posts\/10317\/revisions\/10332"}],"wp:attachment":[{"href":"https:\/\/vozcomoarma.noblogs.org\/index.php?rest_route=%2Fwp%2Fv2%2Fmedia&parent=10317"}],"wp:term":[{"taxonomy":"category","embeddable":true,"href":"https:\/\/vozcomoarma.noblogs.org\/index.php?rest_route=%2Fwp%2Fv2%2Fcategories&post=10317"},{"taxonomy":"post_tag","embeddable":true,"href":"https:\/\/vozcomoarma.noblogs.org\/index.php?rest_route=%2Fwp%2Fv2%2Ftags&post=10317"}],"curies":[{"name":"wp","href":"https:\/\/api.w.org\/{rel}","templated":true}]}}