{"id":10425,"date":"2016-02-12T19:04:25","date_gmt":"2016-02-12T18:04:25","guid":{"rendered":"http:\/\/vozcomoarma.noblogs.org\/?p=10425"},"modified":"2016-02-12T19:04:25","modified_gmt":"2016-02-12T18:04:25","slug":"italia-ataque-explosivo-contra-tribunales-en-civitavecchia","status":"publish","type":"post","link":"https:\/\/vozcomoarma.noblogs.org\/?p=10425","title":{"rendered":"Italia &#8211; Ataque explosivo contra tribunales en Civitavecchia"},"content":{"rendered":"<p style=\"text-align: justify\">Traduzco al castellano desde la versi\u00f3n en ingl\u00e9s publicada en <a href=\"http:\/\/325.nostate.net\/?p=18851\">325<\/a>\u00a0y difundo el siguiente comunicado, reivindicando un ataque explosivo contra los juzgados de Civitavecchia, en Italia:<\/p>\n<p style=\"text-align: justify\">&#8212;&#8212;&#8212;&#8212;&#8212;&#8212;&#8212;&#8212;&#8212;&#8212;&#8212;&#8212;&#8212;&#8212;&#8212;&#8212;&#8211;<\/p>\n<p style=\"text-align: justify\"><strong><em>Mi coraz\u00f3n aborrece y desaf\u00eda<\/em><\/strong><br \/>\n<strong><em>a los poderosos de la Tierra,<\/em><\/strong><br \/>\n<strong><em>mi brazo hace la guerra al cobarde opresor.<\/em><\/strong><\/p>\n<p><strong><em>(Amor Rebelde \u2013 Pietro Gori)<\/em><\/strong><\/p>\n<p style=\"text-align: justify\"><em>Estamos viviendo en un estado de guerra global permanente, la guerra perpetua entre opresores, la conocemos y conocemos a los personajes principales y secundarios del dominio. Casi todxs lxs oprimidxs los conocen, aquellxs que sufren el poder arbitrario sobre sus vidas.<\/em><\/p>\n<p style=\"text-align: justify\"><em>Ahora estamos presenciando el paso de tanques y militares en las calles del rico y opulento Oeste, el incremento en los controles y guarniciones en defensa del orden de comercio y consumo, la militarizaci\u00f3n del territorio.<\/em><\/p>\n<p style=\"text-align: justify\"><em>Cambios que golpean hasta las mentes m\u00e1s durmientes, pero que la estrategia de control global intentar\u00e1 hacernos digerir.<\/em><\/p>\n<p style=\"text-align: justify\"><strong><em>\u00abEntre lxs explotadxs, caballeros, hay dos clases de individuxs. Aquellos de una clase, no realizando lo que son y lo que podr\u00edan ser, se toman la vida como viene, creen que nacieron para ser esclavos, y se contentan a s\u00ed mismos con lo poco que les es dado a cambio de su trabajo. Pero hay otros, por el contrario, que creen, que estudian, y que, busc\u00e1ndolas, descubren iniquidades sociales.\u00bb (Auguste Vaillant).<\/em><\/strong><\/p>\n<p style=\"text-align: justify\"><em>No somos tan miopes como para creer que esta guerra global tiene tantas caras claras y n\u00edtidas. As\u00ed como reconocemos a los enemigos de la libertad, no podemos soportar la resignaci\u00f3n y la tolerancia de aquellxs que est\u00e1n dispuestos a entregar un pedazo de sus vidas todos los d\u00edas. Es por eso que no nos enga\u00f1amos a nosotrxs mismxs con que estamos trabajando por alguna revoluci\u00f3n, vemos claramente que la \u00fanica anarqu\u00eda realizable es la que experimentamos cuando finalmente nos liberamos a nosotrxs mismxs de toda carga y decidimos atacar al poder. Una experiencia que sentimos que compartimos con compa\u00f1erxs alrededor del mundo participando en el proyecto de esparcir la semilla anarquista de la FAI \/ FRI.<\/em><\/p>\n<p style=\"text-align: justify\"><em>Esta noche plantamos esta semilla en la forma de un dispositivo explosivo colocado en una de las localizaciones clave de la represi\u00f3n del Estado a lo largo del territorio; el tribunal de Civitavecchia. Decidimos tomar nuestra libertad por nosotrxs mismxs. Hemos afilado herramientas, analizado t\u00e1cticas, porque estamos sedientxs de anarqu\u00eda, y somos impacientes.<\/em><\/p>\n<p style=\"text-align: justify\"><em>Los juzgados y las prisiones son simplemente puestos de avanzada de la dominaci\u00f3n; lugares que no son s\u00f3lo simb\u00f3licos, sino f\u00edsicos, donde el Estado y las autoridades estampan a aquellxs que no se conforman con los dictados del control global con la etiqueta de la condena, la culpa, el encarcelamiento y la exclusi\u00f3n.<\/em><\/p>\n<p style=\"text-align: justify\"><em>Mientras las puertas sagradas est\u00e1n ampliamente abiertas para extender sentimientos miserables como la misericordia y la compasi\u00f3n, nosotrxs estamos rompiendo los muros ideol\u00f3gicos y reales para permitir el odio real que nos motiva a ser reconciliadxs con el amor por una vida libre. Hoy actuamos convencidxs de que no queremos llevar las experiencias de lxs compa\u00f1erxs que hemos perdido, como aquellxs que est\u00e1n encerradxs o en fuga, en alg\u00fan antro de nuestro coraz\u00f3n, sino liberarlas, dej\u00e1ndolas armar nuestras manos, calentar nuestra carne.<\/em><\/p>\n<p style=\"text-align: justify\"><em>Es por eso que nuestro saludo va a lxs compa\u00f1erxs y prisionerxs que con su no-sumisi\u00f3n contribuyen a extender la alegre subversi\u00f3n consciente.<\/em><\/p>\n<p style=\"text-align: justify\"><em>\u00a1LIBERTAD PARA LXS PRISIONERXS ANARQUISTAS EN TODO EL MUNDO!<br \/>\n<\/em><em>\u00a1FUEGO A LAS PRISIONES! \u00a1P\u00d3LVORA NEGRA A LOS JUZGADOS!<br \/>\n<\/em><em>LARGA VIDA A LA FAI\/FRI<br \/>\n<\/em><em><br \/>\n<strong>Comit\u00e9 de pirotecnias para un a\u00f1o extraordinario, FAI\/FRI<\/strong><\/em><\/p>\n<p style=\"text-align: justify\"><a href=\"https:\/\/vozcomoarma.noblogs.org\/files\/2016\/02\/fig156.gif\"><img loading=\"lazy\" decoding=\"async\" class=\"aligncenter wp-image-10426 \" src=\"https:\/\/vozcomoarma.noblogs.org\/files\/2016\/02\/fig156-1024x697.gif\" alt=\"fig156\" width=\"606\" height=\"413\" srcset=\"https:\/\/vozcomoarma.noblogs.org\/files\/2016\/02\/fig156-1024x697.gif 1024w, https:\/\/vozcomoarma.noblogs.org\/files\/2016\/02\/fig156-300x204.gif 300w\" sizes=\"auto, (max-width: 606px) 100vw, 606px\" \/><\/a><\/p>\n","protected":false},"excerpt":{"rendered":"<p>Traduzco al castellano desde la versi\u00f3n en ingl\u00e9s publicada en 325\u00a0y difundo el siguiente comunicado, reivindicando un ataque explosivo contra los juzgados de Civitavecchia, en Italia: &#8212;&#8212;&#8212;&#8212;&#8212;&#8212;&#8212;&#8212;&#8212;&#8212;&#8212;&#8212;&#8212;&#8212;&#8212;&#8212;&#8211; Mi coraz\u00f3n aborrece y desaf\u00eda a los poderosos de la Tierra, mi brazo &hellip; <a href=\"https:\/\/vozcomoarma.noblogs.org\/?p=10425\">Sigue leyendo <span class=\"meta-nav\">&rarr;<\/span><\/a><\/p>\n","protected":false},"author":7045,"featured_media":0,"comment_status":"closed","ping_status":"open","sticky":false,"template":"","format":"standard","meta":{"footnotes":""},"categories":[58,61,9],"tags":[16,26,38,24,19,10,11],"class_list":["post-10425","post","type-post","status-publish","format-standard","hentry","category-acciones","category-noticias","category-noticias-y-comunicados","tag-guerra-social","tag-insurreccionalismo","tag-italia","tag-reflexion","tag-represion","tag-sabotaje","tag-solidaridad"],"_links":{"self":[{"href":"https:\/\/vozcomoarma.noblogs.org\/index.php?rest_route=\/wp\/v2\/posts\/10425","targetHints":{"allow":["GET"]}}],"collection":[{"href":"https:\/\/vozcomoarma.noblogs.org\/index.php?rest_route=\/wp\/v2\/posts"}],"about":[{"href":"https:\/\/vozcomoarma.noblogs.org\/index.php?rest_route=\/wp\/v2\/types\/post"}],"author":[{"embeddable":true,"href":"https:\/\/vozcomoarma.noblogs.org\/index.php?rest_route=\/wp\/v2\/users\/7045"}],"replies":[{"embeddable":true,"href":"https:\/\/vozcomoarma.noblogs.org\/index.php?rest_route=%2Fwp%2Fv2%2Fcomments&post=10425"}],"version-history":[{"count":1,"href":"https:\/\/vozcomoarma.noblogs.org\/index.php?rest_route=\/wp\/v2\/posts\/10425\/revisions"}],"predecessor-version":[{"id":10427,"href":"https:\/\/vozcomoarma.noblogs.org\/index.php?rest_route=\/wp\/v2\/posts\/10425\/revisions\/10427"}],"wp:attachment":[{"href":"https:\/\/vozcomoarma.noblogs.org\/index.php?rest_route=%2Fwp%2Fv2%2Fmedia&parent=10425"}],"wp:term":[{"taxonomy":"category","embeddable":true,"href":"https:\/\/vozcomoarma.noblogs.org\/index.php?rest_route=%2Fwp%2Fv2%2Fcategories&post=10425"},{"taxonomy":"post_tag","embeddable":true,"href":"https:\/\/vozcomoarma.noblogs.org\/index.php?rest_route=%2Fwp%2Fv2%2Ftags&post=10425"}],"curies":[{"name":"wp","href":"https:\/\/api.w.org\/{rel}","templated":true}]}}