{"id":10526,"date":"2016-02-15T18:51:27","date_gmt":"2016-02-15T17:51:27","guid":{"rendered":"http:\/\/vozcomoarma.noblogs.org\/?p=10526"},"modified":"2016-02-15T18:51:27","modified_gmt":"2016-02-15T17:51:27","slug":"uruguay-del-22-al-28-de-febrero-solidaridad-internacional-con-el-centro-social-autonomo-la-solidaria-montevideo","status":"publish","type":"post","link":"https:\/\/vozcomoarma.noblogs.org\/?p=10526","title":{"rendered":"Uruguay &#8211; Del 22 al 28 de febrero, solidaridad internacional con el Centro Social Aut\u00f3nomo La Solidaria (Montevideo)"},"content":{"rendered":"<p dir=\"ltr\" style=\"text-align: justify\">Recibo en el correo electr\u00f3nico, de la mano de lxs compas del <a href=\"https:\/\/periodicoanarquia.wordpress.com\/2016\/02\/04\/22-al-28-de-febrero-semana-internacional-de-agitacion-con-el-centro-social-autonomo-la-solidaria\/\">peri\u00f3dico Anarqu\u00eda<\/a>, el siguiente llamado a una semana (22-28 de febrero) de solidaridad\u00a0internacional con el Centro Social Aut\u00f3nomo La Solidaria de Montevideo, Uruguay, que se enfrenta al desalojo tras m\u00e1s de 3 a\u00f1os de autogesti\u00f3n, lucha social y proyectos contribuyendo a socavar las bases podridas de este mundo.<\/p>\n<p dir=\"ltr\" style=\"text-align: justify\">&#8212;&#8212;&#8212;&#8212;&#8212;&#8212;&#8212;&#8212;&#8212;&#8212;-<\/p>\n<p id=\"yiv7295941214yui_3_16_0_1_1455478241958_8816\" dir=\"ltr\" style=\"text-align: justify\"><em>La Solidaria es un centro social aut\u00f3nomo que funciona desde el a\u00f1o 2012, cuando el local fue okupado para construir un espacio que sirviera como una herramienta m\u00e1s para la pr\u00e1ctica de nuestra propia autonom\u00eda y el desarrollo de la lucha social.<\/em><\/p>\n<p dir=\"ltr\" style=\"text-align: justify\"><em>A finales de octubre del pasado a\u00f1o lleg\u00f3 el cedul\u00f3n de desalojo instando a abandonar el lugar pero igual que cuando lo intentaron en el 2013 no les ser\u00e1 tan f\u00e1cil\u2026<\/em><\/p>\n<p dir=\"ltr\" style=\"text-align: justify\"><em>Hemos defendido y defenderemos el local no como el espacio edilicio sino porque desde all\u00ed potenciamos c\u00f3digos y valores opuestos a los que imponen las relaciones mediadas por el Estado y el Capital, para potenciar otro tipo de relacionamiento basado en la solidaridad, la autogesti\u00f3n, la horizontalidad y la acci\u00f3n directa. Nos consideramos parte de la conflictividad social, parte de proyectos m\u00e1s amplios para transformar la realidad, acabar con el mundo basado en el dinero y crear un mundo basado en la solidaridad y la libertad.<\/em><\/p>\n<p dir=\"ltr\" style=\"text-align: justify\"><em>La prensa ya le est\u00e1 haciendo los mandados al Estado y a los especuladores que han comprado la casa preparando el terreno para el desalojo. Nos encontramos en momentos decisivos, a lo largo de la \u00faltima semana de febrero estar\u00e1n tomando una decisi\u00f3n al respecto del desalojo. Es por eso que llamamos a una semana de acciones en solidaridad con el espacio, una semana de agitaci\u00f3n contra el desalojo del centro social aut\u00f3nomo La Solidaria.<\/em><\/p>\n<p dir=\"ltr\" style=\"text-align: justify\"><em>Cada golpe nos reafirma en nuestro camino y nos hace m\u00e1s fuertes. Contra las amenazas de desalojo: \u00a1M\u00e1s resistencia y m\u00e1s acci\u00f3n! La solidaridad no conoce fronteras, \u00a1que saquen sus manos de nuestros centros sociales!<\/em><\/p>\n<p id=\"yiv7295941214yui_3_16_0_1_1455478241958_8826\" dir=\"ltr\" style=\"text-align: justify\"><strong><em>Asamblea del centro social aut\u00f3nomo La Solidaria.<\/em><\/strong><br id=\"yiv7295941214yui_3_16_0_1_1455478241958_8830\" class=\"\" \/><strong><em>lasolidaria@<span id=\"yiv7295941214yui_3_16_0_1_1455478241958_8834\" class=\"\">mail.com<\/span><\/em><\/strong><\/p>\n<p dir=\"ltr\" style=\"text-align: justify\"><a href=\"https:\/\/vozcomoarma.noblogs.org\/files\/2016\/02\/22_28_espa\u00f1ol.png\"><img loading=\"lazy\" decoding=\"async\" class=\"aligncenter wp-image-10527 \" src=\"https:\/\/vozcomoarma.noblogs.org\/files\/2016\/02\/22_28_espa\u00f1ol-1024x820.png\" alt=\"22_28_espa\u00f1ol\" width=\"538\" height=\"430\" srcset=\"https:\/\/vozcomoarma.noblogs.org\/files\/2016\/02\/22_28_espa\u00f1ol-1024x820.png 1024w, https:\/\/vozcomoarma.noblogs.org\/files\/2016\/02\/22_28_espa\u00f1ol-450x360.png 450w, https:\/\/vozcomoarma.noblogs.org\/files\/2016\/02\/22_28_espa\u00f1ol-300x240.png 300w\" sizes=\"auto, (max-width: 538px) 100vw, 538px\" \/><\/a><\/p>\n","protected":false},"excerpt":{"rendered":"<p>Recibo en el correo electr\u00f3nico, de la mano de lxs compas del peri\u00f3dico Anarqu\u00eda, el siguiente llamado a una semana (22-28 de febrero) de solidaridad\u00a0internacional con el Centro Social Aut\u00f3nomo La Solidaria de Montevideo, Uruguay, que se enfrenta al desalojo &hellip; <a href=\"https:\/\/vozcomoarma.noblogs.org\/?p=10526\">Sigue leyendo <span class=\"meta-nav\">&rarr;<\/span><\/a><\/p>\n","protected":false},"author":7045,"featured_media":0,"comment_status":"closed","ping_status":"open","sticky":false,"template":"","format":"standard","meta":{"footnotes":""},"categories":[1],"tags":[62,40,16,42,37,24,19,11,87],"class_list":["post-10526","post","type-post","status-publish","format-standard","hentry","category-general","tag-desalojo","tag-especulacion","tag-guerra-social","tag-movimientos-sociales","tag-okupacion","tag-reflexion","tag-represion","tag-solidaridad","tag-uruguay"],"_links":{"self":[{"href":"https:\/\/vozcomoarma.noblogs.org\/index.php?rest_route=\/wp\/v2\/posts\/10526","targetHints":{"allow":["GET"]}}],"collection":[{"href":"https:\/\/vozcomoarma.noblogs.org\/index.php?rest_route=\/wp\/v2\/posts"}],"about":[{"href":"https:\/\/vozcomoarma.noblogs.org\/index.php?rest_route=\/wp\/v2\/types\/post"}],"author":[{"embeddable":true,"href":"https:\/\/vozcomoarma.noblogs.org\/index.php?rest_route=\/wp\/v2\/users\/7045"}],"replies":[{"embeddable":true,"href":"https:\/\/vozcomoarma.noblogs.org\/index.php?rest_route=%2Fwp%2Fv2%2Fcomments&post=10526"}],"version-history":[{"count":1,"href":"https:\/\/vozcomoarma.noblogs.org\/index.php?rest_route=\/wp\/v2\/posts\/10526\/revisions"}],"predecessor-version":[{"id":10528,"href":"https:\/\/vozcomoarma.noblogs.org\/index.php?rest_route=\/wp\/v2\/posts\/10526\/revisions\/10528"}],"wp:attachment":[{"href":"https:\/\/vozcomoarma.noblogs.org\/index.php?rest_route=%2Fwp%2Fv2%2Fmedia&parent=10526"}],"wp:term":[{"taxonomy":"category","embeddable":true,"href":"https:\/\/vozcomoarma.noblogs.org\/index.php?rest_route=%2Fwp%2Fv2%2Fcategories&post=10526"},{"taxonomy":"post_tag","embeddable":true,"href":"https:\/\/vozcomoarma.noblogs.org\/index.php?rest_route=%2Fwp%2Fv2%2Ftags&post=10526"}],"curies":[{"name":"wp","href":"https:\/\/api.w.org\/{rel}","templated":true}]}}