{"id":10545,"date":"2016-02-19T11:18:52","date_gmt":"2016-02-19T10:18:52","guid":{"rendered":"http:\/\/vozcomoarma.noblogs.org\/?p=10545"},"modified":"2016-02-19T12:25:44","modified_gmt":"2016-02-19T11:25:44","slug":"libro-chilegrecia-version-digital-del-libro-nuestro-dia-llegara-ante-el-juicio-por-el-intento-de-fuga-de-ccf","status":"publish","type":"post","link":"https:\/\/vozcomoarma.noblogs.org\/?p=10545","title":{"rendered":"[Libro] Chile\/Grecia &#8211; Versi\u00f3n digital del libro \u00abNuestro D\u00eda Llegar\u00e1\u00bb ante el juicio por el intento de fuga de CCF"},"content":{"rendered":"<p style=\"text-align: justify\">Lxs compas de Sin Banderas Ni Fronteras (Chile) editaron hace unos meses el libro \u00abNuestro d\u00eda llegar\u00e1\u00bb, recopilando informaciones y comunicados alrededor del intento frustrado de fuga de la c\u00e1rcel de Koridallos planeado por lxs compa\u00f1erxs de la Conspiraci\u00f3n de las C\u00e9lulas del Fuego.<\/p>\n<p style=\"text-align: justify\">Ahora, 6 meses despu\u00e9s, lxs compa\u00f1erxs de SBNF se han decidido a difundir la versi\u00f3n digital del libro, en PDF, como contribuci\u00f3n a la solidaridad y a la difusi\u00f3n de cara al pr\u00f3ximo juicio que tendr\u00e1 lugar por este caso, y que se iba a celebrar el 15 de febrero pero <a href=\"https:\/\/vozcomoarma.noblogs.org\/?p=10565\">finalmente fue aplazado hasta el pr\u00f3ximo d\u00eda 22<\/a>.<\/p>\n<p style=\"text-align: justify\">\u00a1Fuerza a lxs compa\u00f1erxs de la Conspiraci\u00f3n de las C\u00e9lulas del Fuego!<br \/>\n\u00a1Fuerza a la compa\u00f1era c\u00f3mplice Angeliki Spyropoulou, quien sac\u00f3 recientemente un comunicado reafirmando su apoyo a lxs compa\u00f1erxs de la CCF y negando cualquier arrepentimiento por su participaci\u00f3n en el plan de fuga frustrado!<br \/>\n\u00a1Absoluci\u00f3n total para Athena Tsakalou, Evi Statiri y Christos Polidoros, familiares de los compa\u00f1eros! \u00a1Contra la criminalizaci\u00f3n de los lazos familiares y de amistad!<\/p>\n<p style=\"text-align: justify\">&#8212;&#8212;&#8212;&#8212;&#8212;&#8212;&#8212;&#8212;&#8212;&#8212;&#8212;&#8212;&#8212;&#8212;<\/p>\n<p style=\"text-align: justify\"><em>Luego de 6 meses de difusion de este libro s\u00f3lo en formato impreso, lo dejamos a disposici\u00f3n de todxs en formato digital, como gesto y llamado de solidaridad insurrecta ante el inicio del juicio por el intento de escape de lxs compa\u00f1erxs de Conspiraci\u00f3n de Celulas del Fuego, el cual tiene fecha de inicio para el d\u00eda 22 de febrero. En este nuevo juicio tambi\u00e9n se encuentran procesadxs Athena Tsakalou, madre de los compa\u00f1eros Christos y Gerasimos Tskalos; Evi Statitiri, compa\u00f1era amorosa de Gerasimos; y Christos Polidoros, hermano del compa\u00f1ero Giorgos Polidoros. <\/em><\/p>\n<p style=\"text-align: justify\"><em>No es f\u00e1cil hablar de todo lo desencadenado a comienzos de 2015 tras la detenci\u00f3n del pr\u00f3fugo Christos Xiros, con el descubrimiento de un plan de fuga para escapar\u00a0 de\u00a0 la\u00a0 prisi\u00f3n de Koridallos por parte de lxs compa\u00f1erxs de Conspiraci\u00f3n de C\u00e9lulas del Fuego; luego, la posterior cacer\u00eda humana contra la compa\u00f1era Aggeliki Spyropoulo y su posterior detenci\u00f3n junto a familiares y amigxs de lxs compa\u00f1erxs en prisi\u00f3n, y por \u00faltimo, la huelga de hambre de\u00a0m\u00e1s de 30 d\u00edas que realizaron poniendo en riesgo su salud y su propia vida.<\/em><\/p>\n<p style=\"text-align: justify\"><em>\u00bfPor qu\u00e9 editar y difundir este libro entonces? La respuesta la encontramos m\u00e1s all\u00e1 de los acontecimientos puntuales que aqu\u00ed se relatan. Se encuentra en la afinidad que muchxs tenemos con lxs miembrxs encarceladxs de Conspiraci\u00f3n de C\u00e9lulas del Fuego, compartiendo una misma postura de confrontaci\u00f3n con el poder junto a tantxs compa\u00f1erxs alrededor del mundo a quienes nunca hemos visto su rostro pero nos reconocemos mir\u00e1ndonos a los ojos en la lucha por nuestra libertad.<\/em><\/p>\n<p style=\"text-align: justify\"><em>Aun m\u00e1s, en el caso de Conspiraci\u00f3n de C\u00e9lulas del Fuego no se trata solamente de\u00a0 compa\u00f1erxs con quienes cruzamos miradas y caminos sino tambi\u00e9n de un sentimiento de hermandad y complicidad por transitar el mismo sendero de la Anarqu\u00eda Negra, esa que forjamos cada d\u00eda con la negaci\u00f3n del mundo de la autoridad y su sociedad a trav\u00e9s de la praxis insurreccional contra toda forma de poder.<\/em><\/p>\n<p style=\"text-align: justify\"><em>Ese sentir se ha ido alimentando desde nuestro conocimiento de los primeros comunicados y acciones de lxs compa\u00f1erxs, pasando por sus\u00a0 arrestos, conociendo su actitud insumisa en prisi\u00f3n, sus primeras huelgas de hambre, sus aportes a la lucha desde las c\u00e1rceles griegas, hasta los recientes acontecimientos que aparecen en este libro. <\/em><\/p>\n<p style=\"text-align: justify\"><em>As\u00ed con los a\u00f1os hemos sido muchxs lxs compa\u00f1erxs que hemos recogido tensiones y experiencias que han potenciado nuestras propias convicciones llevadas a la pr\u00e1ctica.<\/em><\/p>\n<p style=\"text-align: justify\"><em>Junto con solidarizar con lxs compa\u00f1erxs y sus familiares procesadxs, nos interesa que estas experiencias, la del intento de fuga y la posterior huelga de hambre, se propaguen como expresi\u00f3n de la capacidad an\u00e1rquica de construir nuestra ofensiva de manera aut\u00f3noma y como defensa y difusi\u00f3n de la actitud indomable ante las embestidas del poder que nos llevan a afirmar que LA LUCHA ES EL \u00daNICO CAMINO.<\/em><\/p>\n<p style=\"text-align: justify\"><em>Portada: <a href=\"https:\/\/vozcomoarma.noblogs.org\/files\/2016\/02\/Nuestro-d\u00eda-llegar\u00e1-portada.pdf\">Aqu\u00ed<\/a><\/em><br \/>\n<em>Libro:\u00a0<a href=\"https:\/\/vozcomoarma.noblogs.org\/files\/2016\/02\/Nuestro-D\u00eda-Llegar\u00e1-libro.pdf\">Aqu\u00ed<\/a> <\/em><\/p>\n<p style=\"text-align: justify\"><strong><em>Sin Banderas Ni Fronteras, <\/em><\/strong><br \/>\n<strong><em>n\u00facleo de agitaci\u00f3n antiautoritaria. <\/em><\/strong><br \/>\n<strong><em>Chile, Febrero 2016.<\/em> <\/strong><\/p>\n<p style=\"text-align: justify\"><a href=\"https:\/\/vozcomoarma.noblogs.org\/files\/2016\/02\/Sin-t\u00edtulo.png\"><img loading=\"lazy\" decoding=\"async\" class=\"aligncenter wp-image-10552 size-full\" src=\"https:\/\/vozcomoarma.noblogs.org\/files\/2016\/02\/Sin-t\u00edtulo.png\" alt=\"Sin t\u00edtulo\" width=\"371\" height=\"582\" srcset=\"https:\/\/vozcomoarma.noblogs.org\/files\/2016\/02\/Sin-t\u00edtulo.png 371w, https:\/\/vozcomoarma.noblogs.org\/files\/2016\/02\/Sin-t\u00edtulo-191x300.png 191w\" sizes=\"auto, (max-width: 371px) 100vw, 371px\" \/><\/a><\/p>\n","protected":false},"excerpt":{"rendered":"<p>Lxs compas de Sin Banderas Ni Fronteras (Chile) editaron hace unos meses el libro \u00abNuestro d\u00eda llegar\u00e1\u00bb, recopilando informaciones y comunicados alrededor del intento frustrado de fuga de la c\u00e1rcel de Koridallos planeado por lxs compa\u00f1erxs de la Conspiraci\u00f3n de &hellip; <a href=\"https:\/\/vozcomoarma.noblogs.org\/?p=10545\">Sigue leyendo <span class=\"meta-nav\">&rarr;<\/span><\/a><\/p>\n","protected":false},"author":7045,"featured_media":0,"comment_status":"closed","ping_status":"open","sticky":false,"template":"","format":"standard","meta":{"footnotes":""},"categories":[58,202,61,9,7,33],"tags":[15,16,26,24,19,11,71],"class_list":["post-10545","post","type-post","status-publish","format-standard","hentry","category-acciones","category-angeliki-spyropoulou","category-noticias","category-noticias-y-comunicados","category-presxs","category-presxs-de-la-conspiracion-de-celulas-del-fuego-presxs","tag-grecia","tag-guerra-social","tag-insurreccionalismo","tag-reflexion","tag-represion","tag-solidaridad","tag-tortura"],"_links":{"self":[{"href":"https:\/\/vozcomoarma.noblogs.org\/index.php?rest_route=\/wp\/v2\/posts\/10545","targetHints":{"allow":["GET"]}}],"collection":[{"href":"https:\/\/vozcomoarma.noblogs.org\/index.php?rest_route=\/wp\/v2\/posts"}],"about":[{"href":"https:\/\/vozcomoarma.noblogs.org\/index.php?rest_route=\/wp\/v2\/types\/post"}],"author":[{"embeddable":true,"href":"https:\/\/vozcomoarma.noblogs.org\/index.php?rest_route=\/wp\/v2\/users\/7045"}],"replies":[{"embeddable":true,"href":"https:\/\/vozcomoarma.noblogs.org\/index.php?rest_route=%2Fwp%2Fv2%2Fcomments&post=10545"}],"version-history":[{"count":5,"href":"https:\/\/vozcomoarma.noblogs.org\/index.php?rest_route=\/wp\/v2\/posts\/10545\/revisions"}],"predecessor-version":[{"id":10570,"href":"https:\/\/vozcomoarma.noblogs.org\/index.php?rest_route=\/wp\/v2\/posts\/10545\/revisions\/10570"}],"wp:attachment":[{"href":"https:\/\/vozcomoarma.noblogs.org\/index.php?rest_route=%2Fwp%2Fv2%2Fmedia&parent=10545"}],"wp:term":[{"taxonomy":"category","embeddable":true,"href":"https:\/\/vozcomoarma.noblogs.org\/index.php?rest_route=%2Fwp%2Fv2%2Fcategories&post=10545"},{"taxonomy":"post_tag","embeddable":true,"href":"https:\/\/vozcomoarma.noblogs.org\/index.php?rest_route=%2Fwp%2Fv2%2Ftags&post=10545"}],"curies":[{"name":"wp","href":"https:\/\/api.w.org\/{rel}","templated":true}]}}