{"id":10559,"date":"2016-02-19T12:20:45","date_gmt":"2016-02-19T11:20:45","guid":{"rendered":"http:\/\/vozcomoarma.noblogs.org\/?p=10559"},"modified":"2016-02-19T12:21:12","modified_gmt":"2016-02-19T11:21:12","slug":"10559","status":"publish","type":"post","link":"https:\/\/vozcomoarma.noblogs.org\/?p=10559","title":{"rendered":"Jornadas contra el Mobile World Congress en Karcelona"},"content":{"rendered":"<p class=\"yiv8582903381MsoNormal\" style=\"text-align: justify\">De cara a la celebraci\u00f3n en Barcelona del Mobile World Congress, macroevento para que las multinacionales del sector de la telefon\u00eda m\u00f3vil y las nuevas tecnolog\u00edas inteligentes puedan promocionar sus \u00faltimos productos y continuar afianzando su dominio sobre la realidad circundante plag\u00e1ndola de dispositivos y nuevos ingenios para el control social y la vigilancia, se han organizado las siguientes jornadas, cuya informaci\u00f3n recibo en el correo electr\u00f3nico y difundo:<\/p>\n<p class=\"yiv8582903381MsoNormal\" style=\"text-align: justify\">&#8212;&#8212;&#8212;&#8212;&#8212;&#8212;&#8212;&#8212;&#8212;&#8212;&#8212;&#8212;&#8212;&#8212;&#8212;&#8212;&#8211;<\/p>\n<p class=\"yiv8582903381MsoNormal\" style=\"text-align: justify\"><em>Los 15 millones de dinero p\u00fablico que se destinan a este acontecimiento, el despliegue de m\u00e1s de 3.000 agentes de polic\u00eda, la construcci\u00f3n de la l\u00ednea L9 del metro y las rebajas fiscales para los congresistas son s\u00f3lo algunos de los ejemplos de la alianza de los poderes locales con las multinacionales y toda clase de explotadores.<\/em><\/p>\n<p class=\"yiv8582903381MsoNormal\" style=\"text-align: justify\"><em>El futuro controlado (Smart City, Smartphone, bigdata\u2026) que nos dise\u00f1a el Mobile World Congress apunta hacia la trazabilidad y el registro de todo movimiento humano. Se crean formas de dominaci\u00f3n cada vez mejores tanto en el \u00e1mbito laboral como en la propia vida personal.<\/em><\/p>\n<p id=\"yui_3_16_0_1_1455662076976_17315\" class=\"yiv8582903381MsoNormal\" style=\"text-align: justify\"><em><b>19-20-21 de febrero Jornadas Anti Mobile Congress.<\/b><\/em><\/p>\n<p class=\"yiv8582903381MsoNormal\" style=\"text-align: justify\"><em><b>Viernes 19<\/b><\/em><\/p>\n<p class=\"yiv8582903381MsoNormal\" style=\"text-align: justify\"><em>18 Charla \u201cDesmontando el MWC\u201d<\/em><br \/>\n<em>Oca Negra: Asamblea libertaria del Clot-Camp de l\u2019Arpa.<\/em><br \/>\n<em><span id=\"yui_3_16_0_1_1455662076976_17310\"><br \/>\n19:30 Charla \u201cLa precariedad laboral de los trabajadores de Telef\u00f3nica\u201d<br \/>\n<\/span><span id=\"yui_3_16_0_1_1455662076976_17308\">Un miembro de la Marea Blava.<br \/>\n<\/span><b><\/b><\/em><\/p>\n<p class=\"yiv8582903381MsoNormal\" style=\"text-align: justify\"><em><b>S\u00e1bado 20.<\/b><\/em><\/p>\n<p class=\"yiv8582903381MsoNormal\" style=\"text-align: justify\"><em>12 Paseo de observaci\u00f3n del control social, videovigilancia y Smart city + Charla sobre tecnolog\u00edas smart.<\/em><br \/>\n<em>Negre i Verd<\/em><\/p>\n<p class=\"yiv8582903381MsoNormal\" style=\"text-align: justify\"><em>15 Comida solidaria para financiar el proyecto \u201cCorrescales de los trabajadores de Movistar\u201d.<\/em><br \/>\n<em>Heura Negra: Assemblea llibertaria de Vallcarca<\/em><\/p>\n<p><em>18 Charla \u201cEl papel de las nuevas tecnolog\u00edas en los \u00faltimos casos represivos\u201d<\/em><br \/>\n<em>Oca Negra: Asamblea libertaria del Clot-Camp de l\u2019Arpa.<\/em><\/p>\n<p class=\"yiv8582903381MsoNormal\" style=\"text-align: justify\"><em>19:30 Presentaci\u00f3n del proyecto Singuasa (un WhatsApp alternativo).<\/em><br \/>\n<em>Miembros del Sindicato de Trabajadores de Servicios Inform\u00e1ticos de Madrid.<\/em><\/p>\n<p class=\"yiv8582903381MsoNormal\" style=\"text-align: justify\"><em>19:30 Introducci\u00f3n te\u00f3rica al hacktivismo + Taller pr\u00e1ctico.<\/em><br \/>\n<em>19:30 Taller de autodefensa digital (comunicaci\u00f3n cifrada mediante correo electr\u00f3nico).<\/em><\/p>\n<p class=\"yiv8582903381MsoNormal\" style=\"text-align: justify\"><em>A continuaci\u00f3n cena solidaria Col\u00b7lectiu vega \u00abVerde que te cocino verde\u00bb<b><\/b><\/em><\/p>\n<p><b>Domingo 21<\/b><\/p>\n<p class=\"yiv8582903381MsoNormal\" style=\"text-align: justify\"><em>12 Charla \u201cSmartphones, Internet y Movimientos Sociales\u201d<\/em><br \/>\n<em>Col\u00b7lectiu contra el domini tecnol\u00f2gic \u00abLes Hienes\u00bb<\/em><\/p>\n<p class=\"yiv8582903381MsoNormal\" style=\"text-align: justify\"><em>14h Comida Vermut<\/em><br \/>\n<em>Les Hienes i l&#8217;Oca Negra<\/em><\/p>\n<p class=\"yiv8582903381MsoNormal\" style=\"text-align: justify\"><em>16:30 Teatro en la plaza M\u00e1laga.<\/em><\/p>\n<p class=\"yiv8582903381MsoNormal\" style=\"text-align: justify\"><em><span id=\"yiv8582903381yui_3_16_0_1_1455662076976_3218\">Todo en Ateneu Llibertari de Sants<br \/>\nCarrer Maria Vict\u00f2ria 10,<br \/>\n(Metro Pla\u00e7a de Sants L5)<\/span><span id=\"yiv8582903381yui_3_16_0_1_1455662076976_3216\">\u00a0<\/span><\/em><\/p>\n<p class=\"yiv8582903381MsoNormal\" style=\"text-align: justify\"><strong><em>Mira tambi\u00e9n:\u00a0<a href=\"http:\/\/antimwc.alscarrers.org\/\" target=\"_blank\" rel=\"nofollow\">http:\/\/antimwc.alscarrers.org\/<\/a><\/em><\/strong><\/p>\n<p class=\"yiv8582903381MsoNormal\" style=\"text-align: justify\"><a href=\"https:\/\/vozcomoarma.noblogs.org\/files\/2016\/02\/Cartell.jpg\"><img loading=\"lazy\" decoding=\"async\" class=\"aligncenter wp-image-10561 size-large\" src=\"https:\/\/vozcomoarma.noblogs.org\/files\/2016\/02\/Cartell-363x1024.jpg\" alt=\"Cartell\" width=\"363\" height=\"1024\" srcset=\"https:\/\/vozcomoarma.noblogs.org\/files\/2016\/02\/Cartell-363x1024.jpg 363w, https:\/\/vozcomoarma.noblogs.org\/files\/2016\/02\/Cartell-106x300.jpg 106w, https:\/\/vozcomoarma.noblogs.org\/files\/2016\/02\/Cartell.jpg 568w\" sizes=\"auto, (max-width: 363px) 100vw, 363px\" \/><\/a><\/p>\n","protected":false},"excerpt":{"rendered":"<p>De cara a la celebraci\u00f3n en Barcelona del Mobile World Congress, macroevento para que las multinacionales del sector de la telefon\u00eda m\u00f3vil y las nuevas tecnolog\u00edas inteligentes puedan promocionar sus \u00faltimos productos y continuar afianzando su dominio sobre la realidad &hellip; <a href=\"https:\/\/vozcomoarma.noblogs.org\/?p=10559\">Sigue leyendo <span class=\"meta-nav\">&rarr;<\/span><\/a><\/p>\n","protected":false},"author":7045,"featured_media":0,"comment_status":"closed","ping_status":"open","sticky":false,"template":"","format":"standard","meta":{"footnotes":""},"categories":[59,61,9],"tags":[47,107,48,30,40,16,42,24,19],"class_list":["post-10559","post","type-post","status-publish","format-standard","hentry","category-convocatorias","category-noticias","category-noticias-y-comunicados","tag-anti-desarrollismo","tag-barcelona","tag-cataluna","tag-critica-anti-industrial","tag-especulacion","tag-guerra-social","tag-movimientos-sociales","tag-reflexion","tag-represion"],"_links":{"self":[{"href":"https:\/\/vozcomoarma.noblogs.org\/index.php?rest_route=\/wp\/v2\/posts\/10559","targetHints":{"allow":["GET"]}}],"collection":[{"href":"https:\/\/vozcomoarma.noblogs.org\/index.php?rest_route=\/wp\/v2\/posts"}],"about":[{"href":"https:\/\/vozcomoarma.noblogs.org\/index.php?rest_route=\/wp\/v2\/types\/post"}],"author":[{"embeddable":true,"href":"https:\/\/vozcomoarma.noblogs.org\/index.php?rest_route=\/wp\/v2\/users\/7045"}],"replies":[{"embeddable":true,"href":"https:\/\/vozcomoarma.noblogs.org\/index.php?rest_route=%2Fwp%2Fv2%2Fcomments&post=10559"}],"version-history":[{"count":2,"href":"https:\/\/vozcomoarma.noblogs.org\/index.php?rest_route=\/wp\/v2\/posts\/10559\/revisions"}],"predecessor-version":[{"id":10563,"href":"https:\/\/vozcomoarma.noblogs.org\/index.php?rest_route=\/wp\/v2\/posts\/10559\/revisions\/10563"}],"wp:attachment":[{"href":"https:\/\/vozcomoarma.noblogs.org\/index.php?rest_route=%2Fwp%2Fv2%2Fmedia&parent=10559"}],"wp:term":[{"taxonomy":"category","embeddable":true,"href":"https:\/\/vozcomoarma.noblogs.org\/index.php?rest_route=%2Fwp%2Fv2%2Fcategories&post=10559"},{"taxonomy":"post_tag","embeddable":true,"href":"https:\/\/vozcomoarma.noblogs.org\/index.php?rest_route=%2Fwp%2Fv2%2Ftags&post=10559"}],"curies":[{"name":"wp","href":"https:\/\/api.w.org\/{rel}","templated":true}]}}