{"id":10577,"date":"2016-02-19T12:59:35","date_gmt":"2016-02-19T11:59:35","guid":{"rendered":"http:\/\/vozcomoarma.noblogs.org\/?p=10577"},"modified":"2016-02-19T12:59:35","modified_gmt":"2016-02-19T11:59:35","slug":"chile-dictada-sentencia-de-companero-menor-de-edad-detenido-en-enfrentamientos-callejeros-contra-la-policia","status":"publish","type":"post","link":"https:\/\/vozcomoarma.noblogs.org\/?p=10577","title":{"rendered":"Chile &#8211; Dictada sentencia de compa\u00f1ero menor de edad detenido en enfrentamientos callejeros contra la polic\u00eda"},"content":{"rendered":"<p style=\"text-align: justify\">A continuaci\u00f3n, sigue una noticia tomada de <a href=\"https:\/\/publicacionrefractario.wordpress.com\/2016\/02\/14\/condena-contra-compa-menor-de-edad-por-lucha-callejera\/\">Publicaci\u00f3n Refractario<\/a>\u00a0sobre la sentencia dictada recientemente contra un compa\u00f1ero menor de edad, que fue detenido el 14 de julio de 2015 durante unos enfrentamientos con la polic\u00eda desatados a las afueras del Ex-Pedag\u00f3gico, cuando encapuchadxs cortaron el tr\u00e1nsito con una barricada en llamas y esperaron a la polic\u00eda, para recibirles lanzando piedras y c\u00f3cteles molotov una vez los represores aparecieron.<\/p>\n<p style=\"text-align: justify\">El compa\u00f1ero fue puesto en arresto domiciliario tras pasaron unos d\u00edas encarcelado en el SENAME (c\u00e1rcel de menores). Ahora, se le han impuesto 540 d\u00edas de libertad vigilada junto a 30 horas de trabajos comunitarios.<\/p>\n<p style=\"text-align: justify\">&#8212;&#8212;&#8212;&#8212;&#8212;&#8212;&#8212;&#8212;&#8212;&#8212;&#8212;&#8212;&#8212;<\/p>\n<p style=\"text-align: justify\"><em>El 14 de Julio del 2015 <a href=\"https:\/\/publicacionrefractario.wordpress.com\/2015\/07\/18\/compa-queda-recluido-en-carcel-de-menores-tras-disturbios-en-el-ex-pedagogico\/\">es detenido un compa\u00f1ero menor de edad<\/a> a las afueras del Ex Pedagogico tras enfrentamientos con la polic\u00eda. El compa, estudiante del Liceo Manuel Barros Borgo\u00f1o es formalizaod por porte de bomba incendiaria y tras permanecer algunos d\u00edas en una c\u00e1rcel de menores (SENAME) posteriormente consigue acceder a arresto domiciliario.<span id=\"more-10180\"><\/span><\/em><\/p>\n<p style=\"text-align: justify\"><em>Finalmente en Febrero del 2016 es condenado a 540 d\u00edas de libertad vigilada y 30 horas de trabajo comunitario.<\/em><\/p>\n<p style=\"text-align: justify\"><em><strong>\u00a1A la kalle todxs lxs presxs de la lucha callejera!<\/strong><\/em><\/p>\n<p style=\"text-align: justify\"><a href=\"https:\/\/vozcomoarma.noblogs.org\/files\/2016\/02\/encapuchadomolotov.jpg\"><img loading=\"lazy\" decoding=\"async\" class=\"aligncenter wp-image-10578 size-full\" src=\"https:\/\/vozcomoarma.noblogs.org\/files\/2016\/02\/encapuchadomolotov.jpg\" alt=\"encapuchadomolotov\" width=\"960\" height=\"637\" srcset=\"https:\/\/vozcomoarma.noblogs.org\/files\/2016\/02\/encapuchadomolotov.jpg 960w, https:\/\/vozcomoarma.noblogs.org\/files\/2016\/02\/encapuchadomolotov-300x199.jpg 300w\" sizes=\"auto, (max-width: 960px) 100vw, 960px\" \/><\/a><\/p>\n<p>&nbsp;<\/p>\n","protected":false},"excerpt":{"rendered":"<p>A continuaci\u00f3n, sigue una noticia tomada de Publicaci\u00f3n Refractario\u00a0sobre la sentencia dictada recientemente contra un compa\u00f1ero menor de edad, que fue detenido el 14 de julio de 2015 durante unos enfrentamientos con la polic\u00eda desatados a las afueras del Ex-Pedag\u00f3gico, &hellip; <a href=\"https:\/\/vozcomoarma.noblogs.org\/?p=10577\">Sigue leyendo <span class=\"meta-nav\">&rarr;<\/span><\/a><\/p>\n","protected":false},"author":7045,"featured_media":0,"comment_status":"closed","ping_status":"open","sticky":false,"template":"","format":"standard","meta":{"footnotes":""},"categories":[58,61,9],"tags":[78,21,16,26,19,11],"class_list":["post-10577","post","type-post","status-publish","format-standard","hentry","category-acciones","category-noticias","category-noticias-y-comunicados","tag-chile","tag-disturbios","tag-guerra-social","tag-insurreccionalismo","tag-represion","tag-solidaridad"],"_links":{"self":[{"href":"https:\/\/vozcomoarma.noblogs.org\/index.php?rest_route=\/wp\/v2\/posts\/10577","targetHints":{"allow":["GET"]}}],"collection":[{"href":"https:\/\/vozcomoarma.noblogs.org\/index.php?rest_route=\/wp\/v2\/posts"}],"about":[{"href":"https:\/\/vozcomoarma.noblogs.org\/index.php?rest_route=\/wp\/v2\/types\/post"}],"author":[{"embeddable":true,"href":"https:\/\/vozcomoarma.noblogs.org\/index.php?rest_route=\/wp\/v2\/users\/7045"}],"replies":[{"embeddable":true,"href":"https:\/\/vozcomoarma.noblogs.org\/index.php?rest_route=%2Fwp%2Fv2%2Fcomments&post=10577"}],"version-history":[{"count":1,"href":"https:\/\/vozcomoarma.noblogs.org\/index.php?rest_route=\/wp\/v2\/posts\/10577\/revisions"}],"predecessor-version":[{"id":10579,"href":"https:\/\/vozcomoarma.noblogs.org\/index.php?rest_route=\/wp\/v2\/posts\/10577\/revisions\/10579"}],"wp:attachment":[{"href":"https:\/\/vozcomoarma.noblogs.org\/index.php?rest_route=%2Fwp%2Fv2%2Fmedia&parent=10577"}],"wp:term":[{"taxonomy":"category","embeddable":true,"href":"https:\/\/vozcomoarma.noblogs.org\/index.php?rest_route=%2Fwp%2Fv2%2Fcategories&post=10577"},{"taxonomy":"post_tag","embeddable":true,"href":"https:\/\/vozcomoarma.noblogs.org\/index.php?rest_route=%2Fwp%2Fv2%2Ftags&post=10577"}],"curies":[{"name":"wp","href":"https:\/\/api.w.org\/{rel}","templated":true}]}}