{"id":10601,"date":"2016-02-19T17:12:46","date_gmt":"2016-02-19T16:12:46","guid":{"rendered":"http:\/\/vozcomoarma.noblogs.org\/?p=10601"},"modified":"2016-02-19T21:48:52","modified_gmt":"2016-02-19T20:48:52","slug":"grecia-fabio-dusco-en-huelga-de-hambre","status":"publish","type":"post","link":"https:\/\/vozcomoarma.noblogs.org\/?p=10601","title":{"rendered":"Grecia &#8211; Fabio Dusco en huelga de hambre"},"content":{"rendered":"<p style=\"text-align: justify\">Lxs compa\u00f1erxs de <a href=\"http:\/\/instintosalvaje.entodaspartes.net\">Instinto Salvaje<\/a> tradujeron desde <a href=\"http:\/\/insurrectionnewsworldwide.com\/2016\/02\/18\/greece-fabio-dusco-on-hunger-strike\/\">Insurrection News<\/a>\u00a0y publicaron en castellano esta noticia sobre la huelga de hambre iniciada por el compa\u00f1ero Fabio Dusco en las mazmorras griegas. El compa\u00f1ero se encuentra acusado de ayudar a lxs compa\u00f1erxs de la CCF en el plan de fuga frustrado.<\/p>\n<p style=\"text-align: justify\">&#8212;&#8212;&#8212;&#8212;&#8212;&#8212;&#8212;&#8212;&#8212;&#8212;&#8212;<\/p>\n<p style=\"text-align: justify\"><em>De acuerdo a la informaci\u00f3n que hemos recibido, Fabio Dusco, que\u00a0 est\u00e1 siendo juzgado de ayudar a la CCF en el intento fallido de fuga, ha comenzado una huelga de hambre el 16 de febrero del 2016. Fabio fue secuestrado desde la prisi\u00f3n de Korydallos por la polic\u00eda antiterrorista y trasladado por la fuerza al Centro de Retenci\u00f3n\u00a0de Petrou Ralli donde se espera que se mantenga durante el desarrollo del juicio. Pronto m\u00e1s informaci\u00f3n y actualizaci\u00f3n sobre la situaci\u00f3n de Fabio.<\/em><\/p>\n","protected":false},"excerpt":{"rendered":"<p>Lxs compa\u00f1erxs de Instinto Salvaje tradujeron desde Insurrection News\u00a0y publicaron en castellano esta noticia sobre la huelga de hambre iniciada por el compa\u00f1ero Fabio Dusco en las mazmorras griegas. El compa\u00f1ero se encuentra acusado de ayudar a lxs compa\u00f1erxs de &hellip; <a href=\"https:\/\/vozcomoarma.noblogs.org\/?p=10601\">Sigue leyendo <span class=\"meta-nav\">&rarr;<\/span><\/a><\/p>\n","protected":false},"author":7045,"featured_media":0,"comment_status":"closed","ping_status":"open","sticky":false,"template":"","format":"standard","meta":{"footnotes":""},"categories":[202,268,61,9,7,33],"tags":[15,16,19,11],"class_list":["post-10601","post","type-post","status-publish","format-standard","hentry","category-angeliki-spyropoulou","category-fabio-dusco","category-noticias","category-noticias-y-comunicados","category-presxs","category-presxs-de-la-conspiracion-de-celulas-del-fuego-presxs","tag-grecia","tag-guerra-social","tag-represion","tag-solidaridad"],"_links":{"self":[{"href":"https:\/\/vozcomoarma.noblogs.org\/index.php?rest_route=\/wp\/v2\/posts\/10601","targetHints":{"allow":["GET"]}}],"collection":[{"href":"https:\/\/vozcomoarma.noblogs.org\/index.php?rest_route=\/wp\/v2\/posts"}],"about":[{"href":"https:\/\/vozcomoarma.noblogs.org\/index.php?rest_route=\/wp\/v2\/types\/post"}],"author":[{"embeddable":true,"href":"https:\/\/vozcomoarma.noblogs.org\/index.php?rest_route=\/wp\/v2\/users\/7045"}],"replies":[{"embeddable":true,"href":"https:\/\/vozcomoarma.noblogs.org\/index.php?rest_route=%2Fwp%2Fv2%2Fcomments&post=10601"}],"version-history":[{"count":2,"href":"https:\/\/vozcomoarma.noblogs.org\/index.php?rest_route=\/wp\/v2\/posts\/10601\/revisions"}],"predecessor-version":[{"id":10621,"href":"https:\/\/vozcomoarma.noblogs.org\/index.php?rest_route=\/wp\/v2\/posts\/10601\/revisions\/10621"}],"wp:attachment":[{"href":"https:\/\/vozcomoarma.noblogs.org\/index.php?rest_route=%2Fwp%2Fv2%2Fmedia&parent=10601"}],"wp:term":[{"taxonomy":"category","embeddable":true,"href":"https:\/\/vozcomoarma.noblogs.org\/index.php?rest_route=%2Fwp%2Fv2%2Fcategories&post=10601"},{"taxonomy":"post_tag","embeddable":true,"href":"https:\/\/vozcomoarma.noblogs.org\/index.php?rest_route=%2Fwp%2Fv2%2Ftags&post=10601"}],"curies":[{"name":"wp","href":"https:\/\/api.w.org\/{rel}","templated":true}]}}