{"id":10762,"date":"2016-02-25T20:50:11","date_gmt":"2016-02-25T19:50:11","guid":{"rendered":"http:\/\/vozcomoarma.noblogs.org\/?p=10762"},"modified":"2016-02-25T21:07:50","modified_gmt":"2016-02-25T20:07:50","slug":"turquia-osman-evcan-nuevamente-en-huelga-de-hambre-traduccion-de-cartel-solidario-por-sin-banderas-ni-fronteras","status":"publish","type":"post","link":"https:\/\/vozcomoarma.noblogs.org\/?p=10762","title":{"rendered":"Turqu\u00eda &#8211; Osman Evcan nuevamente en huelga de hambre + Traducci\u00f3n de cartel solidario por Sin Banderas Ni Fronteras"},"content":{"rendered":"<p style=\"text-align: justify\">Sigue a continuaci\u00f3n la traducci\u00f3n realizada por lxs compas de Sin Banderas Ni Fronteras (Chile) del cartel\/comunicado publicado por CNA Estambul en solidaridad con el compa vegano y anarquista turco Osman Evcan, quien ha comenzado una nueva huelga de hambre (recordemos que <a href=\"https:\/\/vozcomoarma.noblogs.org\/?p=9460\">hace poco inici\u00f3 otra para exigir que se le permitiera meter alimentos veganos del exterior a la prisi\u00f3n<\/a>). Ahora, el compa ha iniciado una huelga de hambre indefinida, \u00a1que no se sienta solo ni un minuto!<\/p>\n<p style=\"text-align: justify\">&#8212;&#8212;&#8212;&#8212;&#8212;&#8212;&#8212;&#8212;&#8212;&#8212;&#8212;&#8212;&#8212;&#8212;&#8212;&#8212;&#8212;&#8212;<\/p>\n<p style=\"text-align: justify\"><em>\u00a1NING\u00daN COMPROMISO CON EL ESTADO! <\/em><br \/>\n<em>\u00a1OSMAN EVCAN EN HUELGA DE HAMBRE <\/em><\/p>\n<p style=\"text-align: justify\"><em>A pesar de las opresiones como el exilio, los cacheos a cuerpo desnudo, las c\u00e1maras en las celdas, las prohibiciones de cartas y visitas y el bloqueo de la comida vegana, Osman Evcan no dio un paso atr\u00e1s y ha comenzado su huelga de hambre indefinida a partir del 22 de febrero de 2016. Porque el miedo, la sumisi\u00f3n y la obediencia, aplasta los cuerpos bajo la pesadez del poder del Estado, los esfuerzos del Estado para despersonalizar pol\u00edticamente a lxs individuxs con presiones\u00a0 sistem\u00e1ticas deben ser aplastados bajo la resistencia de Osman. No hay t\u00e9rmino medio con el Estado que establece la pol\u00edtica de eliminaci\u00f3n de lxs presxs con la l\u00f3gica del premio\/castigo. La lucha de Osman Evcan es contra la autoridad. La \u00fanica manera de probar que no obedece a la autoridad, que no acepta la autoridad, es exponer su cuerpo. S\u00f3lo asesinando pueden destruir y dividir las identidades pol\u00edticas, no con las pr\u00e1cticas carcelarias. <\/em><\/p>\n<p style=\"text-align: justify\"><em>Llamamos a todxs a compartir la lucha de Osman Evcan, que est\u00e1 luchando contra el Estado, la vigilancia y el control, ya sea fuera o dentro de las jaulas. La insurrecci\u00f3n es esencial para la libertad. <\/em><\/p>\n<p style=\"text-align: justify\"><em>\u00a1Fuego a las celdas! <\/em><\/p>\n<p style=\"text-align: justify\"><strong><em>CNA Estambul<\/em><\/strong><\/p>\n<p style=\"text-align: justify\"><a href=\"https:\/\/vozcomoarma.noblogs.org\/files\/2016\/02\/Osman.png\"><img loading=\"lazy\" decoding=\"async\" class=\"aligncenter wp-image-10763 size-large\" src=\"https:\/\/vozcomoarma.noblogs.org\/files\/2016\/02\/Osman-725x1024.png\" alt=\"Osman\" width=\"640\" height=\"904\" srcset=\"https:\/\/vozcomoarma.noblogs.org\/files\/2016\/02\/Osman-725x1024.png 725w, https:\/\/vozcomoarma.noblogs.org\/files\/2016\/02\/Osman-212x300.png 212w, https:\/\/vozcomoarma.noblogs.org\/files\/2016\/02\/Osman.png 796w\" sizes=\"auto, (max-width: 640px) 100vw, 640px\" \/><\/a><\/p>\n","protected":false},"excerpt":{"rendered":"<p>Sigue a continuaci\u00f3n la traducci\u00f3n realizada por lxs compas de Sin Banderas Ni Fronteras (Chile) del cartel\/comunicado publicado por CNA Estambul en solidaridad con el compa vegano y anarquista turco Osman Evcan, quien ha comenzado una nueva huelga de hambre &hellip; <a href=\"https:\/\/vozcomoarma.noblogs.org\/?p=10762\">Sigue leyendo <span class=\"meta-nav\">&rarr;<\/span><\/a><\/p>\n","protected":false},"author":7045,"featured_media":0,"comment_status":"closed","ping_status":"open","sticky":false,"template":"","format":"standard","meta":{"footnotes":""},"categories":[61,9,254,27,7,4],"tags":[39,17,78,16,42,24,19,11,71,22],"class_list":["post-10762","post","type-post","status-publish","format-standard","hentry","category-noticias","category-noticias-y-comunicados","category-osman-evcan","category-panfletos","category-presxs","category-publicaciones","tag-anti-especismo","tag-carcel","tag-chile","tag-guerra-social","tag-movimientos-sociales","tag-reflexion","tag-represion","tag-solidaridad","tag-tortura","tag-turquia"],"_links":{"self":[{"href":"https:\/\/vozcomoarma.noblogs.org\/index.php?rest_route=\/wp\/v2\/posts\/10762","targetHints":{"allow":["GET"]}}],"collection":[{"href":"https:\/\/vozcomoarma.noblogs.org\/index.php?rest_route=\/wp\/v2\/posts"}],"about":[{"href":"https:\/\/vozcomoarma.noblogs.org\/index.php?rest_route=\/wp\/v2\/types\/post"}],"author":[{"embeddable":true,"href":"https:\/\/vozcomoarma.noblogs.org\/index.php?rest_route=\/wp\/v2\/users\/7045"}],"replies":[{"embeddable":true,"href":"https:\/\/vozcomoarma.noblogs.org\/index.php?rest_route=%2Fwp%2Fv2%2Fcomments&post=10762"}],"version-history":[{"count":2,"href":"https:\/\/vozcomoarma.noblogs.org\/index.php?rest_route=\/wp\/v2\/posts\/10762\/revisions"}],"predecessor-version":[{"id":10771,"href":"https:\/\/vozcomoarma.noblogs.org\/index.php?rest_route=\/wp\/v2\/posts\/10762\/revisions\/10771"}],"wp:attachment":[{"href":"https:\/\/vozcomoarma.noblogs.org\/index.php?rest_route=%2Fwp%2Fv2%2Fmedia&parent=10762"}],"wp:term":[{"taxonomy":"category","embeddable":true,"href":"https:\/\/vozcomoarma.noblogs.org\/index.php?rest_route=%2Fwp%2Fv2%2Fcategories&post=10762"},{"taxonomy":"post_tag","embeddable":true,"href":"https:\/\/vozcomoarma.noblogs.org\/index.php?rest_route=%2Fwp%2Fv2%2Ftags&post=10762"}],"curies":[{"name":"wp","href":"https:\/\/api.w.org\/{rel}","templated":true}]}}