{"id":11034,"date":"2016-03-04T01:30:16","date_gmt":"2016-03-04T00:30:16","guid":{"rendered":"http:\/\/vozcomoarma.noblogs.org\/?p=11034"},"modified":"2016-03-04T01:38:29","modified_gmt":"2016-03-04T00:38:29","slug":"francia-incendiados-en-calais-dos-vehiculos-de-construccion-usados-en-desalojos","status":"publish","type":"post","link":"https:\/\/vozcomoarma.noblogs.org\/?p=11034","title":{"rendered":"Francia &#8211; Incendiados en Calais dos veh\u00edculos de construcci\u00f3n, usados en desalojos"},"content":{"rendered":"<p style=\"text-align: justify\">El siguiente comunicado, pese a tener ya m\u00e1s de mes y medio,\u00a0fue tomado de <a href=\"https:\/\/rabble.org.uk\/calais-concentration-camp-construction-machinery-torched\/\">Rabble<\/a>, e\u00a0informa del incendio de dos veh\u00edculos de construcci\u00f3n aparcados en los alrededores del campo de concentraci\u00f3n (\u00abcampamento\u00bb, \u00abcentro de acogida\u00bb&#8230; y otros eufemismos se pueden ir a la mierda) de contenedores donde el gobierno ha hacinado a s\u00f3lo una parte de las personas que fueron desalojadas brutalmente de la \u00abJungla\u00bb de Calais. El sabotaje incendiario no fue reivindicado todav\u00eda (que yo sepa) pero en el lugar de la acci\u00f3n se habr\u00edan visto pintadas alusivas a la lucha contra las fronteras y contra la represi\u00f3n a las pintadas migrantes, presuntamente realizadas en la misma noche. Dado que me ha parecido importante, a pesar del tiempo que ha pasado, he decidido traducirlo y publicarlo igualmente, asumiendo la autocr\u00edtica por el retraso a la hora de difundir la noticia.<\/p>\n<p style=\"text-align: justify\">Pero antes de dar paso al comunicado, me gustar\u00eda reflexionar sobre un hecho. Al parecer, seg\u00fan otras noticias traducidas y difundidas en este blog sobre la resistencia en la \u00abJungla\u00bb de Calais, dado que una de las pintadas que supuestamente se dej\u00f3 en uno de los contenedores de mercanc\u00edas cercano a las m\u00e1quinas quemadas dec\u00eda \u00abNo borders\u00bb (\u00abNo a las fronteras\u00bb), personajes como el prefecto de Calais\u00a0Fabienne Buccio, el ministro del interior franc\u00e9s Bernard Cazeneuve y hasta algunos portavoces de organizaciones de \u00abcaridad\u00bb y ONG&#8217;s burguesas y asistencialistas envueltas en el desalojo de la \u00abJungla\u00bb de Calais, han estado arengando a las huestes con alarmistas declaraciones donde afirman que un supuesto grupo de \u00abanarquistas no-borders\u00bb y \u00abactivistas del movimiento no-borders\u00bb (\u00bf?\u00bf?) estar\u00edan incitando a migrantes pac\u00edficxs a participar en sus acciones violentas. Tambi\u00e9n han culpado a lxs \u00abanarquistas no-borders\u00bb (repito, \u00bf?\u00bf?) de estropear la tentativa del gobierno de solucionar las cosas \u00abpac\u00edficamente\u00bb (en realidad, tal intento consisti\u00f3 en enviar funcionarios del ayuntamiento de Calais al campamento aut\u00f3nomo de la \u00abJungla\u00bb para proponerle a la gente abandonarlo por las buenas, lo que obviamente no result\u00f3 porque la gente no quer\u00edan perder su vivienda aunque fuese una pobre chabola en un campamento donde pod\u00edan autogestionar su vida, organizarse y responder al racismo policial y a la violencia institucionalizada de las pol\u00edticas migratorias asesinas de la UE.<\/p>\n<p style=\"text-align: justify\">Una vez m\u00e1s, asistimos a c\u00f3mo el Estado intenta por todos los medios dividir las luchas en cuanto ve que no puede asimilar sus par\u00e1metros porque funcionan y se rigen por medios que la democracia es incapaz de reproducir. Migrantes \u00abpac\u00edficos\u00bb que aceptan ser encarcelados en los campos de contenedores del gobierno y migrantes \u00abviolentos\u00bb que reh\u00fasan abandonar la \u00abJungla\u00bb donde forman parte de una comunidad y han aprendido a hacerse cargo de sus propias responsabilidades y compromisos; activistas \u00abbuenos\u00bb que se esconden cuando viene la polic\u00eda y negocian, y \u00abradicales anarquistas no-borders\u00bb que queman cosas e incitan a los migrantes a enfrentarse a los antidisuturbios porque claro, no tiene sentido que, sin que otrxs la inciten, una \u00abpobrecita persona refugiada\u00bb decida defender por todos los medios su caba\u00f1a y su vida frente a la polic\u00eda que pretende destrozar el \u00fanico lugar que ha sentido como suyo desde que tuvo que dejar su pa\u00eds por las guerras que patrocina el mismo gobierno franc\u00e9s que ahora pretende \u00abhacerse cargo\u00bb de su situaci\u00f3n para colocarse la careta bondadosa y ganar votantes a costa del sufrimiento y desesperaci\u00f3n de las personas migrantes y refugiadas&#8230; El mismo cuento en otro contexto. Ya aburre.<\/p>\n<p style=\"text-align: justify\">Violencia son las fronteras. Violencia son vuestros centros de internamiento y vuestras vallas. Violencia es ilegalizar a una persona por no tener papeles.<\/p>\n<p style=\"text-align: justify\">Fuerza a quienes resisten en Calais, y especialmente a quienes lo hacen desde medios aut\u00f3nomos, sin negociar y sin pedir\u00a0nada, tomando todo cuanto necesitan y derribando los muros del asistencialismo y la distancia divisoria de la caridad organizada verticalmente.<\/p>\n<p style=\"text-align: justify\">\u00a1Abajo las fronteras y el mundo que las necesita!<\/p>\n<p style=\"text-align: justify\">&#8212;&#8212;&#8212;&#8212;&#8212;&#8212;&#8212;&#8212;&#8212;&#8212;&#8212;&#8212;&#8212;&#8212;&#8212;&#8212;<\/p>\n<p style=\"text-align: justify\"><em>Dos veh\u00edculos usados para llevar a cabo desalojos y construir el nuevo \u00abcampo de contenedores\u00bb &#8211; un campo de concentraci\u00f3n autorizado mayormente para familias dentro de una \u00abjungla\u00bb semi-aut\u00f3noma m\u00e1s grande &#8211; fueron incendiados en la noche del martes al mi\u00e9rcoles en Calais cerca del nuevo campamento. No ha habido declaraciones de responsabilidad, pero seg\u00fan la prensa local, graffitis con las palabras \u00abNo borders\u00bb (No a las fronteras) y \u00abThis is a prison\u00bb (Esto es una prisi\u00f3n) fueron tambi\u00e9n dejados en algunos de los contenedores de mercanc\u00edas usados para mantener a la gente en el nuevo sitio.<\/em><\/p>\n<p style=\"text-align: justify\"><em>El \u00abcampamento de contenedores\u00bb es un est\u00e9ril, estrechamente controlado sitio para 1500 personas en el antiguo terreno de la \u00abJungla\u00bb, administrado por codiciosos colaboradores de caridad de La Vie Active. Seg\u00fan la organizaci\u00f3n de caridad\u00a0\u00ablos\u00a0guardias de seguridad vieron a los culpables y se puede ver su firma en uno de los contenedores. Parece que tambi\u00e9n se las arreglan para convencer a los inmigrantes de participar en sus acciones\u00bb.<\/em><\/p>\n<p style=\"text-align: justify\"><em>El nuevo campamento es el primer paso concreto en los esfuerzos para destruir completamente la aldea autogestionada de entre 4000 y 6000 personas. Se espera que un tercio de la poblaci\u00f3n de la \u00abJungla\u00bb sea desalojada el lunes para una zona de amortiguamiento de 100 metros alrededor del borde de la autopista.<\/em><\/p>\n<p style=\"text-align: justify\"><a href=\"https:\/\/vozcomoarma.noblogs.org\/files\/2016\/03\/CY1lUCiWcAApKdp.jpg\"><img loading=\"lazy\" decoding=\"async\" class=\"aligncenter wp-image-11032 size-full\" src=\"https:\/\/vozcomoarma.noblogs.org\/files\/2016\/03\/CY1lUCiWcAApKdp.jpg\" alt=\"CY1lUCiWcAApKdp\" width=\"589\" height=\"335\" srcset=\"https:\/\/vozcomoarma.noblogs.org\/files\/2016\/03\/CY1lUCiWcAApKdp.jpg 589w, https:\/\/vozcomoarma.noblogs.org\/files\/2016\/03\/CY1lUCiWcAApKdp-300x171.jpg 300w\" sizes=\"auto, (max-width: 589px) 100vw, 589px\" \/><\/a><\/p>\n<div id=\"attachment_11039\" style=\"width: 610px\" class=\"wp-caption aligncenter\"><img loading=\"lazy\" decoding=\"async\" aria-describedby=\"caption-attachment-11039\" class=\"wp-image-11039 size-full\" src=\"https:\/\/vozcomoarma.noblogs.org\/files\/2016\/03\/CY1kcx8WcAEXAi6.jpg\" alt=\"CY1kcx8WcAEXAi6\" width=\"600\" height=\"450\" srcset=\"https:\/\/vozcomoarma.noblogs.org\/files\/2016\/03\/CY1kcx8WcAEXAi6.jpg 600w, https:\/\/vozcomoarma.noblogs.org\/files\/2016\/03\/CY1kcx8WcAEXAi6-300x225.jpg 300w\" sizes=\"auto, (max-width: 600px) 100vw, 600px\" \/><p id=\"caption-attachment-11039\" class=\"wp-caption-text\">Este es el campamento \u00abhumanitario\u00bb de contenedores met\u00e1licos que ofrece el gobierno franc\u00e9s a cambio de la destrucci\u00f3n de la aldea autogestionada de la \u00abJungla\u00bb.<\/p><\/div>\n<div id=\"attachment_11036\" style=\"width: 671px\" class=\"wp-caption aligncenter\"><a href=\"https:\/\/vozcomoarma.noblogs.org\/files\/2016\/03\/04.jpg\"><img loading=\"lazy\" decoding=\"async\" aria-describedby=\"caption-attachment-11036\" class=\"wp-image-11036 size-full\" src=\"https:\/\/vozcomoarma.noblogs.org\/files\/2016\/03\/04.jpg\" alt=\"04\" width=\"661\" height=\"496\" srcset=\"https:\/\/vozcomoarma.noblogs.org\/files\/2016\/03\/04.jpg 661w, https:\/\/vozcomoarma.noblogs.org\/files\/2016\/03\/04-300x225.jpg 300w\" sizes=\"auto, (max-width: 661px) 100vw, 661px\" \/><\/a><p id=\"caption-attachment-11036\" class=\"wp-caption-text\">Este es el campamento \u00abhumanitario\u00bb de contenedores met\u00e1licos que ofrece el gobierno franc\u00e9s a cambio de la destrucci\u00f3n de la aldea autogestionada de la \u00abJungla\u00bb.<\/p><\/div>\n<div id=\"attachment_11038\" style=\"width: 671px\" class=\"wp-caption alignnone\"><a href=\"https:\/\/vozcomoarma.noblogs.org\/files\/2016\/03\/02.jpg\"><img loading=\"lazy\" decoding=\"async\" aria-describedby=\"caption-attachment-11038\" class=\"wp-image-11038 size-full\" src=\"https:\/\/vozcomoarma.noblogs.org\/files\/2016\/03\/02.jpg\" alt=\"Uno de los dispositivos para escanear huellas dactilares. El registro es obligatorio para poder entrar al campamento.\" width=\"661\" height=\"599\" srcset=\"https:\/\/vozcomoarma.noblogs.org\/files\/2016\/03\/02.jpg 661w, https:\/\/vozcomoarma.noblogs.org\/files\/2016\/03\/02-300x272.jpg 300w\" sizes=\"auto, (max-width: 661px) 100vw, 661px\" \/><\/a><p id=\"caption-attachment-11038\" class=\"wp-caption-text\">Uno de los dispositivos para escanear huellas dactilares. El registro es obligatorio para poder entrar al campamento.<\/p><\/div>\n","protected":false},"excerpt":{"rendered":"<p>El siguiente comunicado, pese a tener ya m\u00e1s de mes y medio,\u00a0fue tomado de Rabble, e\u00a0informa del incendio de dos veh\u00edculos de construcci\u00f3n aparcados en los alrededores del campo de concentraci\u00f3n (\u00abcampamento\u00bb, \u00abcentro de acogida\u00bb&#8230; y otros eufemismos se pueden &hellip; <a href=\"https:\/\/vozcomoarma.noblogs.org\/?p=11034\">Sigue leyendo <span class=\"meta-nav\">&rarr;<\/span><\/a><\/p>\n","protected":false},"author":7045,"featured_media":0,"comment_status":"closed","ping_status":"open","sticky":false,"template":"","format":"standard","meta":{"footnotes":""},"categories":[58,61,9],"tags":[62,54,16,26,270,76,34,24,90,19,10,11],"class_list":["post-11034","post","type-post","status-publish","format-standard","hentry","category-acciones","category-noticias","category-noticias-y-comunicados","tag-desalojo","tag-francia","tag-guerra-social","tag-insurreccionalismo","tag-jungla-de-calais","tag-migrantes","tag-racismo","tag-reflexion","tag-reino-unido","tag-represion","tag-sabotaje","tag-solidaridad"],"_links":{"self":[{"href":"https:\/\/vozcomoarma.noblogs.org\/index.php?rest_route=\/wp\/v2\/posts\/11034","targetHints":{"allow":["GET"]}}],"collection":[{"href":"https:\/\/vozcomoarma.noblogs.org\/index.php?rest_route=\/wp\/v2\/posts"}],"about":[{"href":"https:\/\/vozcomoarma.noblogs.org\/index.php?rest_route=\/wp\/v2\/types\/post"}],"author":[{"embeddable":true,"href":"https:\/\/vozcomoarma.noblogs.org\/index.php?rest_route=\/wp\/v2\/users\/7045"}],"replies":[{"embeddable":true,"href":"https:\/\/vozcomoarma.noblogs.org\/index.php?rest_route=%2Fwp%2Fv2%2Fcomments&post=11034"}],"version-history":[{"count":4,"href":"https:\/\/vozcomoarma.noblogs.org\/index.php?rest_route=\/wp\/v2\/posts\/11034\/revisions"}],"predecessor-version":[{"id":11042,"href":"https:\/\/vozcomoarma.noblogs.org\/index.php?rest_route=\/wp\/v2\/posts\/11034\/revisions\/11042"}],"wp:attachment":[{"href":"https:\/\/vozcomoarma.noblogs.org\/index.php?rest_route=%2Fwp%2Fv2%2Fmedia&parent=11034"}],"wp:term":[{"taxonomy":"category","embeddable":true,"href":"https:\/\/vozcomoarma.noblogs.org\/index.php?rest_route=%2Fwp%2Fv2%2Fcategories&post=11034"},{"taxonomy":"post_tag","embeddable":true,"href":"https:\/\/vozcomoarma.noblogs.org\/index.php?rest_route=%2Fwp%2Fv2%2Ftags&post=11034"}],"curies":[{"name":"wp","href":"https:\/\/api.w.org\/{rel}","templated":true}]}}