{"id":11061,"date":"2016-03-04T10:52:24","date_gmt":"2016-03-04T09:52:24","guid":{"rendered":"http:\/\/vozcomoarma.noblogs.org\/?p=11061"},"modified":"2016-03-04T11:16:09","modified_gmt":"2016-03-04T10:16:09","slug":"algunas-palabras-sobre-posicionamientos-y-demas-de-parte-de-unx-del-blog-por-la-anarquia","status":"publish","type":"post","link":"https:\/\/vozcomoarma.noblogs.org\/?p=11061","title":{"rendered":"\u00abAlgunas palabras sobre posicionamientos y dem\u00e1s&#8230;\u00bb de parte de unx del blog Por La Anarqu\u00eda"},"content":{"rendered":"<p style=\"text-align: justify\">A continuaci\u00f3n, siguen algunas palabras recibidas en el correo electr\u00f3nico de este blog y enviadas por unx de lxs compa\u00f1erxs al cargo del blog <a href=\"http:\/\/porlaanarquia.espivblogs.net\">Por La Anarqu\u00eda<\/a>, al respecto de algunas cr\u00edticas recibidas por su blog por haber publicado y dado cabida\u00a0a comunicados de la denominada tendencia eco-extremista la cual se ha hecho presente en M\u00e9xico sobre todo y \u00faltimamente tambi\u00e9n en Chile o Argentina, algo que algunas personas consideran \u00abimpropio\u00bb de un medio de difusi\u00f3n anarquista.<\/p>\n<p style=\"text-align: justify\">Mi postura dista bastante de ser af\u00edn a la tendencia eco-extremista por varias razones, especialmente con respecto a la l\u00f3gica del ataque indiscriminado que estos grupos plantean. No obstante, mi postura sobre este tema me la reservo para m\u00ed y para los debates con afinidades de mi entorno, al menos por ahora, y esto es por una simple cuesti\u00f3n de prudencia, seriedad y tambi\u00e9n de autocr\u00edtica, y no porque trate de hu\u00edr de alguna especie de \u00abresponsabilidad militante\u00bb a la hora de pronunciarme claramente sobre estos hechos a nivel personal (personal en la medida en que desde el principio este blog lo ha llevado siempre una sola persona, yo, y eso significa que lo publicado aqu\u00ed me representa a m\u00ed, y a nadie m\u00e1s, al margen de si luego alguien siente afinidad y recoge o toma para s\u00ed algunas reflexiones o palabras aqu\u00ed expuestas, igual que cuando yo decido publicar una noticia, comunicado etc. de otro sitio por sentirlo af\u00edn o positivo para el debate). Creo que todav\u00eda es necesario (por mi parte) madurar algunas ideas y reflexiones alrededor de algunos temas, antes de ponerme a elaborar alguna aportaci\u00f3n al debate, incluso si esa aportaci\u00f3n no parte de la acci\u00f3n, sino de un mero escrito publicado en un blog.<\/p>\n<p style=\"text-align: justify\">Sin embargo, aqu\u00ed van las reflexiones de unx de lxs compas de Por La Anarqu\u00eda, que aun sin ser compartidas\u00a0del todo por m\u00ed, creo positivo para el debate difundir:<\/p>\n<p style=\"text-align: justify\">&#8212;&#8212;&#8212;&#8212;&#8212;&#8212;&#8212;&#8212;&#8212;&#8212;&#8212;&#8212;&#8212;&#8212;&#8211;<\/p>\n<p style=\"text-align: justify\" align=\"JUSTIFY\"><em>En rigor de la verdad, en principio este texto iba a ser una respuesta al \u201cdebate amoral\u201d planteado hace ya alg\u00fan tiempo. Y ciertamente la idea nos desagradaba. Pues siempre hemos preferido v\u00edas de comunicaci\u00f3n mas intimas, sabiendo por supuesto que no est\u00e1n exentas a la execrable mirada del enemigo, pero para nada nos seduc\u00eda la idea de convertirnos en la nueva novela cibern\u00e9tica, y viendo que la cosa se iba desarrollando en ese sentido, preferimos guardar silencio, sin permitir que nadie nos imponga sus tiempos ni sus ritmos. As\u00ed, durante los \u00faltimos meses, fuimos compartiendo (tanto yo como otros compas) y debatiendo con compa\u00f1eros, de blogs, de revistas, con alguno de los mismos grup\u00fasculos eco-extremistas o con alguno de sus medios de difusi\u00f3n, o con compa\u00f1eros sin ning\u00fan proyecto publico que demostrar, tanto de esta como de otra regi\u00f3n, tanto via mail como en persona.<\/em><\/p>\n<p style=\"text-align: justify\" align=\"JUSTIFY\"><em>Hoy, quisiera compartir algo que se acerca m\u00e1s a un posicionamiento que como individuo tengo a la hora no s\u00f3lo de administrar este blog, sino en lo cotidiano.<\/em><\/p>\n<p style=\"text-align: justify\" align=\"JUSTIFY\"><em>No me considero, y que quede claris\u00edmo, parte de ning\u00fan movimiento, ni anarquista, ni insurreccionalista, ni nihilista, ni liberacionista, ni vegano, ni primitivista, ni ninguno que la imaginaci\u00f3n o la invenci\u00f3n puedan sugerir.<\/em><\/p>\n<p style=\"text-align: justify\" align=\"JUSTIFY\"><em>Esto dista mucho de ser una posici\u00f3n de comodidad o de temor, que no me considere parte de movimiento alguno no quiere para nada decir que desde mi individualidad no act\u00fae seg\u00fan algunos par\u00e1metros que tranquilamente pueden encajar en alguna de las definiciones anteriormente enunciadas. Pero quiero con esto decir que el blog <a href=\"http:\/\/porlaanarquia.espivblogs.net\/\">Por la Anarquia<\/a>\u00a0no representa a grupo, organizaci\u00f3n ni tendencia a alguna, salvo la que conformamos, destruimos y reinventamos los que lo llevamos adelante.<\/em><\/p>\n<p style=\"text-align: justify\" align=\"JUSTIFY\"><em>Cuando digo Por La Anarquia, no es en un sentido martirol\u00f3gico o mesi\u00e1nico, como puede ser \u201cPor la justicia\u201d, \u201cPor la verdad\u201d, \u201c Por la patria\u201d, no es una causa a la que tenga que llegar tras a\u00f1os de sufrimiento, un altar en donde consagrar todos mis deseos, una especie de para\u00edso para no pecadores que han cumplido los santos evangelios de los grandes pensadores \u00e1cratas.<\/em><\/p>\n<p style=\"text-align: justify\" align=\"JUSTIFY\"><em>Decir Por la Anarquia es decir tensionarme a m\u00ed mismo, es decir luchar y enfrentarlos aqu\u00ed y ahora, es reinvidicar la palabra sin regal\u00e1rsela al enemigo, pero tray\u00e9ndola al presente, a lo palpable y tambi\u00e9n a lo intuitivo. Desempolvarla de los viejos libros que descansan en los estantes de bibliotecas y arrancarla de las bocas putrefactas que lucran con ella. Hacerla sin\u00f3nimo de peligro, de confrontaci\u00f3n, de inconformismo, de b\u00fasqueda\u2026 procurando que viva d\u00eda a d\u00eda, en sus m\u00faltiples formas, que a veces escapan a la misma definici\u00f3n etimol\u00f3gica.<\/em><\/p>\n<p style=\"text-align: justify\" align=\"JUSTIFY\"><em>Espero con esto aclarar de cierta manera por qu\u00e9 desde un blog con este nombre se le da espacio a acciones, propaganda o reflexiones de la denominada tendencia eco-extremista.<\/em><\/p>\n<p style=\"text-align: justify\" align=\"JUSTIFY\"><em>Pero para ser m\u00e1s explicito, y no me refiero a los compa\u00f1eros con los cuales ya hemos debatido el tema, se nos acusa desde cierto \u201cpurismo\u201d (el cual aborrezco), de publicar accciones que nada tienen que ver con la anarquia o el anarquismo. Y la acusaci\u00f3n es cierta. Y no me importa. Ya que lo mismo que se publican noticias de compa\u00f1eros que pertenecieron o pertenecen a grupos de izquierda armada, lo mismo que se publican atentados realizados por grupos pertenecientes a pueblos originarios, lo mismo publicamos bombazos, incendios o sabotajes llevados a cabo por diversos grup\u00fasculos o por la (o las) ITS y d\u00e9mas grupos eco-extremistas. Esto no en nombre de un pluralismo democr\u00e1tico. No somos nosotros una p\u00e1gina de contrainformaci\u00f3n dedicada a la traducci\u00f3n de noticias y al corte y pega sin el menor an\u00e1lisis ni cr\u00edtica. Sino que rescatamos pr\u00e1cticas, sentires, escritos, de diversas tendencias, sin dejar que el dedo nos tape la luna. Viendo e intuyendo mucho mas que unas siglas o una denominaci\u00f3n condicionante, advirtiendo la sustancia detr\u00e1s de la impresi\u00f3n corriente.<\/em><\/p>\n<p style=\"text-align: justify\" align=\"JUSTIFY\"><em>Yo particularmente, de la tendencia eco-extremista rescato y aprecio el desarrollo que ha tenido en la regi\u00f3n mexicana y ahora en parte del cono sur de este continente. Veo saludable la recuperaci\u00f3n de las ra\u00edces ancestrales en sus discursos y el rechazo a posturas eurocentristas tan presentes hoy en d\u00eda en el \u00e1mbito anarqu\u00edco o antiautoritario. El despliegue en sus metodos de ataque, es indiscutible. Temas que sol\u00edan pasar desapercibidos o eran rebajados a un segundo plano (por aquello de que primero est\u00e1 la destrucci\u00f3n del Estado y del Capital) hoy cobran cierta relevancia, como ser la postura anticivilizaci\u00f3n, el rescate del t\u00e9rmino \u201cterrorismo\u201d en un sentido \u201cpositivo\u201d (algo que es una constante a lo largo de la lucha por la destrucci\u00f3n de lo existente pero que algunos est\u00e1n muy preocupados en ocultar), y otras cosas, que me guardo de enumerar en este momento, son para m\u00ed bocanadas de aire fresco en medio de tanta par\u00e1lisis o repetici\u00f3n de lugares comunes.<\/em><\/p>\n<p style=\"text-align: justify\" align=\"JUSTIFY\"><em>No as\u00ed comparto el hecho de las acciones \u201cindiscriminadas\u201d, a pesar de declararme abiertamente antisocial, tengo entre mis objetivos prioridades, pero esto s\u00f3lo me ata\u00f1e a mi, no voy a decirle a nadie c\u00f3mo tiene que actuar o c\u00f3mo no tiene que hacerlo. Claro est\u00e1 que por otra parte, jam\u00e1s me guardar\u00e9 de criticar aquello con lo que no estoy de acuerdo, preferentemente a los directos interesados.<\/em><\/p>\n<p style=\"text-align: justify\" align=\"JUSTIFY\"><em>Lo de que \u201cmientras mas vict\u00edmas mejor\u201d carece en lo discursivo de una fundamentaci\u00f3n, y en lo pr\u00e1ctico de un ajuste de las miras. Todo seg\u00fan mi punto de vista, claro est\u00e1. M\u00e1s, se p\u00fablica para conocimiento de aquellos que decidimos salir a enfrentar a esta p\u00fatrida realidad, para su debate, su cuestionamiento, su an\u00e1lisis.<\/em><\/p>\n<p style=\"text-align: justify\" align=\"JUSTIFY\"><em>Decir \u201cla naturaleza es el bien, la civilizaci\u00f3n es el mal\u201d aparte de ser reduccionista es contradictorio por lo planteado por gente de esta misma tendencia, al afirmar que se est\u00e1 m\u00e1s alla de ambos conceptos. La naturaleza y las energ\u00edas que en ella habitan son ambiguas, t\u00e9rminos como \u201cbueno\u201d o \u201cmalo\u201d est\u00e1n de m\u00e1s en este caso y no hacen m\u00e1s que (quiero creer que de manera inconsciente) acrecentar el discurso antropocentrista, seg\u00fan todo lo visto y vivido es catalogado con el idioma del humano.<\/em><\/p>\n<p style=\"text-align: justify\" align=\"JUSTIFY\"><em>\u00bfQu\u00e9 decir del festejo de tornados, lluvias, maremotos, y d\u00e9mas supuestos \u201cdesastres naturales\u201d? Hoy en d\u00eda hay bastante informaci\u00f3n al respecto acerca de c\u00f3mo los gobiernos pueden crear todas esas situaciones, festinarlas sin m\u00e1s me parece un desacierto, las inundaciones en gran parte de esta regi\u00f3n no se deben a una venganza de la naturaleza, sino a la propia mano imb\u00e9cil del hombre que ha deforestado y minado montes en pos de la plantaci\u00f3n de soja. En la mayor\u00eda de im\u00e1gen\u00e9s que comparte cierto blog de estos \u201cdesastres naturales\u201d no veo a ning\u00fan cient\u00edfico, polic\u00eda, juez, periodista, tecn\u00f3crata etc, muerto o arrasado, y es porque generalmente estos \u201cdesastres naturales\u201d afectan a las zonas m\u00e1s atrasadas en el maldito mundo del progreso. Ellos pagan lo que otros gozan. Y eso lleva una vez m\u00e1s a la se\u00f1alizaci\u00f3n de clasista, cosa que descarto de lleno. Pero vuelvo al tema de las prioridades, las cuales tengo y de las cuales no reniego.<\/em><\/p>\n<p style=\"text-align: justify\" align=\"JUSTIFY\"><em>Desconocer que la mayor\u00eda del social es c\u00f3mplice del sistema de dominaci\u00f3n que intenta aplastarnos es est\u00fapido, pero tambi\u00e9n lo es creer que nuestros enemigos m\u00e1s importantes viajan en tren o que es lo mismo un vendedor callejero que un cientif\u00edco al servicio de una multinacional o de un gobierno. Es innegable que ambos ejemplos sociales, si bien retroaliment\u00e1ndose en la red esclavizante, cumplen diferentes roles, y cortando la cabeza el cuerpo no sigue andando\u2026<\/em><\/p>\n<p style=\"text-align: justify\" align=\"JUSTIFY\"><em>No me gusta el facilismo, prefiero los retos, y golpear donde m\u00e1s duele. Pero como solamente estoy escribiendo en un blog, por prudencia, por respeto, y por coherencia conmigo mismo, no es m\u00e1s lo que puedo agregar sobre el asunto.<\/em><\/p>\n<p style=\"text-align: justify\" align=\"JUSTIFY\"><em>En un mismo sentido, no comparto para nada aquello de que las acciones est\u00e9n libradas a la suerte, como se ha deslizado por ah\u00ed, y que en las mismas no hay seguridad para nadie, ni siquiera para quienes la llevan a cabo. Si bien es cierto que no podemos calcularlo todo, sobran manuales, consejos, apreciaciones, comunicados, que explican c\u00f3mo reducir los riesgos al m\u00ednimo, tanto para quienes deciden llevar a cabo una acci\u00f3n, como para terceros que no son nuestro objetivo. Por obvias razones me veo limitado a la hora de compartir experiencias sobre estos temas a trav\u00e9s de este medio.<\/em><\/p>\n<p style=\"text-align: justify\" align=\"JUSTIFY\"><em>Ahora bien, si la idea es atacar indiscriminadamente, que no se escude esa motivaci\u00f3n con la excusa de \u201catacar teni\u00e9ndolo todo previsto es imposible\u201d, simplemente que se diga que ese es el objetivo y punto\u2026<\/em><\/p>\n<p style=\"text-align: justify\" align=\"JUSTIFY\"><em>Continuar\u00e9 de mi parte publicando los comunicados con los que me sienta af\u00edn, los que considere necesarios para abrir debates (\u00a1no necesariamente p\u00fablicos ni con este blog!) y dejando a un lado los que no.<\/em><\/p>\n<p style=\"text-align: justify\" align=\"JUSTIFY\"><em>Hasta el momento, de parte de quienes llevan adelante este tipo de ataques no he tenido mayores cr\u00edticas sobre esta decisi\u00f3n, sorprendentemente s\u00ed desde blogs que parecieran competir por ser lo ultra de lo ultra. Me tiene sin cuidado lo que digan algunos cibermilitantes a los cuales les sobra el tiempo para elaborar debates amorales por la internet, editarlos en pdf, y enviarlos a todas las p\u00e1ginas\u2026 \u00a1menos a esta!<\/em><\/p>\n<p style=\"text-align: justify\" align=\"JUSTIFY\"><em>Es un riesgo que se corre el de los \u201cclub de fans\u201d cada vez que aparece una nueva tendencia o propuesta en la lucha contra el mundo de la civilizaci\u00f3n, pas\u00f3 con el insurreccionalismo, pas\u00f3 con la propuesta de la FAI\/FRI, un poco con el nuevo nihilismo, y est\u00e1 pasando con la tendencia eco-extremista. Bajo ning\u00fan punto me responsabilizo si en ella se esconden individuos desequilibrados (habr\u00eda que ver igual en base a qu\u00e9 par\u00e1metros de \u201cnormalidad\u201d), o personajes con ansias de figurar, pues lo mismo puede ocurrir, y de hecho ocurre, en el \u00e1mbito anarquista y seguramente en tantos otros movimientos de lucha.<\/em><\/p>\n<p style=\"text-align: justify\" align=\"JUSTIFY\"><em>De seguro estas l\u00edneas sean demasiados moderadas para algunos de la tendencia eco-extremista, y una traici\u00f3n para la mayor\u00eda del anarquismo, tal vez se me acuse de quedarme en las medias tintas y no se comprenda que lo que expreso es lo m\u00edo, lo propio, lo \u00fanico. De todas maneras, poco me interesa, no estoy para sumarme ni adherirme a corriente a alguna, sino para expresar lo que siento, y espero no tener que volver a pronunciarme sobre este tema.<\/em><\/p>\n<p style=\"text-align: justify\" align=\"JUSTIFY\"><em>Lo dicho.<\/em><\/p>\n<p style=\"text-align: justify\" align=\"JUSTIFY\"><em><strong>Complicidad con todos los ataques que busquen minar la paz social.<br \/>\nAdelante en la profundizaci\u00f3n y agudizaci\u00f3n del ataque, por nuestros muertos, por nosotros mismos, porque ahora es cuando.<\/strong><\/em><\/p>\n<p style=\"text-align: justify\" align=\"JUSTIFY\"><em><strong>Nigra Truo<\/strong><\/em><\/p>\n<p style=\"text-align: justify\">\n","protected":false},"excerpt":{"rendered":"<p>A continuaci\u00f3n, siguen algunas palabras recibidas en el correo electr\u00f3nico de este blog y enviadas por unx de lxs compa\u00f1erxs al cargo del blog Por La Anarqu\u00eda, al respecto de algunas cr\u00edticas recibidas por su blog por haber publicado y &hellip; <a href=\"https:\/\/vozcomoarma.noblogs.org\/?p=11061\">Sigue leyendo <span class=\"meta-nav\">&rarr;<\/span><\/a><\/p>\n","protected":false},"author":7045,"featured_media":0,"comment_status":"closed","ping_status":"open","sticky":false,"template":"","format":"standard","meta":{"footnotes":""},"categories":[61,9,20],"tags":[13,78,16,53,24],"class_list":["post-11061","post","type-post","status-publish","format-standard","hentry","category-noticias","category-noticias-y-comunicados","category-textos","tag-argentina","tag-chile","tag-guerra-social","tag-mexico","tag-reflexion"],"_links":{"self":[{"href":"https:\/\/vozcomoarma.noblogs.org\/index.php?rest_route=\/wp\/v2\/posts\/11061","targetHints":{"allow":["GET"]}}],"collection":[{"href":"https:\/\/vozcomoarma.noblogs.org\/index.php?rest_route=\/wp\/v2\/posts"}],"about":[{"href":"https:\/\/vozcomoarma.noblogs.org\/index.php?rest_route=\/wp\/v2\/types\/post"}],"author":[{"embeddable":true,"href":"https:\/\/vozcomoarma.noblogs.org\/index.php?rest_route=\/wp\/v2\/users\/7045"}],"replies":[{"embeddable":true,"href":"https:\/\/vozcomoarma.noblogs.org\/index.php?rest_route=%2Fwp%2Fv2%2Fcomments&post=11061"}],"version-history":[{"count":3,"href":"https:\/\/vozcomoarma.noblogs.org\/index.php?rest_route=\/wp\/v2\/posts\/11061\/revisions"}],"predecessor-version":[{"id":11064,"href":"https:\/\/vozcomoarma.noblogs.org\/index.php?rest_route=\/wp\/v2\/posts\/11061\/revisions\/11064"}],"wp:attachment":[{"href":"https:\/\/vozcomoarma.noblogs.org\/index.php?rest_route=%2Fwp%2Fv2%2Fmedia&parent=11061"}],"wp:term":[{"taxonomy":"category","embeddable":true,"href":"https:\/\/vozcomoarma.noblogs.org\/index.php?rest_route=%2Fwp%2Fv2%2Fcategories&post=11061"},{"taxonomy":"post_tag","embeddable":true,"href":"https:\/\/vozcomoarma.noblogs.org\/index.php?rest_route=%2Fwp%2Fv2%2Ftags&post=11061"}],"curies":[{"name":"wp","href":"https:\/\/api.w.org\/{rel}","templated":true}]}}