{"id":1109,"date":"2013-09-29T19:19:00","date_gmt":"2013-09-29T17:19:00","guid":{"rendered":"http:\/\/vozcomoarma.noblogs.org\/?p=1109"},"modified":"2013-09-29T19:19:00","modified_gmt":"2013-09-29T17:19:00","slug":"comunicado-de-la-companera-sentimental-de-francesco-puglisi-anarquista-preso-en-italia-por-los-disturbios-en-la-cumbre-del-g-8-en-genova-en-2001","status":"publish","type":"post","link":"https:\/\/vozcomoarma.noblogs.org\/?p=1109","title":{"rendered":"Comunicado de la compa\u00f1era sentimental de Francesco Puglisi, anarquista preso en Italia por los disturbios en la cumbre del G-8 en G\u00e9nova en 2001"},"content":{"rendered":"<p align=\"JUSTIFY\">El compa\u00f1ero Francesco Puglisi, apodado Jimmy, es un anarquista italiano detenido en el marco de la cumbre del G-8 de G\u00e9nova realizada en julio del a\u00f1o 2001, con motivo de la represion policial a las acciones de la contra-cumbre, la cual deriv\u00f3 en unos fuertes dissturbios en los que, adem\u00e1s de un mont\u00f3n de compas entalegadxs y\/o encausadxs, un compa\u00f1ero fue asesinado por la polic\u00eda, Carlo Giuliani.<\/p>\n<p align=\"JUSTIFY\">El compa\u00f1ero fue dejado en libertad a espera de juicio y cuando fue llamado a presentarse, el compa\u00f1ero se hab\u00eda largado y se encontraba en paradero desconocido. Se le juzga en su ausencia junto al resto de detenidxs en aquellas protestas y se le condena a 14 a\u00f1os de talego. El compa\u00f1ero fue localizado en Barcelona y detenido el pasado 5 de julio, y se le env\u00eda a prisi\u00f3n preventiva en Soto del Real, donde permaneci\u00f3 unos d\u00edas hasta que fue extraditado a Italia donde est\u00e1 cumpliendo su sentencia actualmente.<\/p>\n<p align=\"JUSTIFY\">Su compa\u00f1era sentimental, Paola, env\u00eda esta carta, donde solicita solidaridad para reunir dinero para los gastos judiciales del compa\u00f1ero:<\/p>\n<p align=\"JUSTIFY\">&#8212;&#8212;&#8212;&#8212;&#8212;&#8212;<\/p>\n<p align=\"JUSTIFY\"><em>Hola:<\/em><\/p>\n<p align=\"JUSTIFY\"><em>Soy\u00a0Paola\u00a0novia de Jimmy, condenado a 14 a\u00f1os de prisi\u00f3n por los hechos de la cumbre del G-8 en G\u00e9nova y se encuentra en la c\u00e1rcel de Roma Rebibbia cumpliendo la sentencia.<\/em><\/p>\n<p align=\"JUSTIFY\"><em>El compa Jimmy necesitan urgentemente ayuda econ\u00f3mica para los gastos del abogado de Catania que tiene que abrir expedientes viejos para la reducci\u00f3n de la pena\u2026 el abogado quiere que le paguen y Jimmy tiene una condici\u00f3n econ\u00f3mica igual a cero. Tiene urgente necesidad de ayuda.<\/em><\/p>\n<p align=\"JUSTIFY\"><em>Pod\u00e9is apoyar a Jimmy enviando un giro postal, sin c\u00f3digo, normal, a su direcci\u00f3n en la c\u00e1rcel:<\/em><\/p>\n<p align=\"JUSTIFY\"><em>Francesco Puglisi<\/em><br \/>\n<em>Casa Circondariale di Roma Rebibbia. Nuovo complesso in via Raffaele Majetti 70. 00156 Roma (Italia)<\/em><\/p>\n<p align=\"JUSTIFY\"><em>o, si no, a la madre de Jimmy:<\/em><\/p>\n<p align=\"JUSTIFY\"><em>Pace Giuditta<\/em><br \/>\n<em>Via Zurria 37, 95121, Catania (Italia)<\/em><\/p>\n<p style=\"text-align: center\" align=\"JUSTIFY\"><a href=\"https:\/\/vozcomoarma.noblogs.org\/files\/2013\/09\/tumblr_mrluzavsgD1sfvit7o3_1280.jpg\"><img loading=\"lazy\" decoding=\"async\" class=\"aligncenter  wp-image-1110\" alt=\"C\u00e1rcel\" src=\"https:\/\/vozcomoarma.noblogs.org\/files\/2013\/09\/tumblr_mrluzavsgD1sfvit7o3_1280.jpg\" width=\"420\" height=\"420\" srcset=\"https:\/\/vozcomoarma.noblogs.org\/files\/2013\/09\/tumblr_mrluzavsgD1sfvit7o3_1280.jpg 600w, https:\/\/vozcomoarma.noblogs.org\/files\/2013\/09\/tumblr_mrluzavsgD1sfvit7o3_1280-300x300.jpg 300w\" sizes=\"auto, (max-width: 420px) 100vw, 420px\" \/><\/a><\/p>\n","protected":false},"excerpt":{"rendered":"<p>El compa\u00f1ero Francesco Puglisi, apodado Jimmy, es un anarquista italiano detenido en el marco de la cumbre del G-8 de G\u00e9nova realizada en julio del a\u00f1o 2001, con motivo de la represion policial a las acciones de la contra-cumbre, la &hellip; <a href=\"https:\/\/vozcomoarma.noblogs.org\/?p=1109\">Sigue leyendo <span class=\"meta-nav\">&rarr;<\/span><\/a><\/p>\n","protected":false},"author":7045,"featured_media":0,"comment_status":"closed","ping_status":"open","sticky":false,"template":"","format":"standard","meta":{"footnotes":""},"categories":[111,61,9,7],"tags":[107,21,16,26,38,19,11],"class_list":["post-1109","post","type-post","status-publish","format-standard","hentry","category-jimmy-puglisi","category-noticias","category-noticias-y-comunicados","category-presxs","tag-barcelona","tag-disturbios","tag-guerra-social","tag-insurreccionalismo","tag-italia","tag-represion","tag-solidaridad"],"_links":{"self":[{"href":"https:\/\/vozcomoarma.noblogs.org\/index.php?rest_route=\/wp\/v2\/posts\/1109","targetHints":{"allow":["GET"]}}],"collection":[{"href":"https:\/\/vozcomoarma.noblogs.org\/index.php?rest_route=\/wp\/v2\/posts"}],"about":[{"href":"https:\/\/vozcomoarma.noblogs.org\/index.php?rest_route=\/wp\/v2\/types\/post"}],"author":[{"embeddable":true,"href":"https:\/\/vozcomoarma.noblogs.org\/index.php?rest_route=\/wp\/v2\/users\/7045"}],"replies":[{"embeddable":true,"href":"https:\/\/vozcomoarma.noblogs.org\/index.php?rest_route=%2Fwp%2Fv2%2Fcomments&post=1109"}],"version-history":[{"count":2,"href":"https:\/\/vozcomoarma.noblogs.org\/index.php?rest_route=\/wp\/v2\/posts\/1109\/revisions"}],"predecessor-version":[{"id":1112,"href":"https:\/\/vozcomoarma.noblogs.org\/index.php?rest_route=\/wp\/v2\/posts\/1109\/revisions\/1112"}],"wp:attachment":[{"href":"https:\/\/vozcomoarma.noblogs.org\/index.php?rest_route=%2Fwp%2Fv2%2Fmedia&parent=1109"}],"wp:term":[{"taxonomy":"category","embeddable":true,"href":"https:\/\/vozcomoarma.noblogs.org\/index.php?rest_route=%2Fwp%2Fv2%2Fcategories&post=1109"},{"taxonomy":"post_tag","embeddable":true,"href":"https:\/\/vozcomoarma.noblogs.org\/index.php?rest_route=%2Fwp%2Fv2%2Ftags&post=1109"}],"curies":[{"name":"wp","href":"https:\/\/api.w.org\/{rel}","templated":true}]}}