{"id":1140,"date":"2013-09-30T00:30:46","date_gmt":"2013-09-29T22:30:46","guid":{"rendered":"http:\/\/vozcomoarma.noblogs.org\/?p=1140"},"modified":"2013-09-30T18:39:37","modified_gmt":"2013-09-30T16:39:37","slug":"novedades-sobre-la-situacion-de-los-compas-no-tav-maurizio-giobbe-y-giuliano","status":"publish","type":"post","link":"https:\/\/vozcomoarma.noblogs.org\/?p=1140","title":{"rendered":"Novedades sobre la situaci\u00f3n de los compas NO-TAV Maurizio, Giobbe y Giuliano."},"content":{"rendered":"<p style=\"text-align: justify\">Seg\u00fan ha informado <a href=\"http:\/\/es.contrainfo.espiv.net\/2013\/09\/29\/no-tav-italia-actualizaciones-sobre-giobbe-giuliano-y-mauri\/\">Contrainfo<\/a> a trav\u00e9s de <a href=\"http:\/\/informa-azione.info\/repressione_no_tav_aggiornamenti_su_giobbe_giuliano_e_mauri\">Informa-Azione<\/a>, los compa\u00f1eros Giuliano, Giobbe y Maurizio habr\u00edan sido liberados de sus respectivos arrestos domiciliarios, quedando con medidas de permanecer en su lugar de residencia, pudiendo Giuliano abandonarlo s\u00f3lo para ir a trabajar.<\/p>\n<p style=\"text-align: justify\">Giobbe, por su parte, aunque ha sido liberado de este arresto domiciliario, se encuentra todav\u00eda bajo dicho r\u00e9gimen por otro procedimiento relativo a una concentraci\u00f3n ante la puerta de la central el\u00e9ctrica de Chiomonte, cerca de las obras de Clarea.<\/p>\n<p style=\"text-align: justify\">Recordemos que las acusaciones que pesan contra los tres compa\u00f1eros se remontan a los hechos de la \u00abmarcha de lxs m\u00e1s de cincuenta\u00bb, en Val di Susa, el pasado 10 de agosto.<\/p>\n<p style=\"text-align: center\"><a href=\"https:\/\/vozcomoarma.noblogs.org\/files\/2013\/09\/NO-TAV-ASSALTO-CHIOMONTE-ANGELINO-ALFANO-7-770x509.jpg\"><img loading=\"lazy\" decoding=\"async\" class=\"aligncenter  wp-image-1141\" alt=\"No-TAV \" src=\"https:\/\/vozcomoarma.noblogs.org\/files\/2013\/09\/NO-TAV-ASSALTO-CHIOMONTE-ANGELINO-ALFANO-7-770x509.jpg\" width=\"539\" height=\"356\" srcset=\"https:\/\/vozcomoarma.noblogs.org\/files\/2013\/09\/NO-TAV-ASSALTO-CHIOMONTE-ANGELINO-ALFANO-7-770x509.jpg 770w, https:\/\/vozcomoarma.noblogs.org\/files\/2013\/09\/NO-TAV-ASSALTO-CHIOMONTE-ANGELINO-ALFANO-7-770x509-300x198.jpg 300w\" sizes=\"auto, (max-width: 539px) 100vw, 539px\" \/><\/a><\/p>\n","protected":false},"excerpt":{"rendered":"<p>Seg\u00fan ha informado Contrainfo a trav\u00e9s de Informa-Azione, los compa\u00f1eros Giuliano, Giobbe y Maurizio habr\u00edan sido liberados de sus respectivos arrestos domiciliarios, quedando con medidas de permanecer en su lugar de residencia, pudiendo Giuliano abandonarlo s\u00f3lo para ir a trabajar. &hellip; <a href=\"https:\/\/vozcomoarma.noblogs.org\/?p=1140\">Sigue leyendo <span class=\"meta-nav\">&rarr;<\/span><\/a><\/p>\n","protected":false},"author":7045,"featured_media":0,"comment_status":"closed","ping_status":"open","sticky":false,"template":"","format":"standard","meta":{"footnotes":""},"categories":[91,61,9,7],"tags":[47,16,38,42,24,19,11],"class_list":["post-1140","post","type-post","status-publish","format-standard","hentry","category-davide-giacobbe","category-noticias","category-noticias-y-comunicados","category-presxs","tag-anti-desarrollismo","tag-guerra-social","tag-italia","tag-movimientos-sociales","tag-reflexion","tag-represion","tag-solidaridad"],"_links":{"self":[{"href":"https:\/\/vozcomoarma.noblogs.org\/index.php?rest_route=\/wp\/v2\/posts\/1140","targetHints":{"allow":["GET"]}}],"collection":[{"href":"https:\/\/vozcomoarma.noblogs.org\/index.php?rest_route=\/wp\/v2\/posts"}],"about":[{"href":"https:\/\/vozcomoarma.noblogs.org\/index.php?rest_route=\/wp\/v2\/types\/post"}],"author":[{"embeddable":true,"href":"https:\/\/vozcomoarma.noblogs.org\/index.php?rest_route=\/wp\/v2\/users\/7045"}],"replies":[{"embeddable":true,"href":"https:\/\/vozcomoarma.noblogs.org\/index.php?rest_route=%2Fwp%2Fv2%2Fcomments&post=1140"}],"version-history":[{"count":1,"href":"https:\/\/vozcomoarma.noblogs.org\/index.php?rest_route=\/wp\/v2\/posts\/1140\/revisions"}],"predecessor-version":[{"id":1142,"href":"https:\/\/vozcomoarma.noblogs.org\/index.php?rest_route=\/wp\/v2\/posts\/1140\/revisions\/1142"}],"wp:attachment":[{"href":"https:\/\/vozcomoarma.noblogs.org\/index.php?rest_route=%2Fwp%2Fv2%2Fmedia&parent=1140"}],"wp:term":[{"taxonomy":"category","embeddable":true,"href":"https:\/\/vozcomoarma.noblogs.org\/index.php?rest_route=%2Fwp%2Fv2%2Fcategories&post=1140"},{"taxonomy":"post_tag","embeddable":true,"href":"https:\/\/vozcomoarma.noblogs.org\/index.php?rest_route=%2Fwp%2Fv2%2Ftags&post=1140"}],"curies":[{"name":"wp","href":"https:\/\/api.w.org\/{rel}","templated":true}]}}