{"id":1149,"date":"2013-09-30T01:10:09","date_gmt":"2013-09-29T23:10:09","guid":{"rendered":"http:\/\/vozcomoarma.noblogs.org\/?p=1149"},"modified":"2013-10-08T19:06:54","modified_gmt":"2013-10-08T17:06:54","slug":"grecia-radio-revolt-retoma-sus-emisiones","status":"publish","type":"post","link":"https:\/\/vozcomoarma.noblogs.org\/?p=1149","title":{"rendered":"Grecia &#8211; Radio Revolt retoma sus emisiones"},"content":{"rendered":"<p style=\"text-align: justify\">A continuaci\u00f3n os dejo el comunicado de la pe\u00f1a de Radio Revolt, una radio pirata anarquista con base en Tesal\u00f3nica (Grecia) que tuvo que detener sus emisiones temporalmente hace aproximadamente un a\u00f1o, cuando el desalojo del centro social okupado anarquista Delta, donde la radio ten\u00eda montada su infraestructura, oblig\u00f3 a buscar un nuevo espacio y medios para seguir funcionando.<\/p>\n<p style=\"text-align: justify\">Nos alegra saber que estxs compa\u00f1erxs vuelven a okupar las ondas y a reventar lo existente, negando su mundo y su realidad al mismo tiempo que se crea el paralelo donde se hacen realidad los sue\u00f1os y la rabia.<\/p>\n<p style=\"text-align: justify\">&#8212;&#8212;&#8212;&#8212;&#8212;&#8212;&#8212;&#8212;&#8211;<\/p>\n<p align=\"JUSTIFY\"><i>Tras un a\u00f1o de ausencia, el proyecto radiof\u00f3nico de Radio Revolt vuelve a funcionar, como una barricada m\u00e1s de resistencia al totalitarismo contempor\u00e1neo, produciendo nuestros propios valores, insistiendo en la necesidad de la contrainformaci\u00f3n.<\/i><\/p>\n<p align=\"JUSTIFY\"><i>No tiene sentido estancarnos con la represi\u00f3n que sufrimos. Durante todo este per\u00edodo que pasamos en la invisibilidad, nunca pensamos abandonar el proyecto. La composici\u00f3n de nuestra asamblea se ha renovado, la infrastructura de la radio se ha vuelto a montar desde la nada y, ahora, volvemos de manera din\u00e1mica, abiertxs a dar voz a cada colectivo o individualidad, que a trav\u00e9s de su palabras y acciones promueve las ideas subversivas anarquistas. A trav\u00e9s de actualizaciones en directo de manifestaciones, emisiones de tem\u00e1tica espec\u00edfica y debates abiertos, usamos la radio como medio de conexi\u00f3n entre lxs que luchan dentro y fuera de los muros y cualquier n\u00facleo en ruptura con lo existente.<\/i><\/p>\n<p align=\"JUSTIFY\"><i>Nuestra asamblea funciona de manera no jer\u00e1rquica y autogestionada, derribando la l\u00f3gica de la representaci\u00f3n y toda forma de Poder. A la oleada de represi\u00f3n y silenciamiento que vivimos, hay que responder combativamente con nuestros medios, hasta la liberaci\u00f3n individual y colectiva.<\/i><\/p>\n<p align=\"JUSTIFY\"><i>Nuestras ideas ni se reprimen, ni se desalojan.<\/i><\/p>\n<p align=\"JUSTIFY\"><i>\u00a1Solidaridad con las okupas!<\/i><\/p>\n<p align=\"JUSTIFY\"><strong><i>Radio Revolt<\/i><\/strong><\/p>\n<p style=\"text-align: center\" align=\"JUSTIFY\"><a href=\"https:\/\/vozcomoarma.noblogs.org\/files\/2013\/09\/s.png\"><img loading=\"lazy\" decoding=\"async\" class=\"aligncenter  wp-image-1152\" alt=\"Mu\u00f1eco Caos\" src=\"https:\/\/vozcomoarma.noblogs.org\/files\/2013\/09\/s.png\" width=\"557\" height=\"560\" srcset=\"https:\/\/vozcomoarma.noblogs.org\/files\/2013\/09\/s.png 1137w, https:\/\/vozcomoarma.noblogs.org\/files\/2013\/09\/s-298x300.png 298w, https:\/\/vozcomoarma.noblogs.org\/files\/2013\/09\/s-1018x1024.png 1018w\" sizes=\"auto, (max-width: 557px) 100vw, 557px\" \/><\/a><\/p>\n","protected":false},"excerpt":{"rendered":"<p>A continuaci\u00f3n os dejo el comunicado de la pe\u00f1a de Radio Revolt, una radio pirata anarquista con base en Tesal\u00f3nica (Grecia) que tuvo que detener sus emisiones temporalmente hace aproximadamente un a\u00f1o, cuando el desalojo del centro social okupado anarquista &hellip; <a href=\"https:\/\/vozcomoarma.noblogs.org\/?p=1149\">Sigue leyendo <span class=\"meta-nav\">&rarr;<\/span><\/a><\/p>\n","protected":false},"author":7045,"featured_media":0,"comment_status":"closed","ping_status":"open","sticky":false,"template":"","format":"standard","meta":{"footnotes":""},"categories":[61,9],"tags":[62,15,16,37,24,19,11],"class_list":["post-1149","post","type-post","status-publish","format-standard","hentry","category-noticias","category-noticias-y-comunicados","tag-desalojo","tag-grecia","tag-guerra-social","tag-okupacion","tag-reflexion","tag-represion","tag-solidaridad"],"_links":{"self":[{"href":"https:\/\/vozcomoarma.noblogs.org\/index.php?rest_route=\/wp\/v2\/posts\/1149","targetHints":{"allow":["GET"]}}],"collection":[{"href":"https:\/\/vozcomoarma.noblogs.org\/index.php?rest_route=\/wp\/v2\/posts"}],"about":[{"href":"https:\/\/vozcomoarma.noblogs.org\/index.php?rest_route=\/wp\/v2\/types\/post"}],"author":[{"embeddable":true,"href":"https:\/\/vozcomoarma.noblogs.org\/index.php?rest_route=\/wp\/v2\/users\/7045"}],"replies":[{"embeddable":true,"href":"https:\/\/vozcomoarma.noblogs.org\/index.php?rest_route=%2Fwp%2Fv2%2Fcomments&post=1149"}],"version-history":[{"count":2,"href":"https:\/\/vozcomoarma.noblogs.org\/index.php?rest_route=\/wp\/v2\/posts\/1149\/revisions"}],"predecessor-version":[{"id":1157,"href":"https:\/\/vozcomoarma.noblogs.org\/index.php?rest_route=\/wp\/v2\/posts\/1149\/revisions\/1157"}],"wp:attachment":[{"href":"https:\/\/vozcomoarma.noblogs.org\/index.php?rest_route=%2Fwp%2Fv2%2Fmedia&parent=1149"}],"wp:term":[{"taxonomy":"category","embeddable":true,"href":"https:\/\/vozcomoarma.noblogs.org\/index.php?rest_route=%2Fwp%2Fv2%2Fcategories&post=1149"},{"taxonomy":"post_tag","embeddable":true,"href":"https:\/\/vozcomoarma.noblogs.org\/index.php?rest_route=%2Fwp%2Fv2%2Ftags&post=1149"}],"curies":[{"name":"wp","href":"https:\/\/api.w.org\/{rel}","templated":true}]}}