{"id":11741,"date":"2016-04-22T00:44:08","date_gmt":"2016-04-21T22:44:08","guid":{"rendered":"http:\/\/vozcomoarma.noblogs.org\/?p=11741"},"modified":"2016-04-22T00:49:46","modified_gmt":"2016-04-21T22:49:46","slug":"texto-se-buscan-corazones-luminosos-un-cuento-carta-de-adelaida-artigado-en-solidaridad-con-las-nais-contra-a-impunidade","status":"publish","type":"post","link":"https:\/\/vozcomoarma.noblogs.org\/?p=11741","title":{"rendered":"[Texto] \u00abSe buscan corazones luminosos\u00bb Un cuento-carta de Adelaida Artigado en solidaridad con las Nais Contra A Impunidade"},"content":{"rendered":"<p style=\"text-align: justify\">Recojo de <strong><a href=\"http:\/\/www.portaloaca.com\/opinion\/11719-se-buscan-corazones-liminosos-un-cuento-carta-de-adelaida-artigado-en-solidaridad-con-las-nais-contra-a-impunidade.html\">Portal Libertario Oaca<\/a><\/strong> (que a su vez recogen de <strong><a href=\"http:\/\/tokata.info\/se-buscan-corazones-luminosos-un-cuento-carta-de-adelaida-artigado-en-solidaridad-con-las-nais-contra-a-impunidade\/\">Bolet\u00edn Tokata<\/a><\/strong>) el siguiente escrito de la compa\u00f1era Adelaida Artigado dirigido en solidaridad a las miembros del colectivo Nais contra a impunidade, de cara al juicio que afrontar\u00e1n el pr\u00f3ximo 6 de junio en A Coru\u00f1a, por su lucha incansable contra la impunidad y las torturas policiales, y para esclarecer las muertes de sus hijxs, quienes perdieron la vida bajo custodia o sufren torturas continuamente por parte de carceleros, maderos y dem\u00e1s mercenarios y asesinos a sueldo del Estado.<\/p>\n<p style=\"text-align: justify\">M\u00e1s informaci\u00f3n en este blog, publicada a petici\u00f3n de Pastora Tarr\u00edo (madre del compa\u00f1ero Xos\u00e9 Tarr\u00edo y miembro de Nais contra a impunidade), sobre el pr\u00f3ximo juicio contra Nais contra a impunidade <strong><a href=\"https:\/\/vozcomoarma.noblogs.org\/?p=11694\">aqu\u00ed<\/a><\/strong>.<\/p>\n<p style=\"text-align: justify\">&#8212;&#8212;&#8212;&#8212;&#8212;&#8212;&#8212;&#8212;&#8212;&#8212;&#8212;&#8212;&#8211;<\/p>\n<p style=\"text-align: justify\"><em>Hace muchos, muchos a\u00f1os se encontraron el Dios Busangka y la Diosa Yasangka en unas laderas de Birmania.<\/em><\/p>\n<p style=\"text-align: justify\"><em>El dios Busangka le pidi\u00f3 a la diosa que fuese la madre de la humanidad. Yasangka acept\u00f3 con la condici\u00f3n de que le contestara a dos preguntas: \u00bfQu\u00e9 es lo m\u00e1s negro del mundo? \u00bfY lo m\u00e1s luminoso? Busangka no supo qu\u00e9 contestar y la diosa se alej\u00f3.<\/em><\/p>\n<p style=\"text-align: justify\"><em>Pasaron milenios y se volvieron a encontrar. Busangka volvi\u00f3 a proponerle a Yusangka que fuera la creadora de la especie humana y la Diosa volvi\u00f3 a formularle la misma pregunta, pero Busangka segu\u00eda sin conocer la respuesta. La Diosa volvi\u00f3 a alejarse.<\/em><\/p>\n<p style=\"text-align: justify\"><em>Con el paso de los milenios volvieron a coincidir en la ladera y Busangka ten\u00eda la contestaci\u00f3n:<\/em><\/p>\n<p style=\"text-align: justify\"><em>\u2013Diosa Yusangka, di con la soluci\u00f3n de tus preguntas. Ambas coinciden con una misma respuesta; el coraz\u00f3n de las personas humanas. Llegar\u00e1n a ser tan negros como una noche sin luna y tan luminosos como el lucero del alba. Y la diosa Yusangka cre\u00f3 a los seres humanos.<\/em><\/p>\n<p style=\"text-align: justify\"><em>Aqu\u00ed y ahora necesitamos muchos corazones luminosos. \u00bfRecuerdas que te hable all\u00e1 para febrero del pasado a\u00f1o de Nais Contra a Impunidade? \u00bfRecuerdas que te habl\u00e9 de dos lindas hacedoras de vida; Carmen, la mam\u00e1 de Diego Vi\u00f1as, muerto en el cuartel de la Guardia Civil de Arteixo, y Pastora, la mam\u00e1 de Xos\u00e9 Tarrio, exterminado en las c\u00e1rceles del Estado? \u00bfRecuerdas que te dije que ten\u00edan varios procedimientos penales y administrativos por reclamar justicia ante la muerte de tantos hijos e hijas mientras se encuentran bajo la custodia del Estado y que alg\u00fan d\u00eda ser\u00edan juzgadas por ello? Pues ese d\u00eda ha llegado. El 6 de junio a las 10 de la ma\u00f1ana tienen un juicio. La fiscal\u00eda les pide 44.000 euros de multa o c\u00e1rcel para ellas y 13 personas imputadas m\u00e1s por injurias y calumnias hacia la guardia civil. Ellas necesitan apoyo. Yo espero y deseo que un grifito de luz se abra en nuestros corazones. Que se iluminen e irradien solidaridad para que estemos all\u00ed junto a ellas. Coraz\u00f3n con coraz\u00f3n. Mostr\u00e1ndoles nuestro apoyo y nuestro respaldo.<\/em><\/p>\n<p style=\"text-align: justify\"><em>Espero y deseo que todas las que gritamos contra las injusticias. Las que nos definimos a nosotras mismas como libertarias, compa\u00f1eras, solidarias y anticarcelarias\u2026 estemos ah\u00ed. No importe hacer 10 \u00f3 1000 kil\u00f3metros. Llamarse a una misma alg\u00fan adjetivo de significado libertario puede ser importante. Ser lo que nos llamamos es imprescindible.<\/em><\/p>\n<p style=\"text-align: justify\"><em>Si las personas o colectivos que organizan charlas, encuentros, manifestaciones, marchas a las prisiones\u2026 no est\u00e1n ah\u00ed ese d\u00eda, por alg\u00fan motivos que no tenga una buena justificaci\u00f3n, su ausencia lo explicar\u00e1 todo. No queremos palabrer\u00eda. El d\u00eda 6 de junio, necesitamos hechos puntuales y actos presenciales. Aqu\u00ed debe haber un compromiso honesto y completo. Mostrar que realmente somos \u00edntegras con nuestros ideales.<\/em><\/p>\n<p style=\"text-align: justify\"><em>Tentemos los corazones. Por los presos. Por las presas. Por las madres que las pari\u00f3. \u00bfSe mostrar\u00e1n negros como la noche sin luna o luminosos como el lucero del alba?<\/em><\/p>\n<p style=\"text-align: justify\"><em>Irma cari\u00f1o, te ir\u00e9 contando\u2026<\/em><\/p>\n","protected":false},"excerpt":{"rendered":"<p>Recojo de Portal Libertario Oaca (que a su vez recogen de Bolet\u00edn Tokata) el siguiente escrito de la compa\u00f1era Adelaida Artigado dirigido en solidaridad a las miembros del colectivo Nais contra a impunidade, de cara al juicio que afrontar\u00e1n el &hellip; <a href=\"https:\/\/vozcomoarma.noblogs.org\/?p=11741\">Sigue leyendo <span class=\"meta-nav\">&rarr;<\/span><\/a><\/p>\n","protected":false},"author":7045,"featured_media":0,"comment_status":"closed","ping_status":"open","sticky":false,"template":"","format":"standard","meta":{"footnotes":""},"categories":[61,9,20],"tags":[35,17,18,16,42,24,19,11],"class_list":["post-11741","post","type-post","status-publish","format-standard","hentry","category-noticias","category-noticias-y-comunicados","category-textos","tag-asesinato-de-estado","tag-carcel","tag-galicia","tag-guerra-social","tag-movimientos-sociales","tag-reflexion","tag-represion","tag-solidaridad"],"_links":{"self":[{"href":"https:\/\/vozcomoarma.noblogs.org\/index.php?rest_route=\/wp\/v2\/posts\/11741","targetHints":{"allow":["GET"]}}],"collection":[{"href":"https:\/\/vozcomoarma.noblogs.org\/index.php?rest_route=\/wp\/v2\/posts"}],"about":[{"href":"https:\/\/vozcomoarma.noblogs.org\/index.php?rest_route=\/wp\/v2\/types\/post"}],"author":[{"embeddable":true,"href":"https:\/\/vozcomoarma.noblogs.org\/index.php?rest_route=\/wp\/v2\/users\/7045"}],"replies":[{"embeddable":true,"href":"https:\/\/vozcomoarma.noblogs.org\/index.php?rest_route=%2Fwp%2Fv2%2Fcomments&post=11741"}],"version-history":[{"count":1,"href":"https:\/\/vozcomoarma.noblogs.org\/index.php?rest_route=\/wp\/v2\/posts\/11741\/revisions"}],"predecessor-version":[{"id":11742,"href":"https:\/\/vozcomoarma.noblogs.org\/index.php?rest_route=\/wp\/v2\/posts\/11741\/revisions\/11742"}],"wp:attachment":[{"href":"https:\/\/vozcomoarma.noblogs.org\/index.php?rest_route=%2Fwp%2Fv2%2Fmedia&parent=11741"}],"wp:term":[{"taxonomy":"category","embeddable":true,"href":"https:\/\/vozcomoarma.noblogs.org\/index.php?rest_route=%2Fwp%2Fv2%2Fcategories&post=11741"},{"taxonomy":"post_tag","embeddable":true,"href":"https:\/\/vozcomoarma.noblogs.org\/index.php?rest_route=%2Fwp%2Fv2%2Ftags&post=11741"}],"curies":[{"name":"wp","href":"https:\/\/api.w.org\/{rel}","templated":true}]}}