{"id":11752,"date":"2016-04-26T15:23:46","date_gmt":"2016-04-26T13:23:46","guid":{"rendered":"http:\/\/vozcomoarma.noblogs.org\/?p=11752"},"modified":"2016-04-29T14:30:55","modified_gmt":"2016-04-29T12:30:55","slug":"publicaciones-ultimas-ediciones-de-ex-nihilo","status":"publish","type":"post","link":"https:\/\/vozcomoarma.noblogs.org\/?p=11752","title":{"rendered":"[Publicaciones] \u00daltimas ediciones de Ex-Nihilo"},"content":{"rendered":"<p style=\"text-align: justify\">Lxs compas de <strong><a href=\"https:\/\/exnihilo.noblogs.org\">Ex-Nihilo<\/a><\/strong> contin\u00faan compartiendo por correo electr\u00f3nico sus ediciones. Sigue a continuaci\u00f3n un recopilatorio de las \u00faltimas recibidas, como siempre, con sus textos de presentaci\u00f3n acompa\u00f1ados de los enlaces para su correspondiente consulta online o descarga:<\/p>\n<p style=\"text-align: justify\">&#8212;&#8212;&#8212;&#8212;&#8212;&#8212;&#8212;&#8212;&#8212;&#8211;<\/p>\n<p style=\"text-align: justify\"><strong>Narodnaya Volia y\u00a0S\u00f3fya Per\u00f3vskaya<\/strong><\/p>\n<p align=\"JUSTIFY\"><em>\u00abLa Narodnaya Volya (La Voluntad del Pueblo) fue una organizaci\u00f3n nihilista formada en el a\u00f1o 1879, luego de que Semlya i Volya (Tierra y Libertad) se dividiera en dos grupos: Repartici\u00f3n Negra que segu\u00eda la misma l\u00ednea de Semlya, y Narodnaya Volya (Voluntad del Pueblo) que estaban a favor de una organizaci\u00f3n de conspiraci\u00f3n para la subversi\u00f3n y la entrega del poder al pueblo, donde la acci\u00f3n armada era un medio de defensa, de autoprotecci\u00f3n y un poderoso instrumento de agitaci\u00f3n que se empleaba para alcanzar determinados fines, siendo uno de estos fines indispensables, la muerte del zar. El d\u00eda 19 de noviembre de 1880 intentaron usar la dinamita para destruir el tren donde viajaba el Zar, la mina hab\u00eda sido colocada bajo los rieles de la v\u00eda y los hilos conductores estaban tendidos a bastante distancia en el campo; las personas encargadas de la acci\u00f3n se hallaban en sus puestos al pasar el tren, a la primera se\u00f1al que dio Perovskaya, Stepan Schiraiev no uni\u00f3 los electrodos, y uno de los trenes pas\u00f3 ileso; a la segunda se\u00f1al descarril\u00f3 el segundo tren. Pero el zar hab\u00eda pasado en el primer tren; en el segundo s\u00f3lo pasaban los servidores de la corte. Fue un fracaso, m\u00e1s el hecho en s\u00ed, causo una gran impresi\u00f3n en Rusia y tuvo un eco resonante en toda Europa\u00bb.<\/em><\/p>\n<p align=\"JUSTIFY\"><b>Para leer online\/descargar, click\u00a0<\/b><a style=\"font-weight: bold\" href=\"https:\/\/vozcomoarma.noblogs.org\/files\/2016\/04\/NaronadyaVolia_ExN.pdf\">aqu\u00ed<\/a>.<a href=\"https:\/\/vozcomoarma.noblogs.org\/files\/2016\/04\/01-narodnaya-volya-terrorists-hanged-aleksandr-ii.jpg\"><img loading=\"lazy\" decoding=\"async\" class=\"aligncenter wp-image-11754 size-full\" src=\"https:\/\/vozcomoarma.noblogs.org\/files\/2016\/04\/01-narodnaya-volya-terrorists-hanged-aleksandr-ii.jpg\" alt=\"01-narodnaya-volya-terrorists-hanged-aleksandr-ii\" width=\"1000\" height=\"600\" srcset=\"https:\/\/vozcomoarma.noblogs.org\/files\/2016\/04\/01-narodnaya-volya-terrorists-hanged-aleksandr-ii.jpg 1000w, https:\/\/vozcomoarma.noblogs.org\/files\/2016\/04\/01-narodnaya-volya-terrorists-hanged-aleksandr-ii-300x180.jpg 300w\" sizes=\"auto, (max-width: 1000px) 100vw, 1000px\" \/><\/a><\/p>\n<p style=\"text-align: justify\">&#8212;&#8212;&#8212;&#8212;&#8212;&#8212;&#8212;&#8212;&#8212;&#8211;<\/p>\n<p style=\"text-align: justify\"><em><strong>Atamansha; la vida de Mar\u00eda Nikiforova<\/strong><\/em><\/p>\n<p align=\"JUSTIFY\"><em>\u00abEn este texto puede conocerse mas informaci\u00f3n acerca de la persona mas conocida tras el t\u00e9rmino de \u201cAtamansha\u201d, el cual recibe el nombre de la <a href=\"https:\/\/editorialatamansha.wordpress.com\/\" target=\"_blank\">Editorial Chilena Atamansha<\/a>; que significa \u201cl\u00edder militar\u201d. A ella muchos la conocieron, otros no tanto, su nombre es Mar\u00eda Nikiforova, comandante anarquista ucraniana, que tuvo un rol muy importante en la revoluci\u00f3n rusa, fue muchas veces desprestigiada por los enemigos, ella una mujer de acci\u00f3n aguerrida y decidida, con un coraje que hacia temblar al enemigo.<\/em><\/p>\n<p align=\"JUSTIFY\"><em>Desde realizar a los 16 a\u00f1os acciones clandestinas que podr\u00edan tildarse de \u201cacciones terroristas\u201d, que para la \u00e9poca era poco usual, despu\u00e9s se habr\u00edan conocido y popularizado como el t\u00e9rmino de la propaganda por el hecho, pas\u00f3 a ser una l\u00edder guerrillera con un influyente paso por la revoluci\u00f3n rusa. Lamentablemente justo por el hecho de haber sido una mujer reconocida en la revoluci\u00f3n, jug\u00f3 en contra de \u00e9sta, en el momento que fue capturada por el enemigo, quien la conden\u00f3 a muerte.<\/em><\/p>\n<p align=\"JUSTIFY\"><em>Desde su muerte m\u00faltiples leyendas salieron a relucir; muchas otras\u00a0\u201cAtamanshas\u201d y \u201cMarusyas\u201d empezaron a aparecer, la verdadera Marusya muri\u00f3, pero su nombre y sus acciones quedaron grabadas en la memoria de todos los que combatieron junto a ella\u00bb.<\/em><\/p>\n<p align=\"JUSTIFY\"><span style=\"color: #000000\"><b>Para leer online\/descargar, click <a href=\"https:\/\/vozcomoarma.noblogs.org\/files\/2016\/04\/atamansha_ExN.pdf\">aqu\u00ed<\/a>.<\/b><\/span><\/p>\n<p align=\"JUSTIFY\"><a href=\"https:\/\/vozcomoarma.noblogs.org\/files\/2016\/04\/marusya-nikiforova-lihaya-atamansha-priazovskih-stepey_1.jpeg\"><img loading=\"lazy\" decoding=\"async\" class=\"aligncenter wp-image-11760\" src=\"https:\/\/vozcomoarma.noblogs.org\/files\/2016\/04\/marusya-nikiforova-lihaya-atamansha-priazovskih-stepey_1.jpeg\" alt=\"marusya-nikiforova-lihaya-atamansha-priazovskih-stepey_1\" width=\"400\" height=\"301\" \/><\/a><\/p>\n<p style=\"text-align: justify\">&#8212;&#8212;&#8212;&#8212;&#8212;&#8212;&#8212;&#8212;&#8212;&#8211;<\/p>\n<p style=\"text-align: justify\"><strong>Vera Figner | Memorias de una nihilista<\/strong><\/p>\n<p style=\"text-align: justify\"><em>\u00abEn los a\u00f1os 1878 y 1879 el doble programa de Tierra y libertad de preparar una revuelta en el campo al tiempo que se realizaban acciones individuales se decanta principalmente hacia las segundas, al considerarse que s\u00f3lo estas ser\u00edan capaces de crear una desorganizaci\u00f3n que propiciara la sublevaci\u00f3n de las masas. Sin embargo, personalidades destacadas, como Gueorgui Plej\u00e1nov o Mija\u00edl Popov cuestionaban el argumento y se opon\u00edan a esta deriva. La pol\u00e9mica entre \u201cdid\u00e1cticos\u201d y \u201cterroristas\u201d se agrava tras el atentado de Soloviov y acaba provocando una escisi\u00f3n. Vera est\u00e1 con los segundos, que adoptan el nombre de Voluntad del Pueblo (Nar\u00f3dnaia Volia) y se organizan en grupos secretos de una forma r\u00edgidamente centralista bajo un Comit\u00e9 ejecutivo. Su finalidad es introducir la libertad pol\u00edtica, proclamar la rep\u00fablica, convocar cortes constituyentes y entregar la tierra a los campesinos, con el terrorismo como un instrumento esencial de agitaci\u00f3n para favorecer la insurrecci\u00f3n. No obstante, la labor propagand\u00edstica y organizadora nunca se dej\u00f3 de lado. Pronto se cuenta tambi\u00e9n con una secci\u00f3n independiente formada por oficiales del ej\u00e9rcito.<\/em><\/p>\n<p align=\"JUSTIFY\"><em>Vera, establecida en Odessa, participa en los necesarios trasiegos de la dinamita revolucionaria, cuya elaboraci\u00f3n estaba a cargo de Nikol\u00e1i Kib\u00e1lchich, ingeniero y t\u00edo paterno de Victor Serge. Se suceden diversas tentativas de volar el tren imperial y el 5 de febrero de 1880 se produce una explosi\u00f3n en el Palacio de Invierno que origina numerosos muertos, pero no consigue sepultar el comedor donde se encontraban en ese momento el zar con su familia y el pr\u00edncipe de Hesse. Estos hechos hacen crecer enormemente la popularidad de la organizaci\u00f3n, aunque al mismo tiempo arrecian las detenciones y con ellas cae la hermana de Vera, Yevguenia, que es deportada a Siberia. La negativa del gobierno franc\u00e9s a extraditar a uno de los implicados en estos atentados, refugiado en Par\u00eds, fue un \u00e9xito moral importante. Tras intensos trabajos preliminares para la realizaci\u00f3n de otro intento contra el zar en Odessa, que resultan in\u00fatiles, Vera Figner va en julio de 1880 a San Petersburgo, donde se suma a los planes que all\u00ed se est\u00e1n desarrollando\u00bb.<\/em><\/p>\n<p align=\"JUSTIFY\"><span style=\"color: #000000\"><b>Para leer online\/descargar, click\u00a0<\/b><\/span><strong><a href=\"https:\/\/vozcomoarma.noblogs.org\/files\/2016\/04\/VeraFigner_ExN.pdf\">aqu\u00ed<\/a><\/strong>.<\/p>\n<p align=\"JUSTIFY\"><a href=\"https:\/\/vozcomoarma.noblogs.org\/files\/2016\/04\/fignersis.jpg\"><img loading=\"lazy\" decoding=\"async\" class=\"aligncenter wp-image-11762 size-full\" src=\"https:\/\/vozcomoarma.noblogs.org\/files\/2016\/04\/fignersis.jpg\" alt=\"fignersis\" width=\"400\" height=\"351\" srcset=\"https:\/\/vozcomoarma.noblogs.org\/files\/2016\/04\/fignersis.jpg 400w, https:\/\/vozcomoarma.noblogs.org\/files\/2016\/04\/fignersis-300x263.jpg 300w\" sizes=\"auto, (max-width: 400px) 100vw, 400px\" \/><\/a><\/p>\n<p style=\"text-align: justify\">&#8212;&#8212;&#8212;&#8212;&#8212;&#8212;&#8212;&#8212;&#8212;&#8211;<\/p>\n<p style=\"text-align: justify\"><strong>Vera Zas\u00falich | La mujer que bale\u00f3 al gobernador de San Petersburgo<\/strong><\/p>\n<p align=\"JUSTIFY\"><em>\u00abNech\u00e1yev parti\u00f3 al exilio y utiliz\u00f3 a Zas\u00falich como intermediaria en su correspondencia con otros revolucionarios, lo cual era usual en \u201cEl Boy\u201d, como lo llamaba Bakunin; fue arrestada en Mosc\u00fa [\u2026] Para Zas\u00falich, su periodo en prisi\u00f3n le llev\u00f3 a convencerse de la necesidad de acabar con la opresi\u00f3n y a identificar su vida en la c\u00e1rcel con la situaci\u00f3n general de Rusia, que consideraba una enorme prisi\u00f3n. Pas\u00f3 varios a\u00f1os de prisi\u00f3n en prisi\u00f3n sin ser acusada de nada formalmente, s\u00f3lo fue acusada formalmente cuando las autoridades rusas advirtieron de que Vera distribu\u00eda propaganda prohibida a algunos estudiantes, como tambi\u00e9n de extender la conciencia revolucionaria entre el campesinado. [\u2026] Poco despu\u00e9s en 1878 atent\u00f3 contra el general Tr\u00e9pov, gobernador de San Petersburgo, al que acus\u00f3 de haber maltratado a un preso pol\u00edtico, fue arrestada y juzgada por el disparo contra el militar. Se hab\u00eda presentado ante el gobernador fingiendo necesitar un certificado de buena conducta y logr\u00f3 herirle en la pelvis con el segundo disparo. Su atentado no s\u00f3lo conllev\u00f3 cambios en la forma de juzgar los casos de subversi\u00f3n y una humillaci\u00f3n para el Gobierno, sino que supuso el comienzo de la campa\u00f1a de terrorismo contra la administraci\u00f3n autocr\u00e1tica zarista, fund\u00e1ndose en 1879, la organizaci\u00f3n terrorista m\u00e1s temible de los \u00faltimos tiempos en Rusia, Nar\u00f3dnaya Volya (Voluntad Popular)\u00bb.<\/em><\/p>\n<p align=\"JUSTIFY\"><span style=\"color: #000000\"><b>Para leer online\/descargar, click\u00a0<\/b><\/span><strong><a href=\"https:\/\/vozcomoarma.noblogs.org\/files\/2016\/04\/Vera_lamujerquebaleo_ExN.pdf\">aqu\u00ed<\/a><\/strong>.<\/p>\n<p align=\"JUSTIFY\"><a href=\"https:\/\/vozcomoarma.noblogs.org\/files\/2016\/04\/zasulich_trepov.jpg\"><img loading=\"lazy\" decoding=\"async\" class=\"aligncenter wp-image-11763 size-full\" src=\"https:\/\/vozcomoarma.noblogs.org\/files\/2016\/04\/zasulich_trepov.jpg\" alt=\"zasulich_trepov\" width=\"665\" height=\"551\" srcset=\"https:\/\/vozcomoarma.noblogs.org\/files\/2016\/04\/zasulich_trepov.jpg 665w, https:\/\/vozcomoarma.noblogs.org\/files\/2016\/04\/zasulich_trepov-300x249.jpg 300w\" sizes=\"auto, (max-width: 665px) 100vw, 665px\" \/><\/a><\/p>\n<p style=\"text-align: justify\">&#8212;&#8212;&#8212;&#8212;&#8212;&#8212;&#8212;&#8212;&#8212;&#8211;<\/p>\n<p style=\"text-align: justify\"><strong>La c\u00e1rcel, las leyes y el control social; \u00bfpor qu\u00e9 vivimos en una prisi\u00f3n?<\/strong><\/p>\n<p align=\"JUSTIFY\"><em>\u00abEn esta sociedad existe un lugar donde una\/o se encuentra perpetuamente bajo vigilancia, donde cada movimiento es monitoreado y controlado, donde todas\/os est\u00e1n bajo sospecha, a excepci\u00f3n de la polic\u00eda y sus jefes, donde se asume que todas\/os son criminales. Hablo, de la c\u00e1rcel, por supuesto\u2026<\/em><\/p>\n<p align=\"JUSTIFY\"><em>Pero a un ritmo cada vez m\u00e1s r\u00e1pido, esta descripci\u00f3n se est\u00e1 ajustando cada vez m\u00e1s a los espacios p\u00fablicos. Los centros comerciales y los centros de las principales ciudades est\u00e1n bajo videovigilancia. Guardias armados patrullan escuelas, bibliotecas, hospitales y museos. Una\/o es registrada\/o en aeropuertos y estaciones de bus. Los helic\u00f3pteros policiales vuelan sobre las ciudades e incluso sobre los bosques, en busca del crimen. La metodolog\u00eda del encarcelamiento, que junto con la metodolog\u00eda policial son una sola, est\u00e1 siendo impuesta gradualmente en todo el paisaje social.<\/em><\/p>\n<p align=\"JUSTIFY\"><em>Este proceso est\u00e1 siendo impuesto por medio de miedo y las autoridades lo justifican sobre nosotras\/os en funci\u00f3n de nuestra necesidad de protecci\u00f3n \u2014 de los criminales, de los terroristas, de la vigilancia y las drogas. Pero \u00bfqui\u00e9nes son esos criminales y esos terroristas, quienes son tales monstruos que a cada momento amenazan nuestras vidas llenas de miedo?\u00bb.<\/em><\/p>\n<p align=\"JUSTIFY\"><span style=\"color: #000000\"><b>Para leer online\/descargar, click <a href=\"https:\/\/vozcomoarma.noblogs.org\/files\/2016\/04\/Porquevivimosenprision_ExN.pdf\">aqu\u00ed<\/a><\/b><\/span>.<\/p>\n<p align=\"JUSTIFY\"><a href=\"https:\/\/vozcomoarma.noblogs.org\/files\/2016\/04\/14255426460_ee7771eb7f_c-e1461323954967.jpg\"><img loading=\"lazy\" decoding=\"async\" class=\"aligncenter wp-image-11764 size-medium\" src=\"https:\/\/vozcomoarma.noblogs.org\/files\/2016\/04\/14255426460_ee7771eb7f_c-e1461323954967-300x254.jpg\" alt=\"14255426460_ee7771eb7f_c-e1461323954967\" width=\"300\" height=\"254\" srcset=\"https:\/\/vozcomoarma.noblogs.org\/files\/2016\/04\/14255426460_ee7771eb7f_c-e1461323954967-300x254.jpg 300w, https:\/\/vozcomoarma.noblogs.org\/files\/2016\/04\/14255426460_ee7771eb7f_c-e1461323954967.jpg 576w\" sizes=\"auto, (max-width: 300px) 100vw, 300px\" \/><\/a><\/p>\n<p style=\"text-align: justify\">&#8212;&#8212;&#8212;&#8212;&#8212;&#8212;&#8212;&#8212;&#8212;&#8211;<\/p>\n<p style=\"text-align: justify\"><strong>En pie de guerra contra la Civilizaci\u00f3n<\/strong><\/p>\n<p style=\"text-align: justify\"><em>\u201cLa civilizaci\u00f3n es la dominaci\u00f3n del mundo salvaje, de la naturaleza de los seres vivos que habitan el planeta. \u00c9sta es una cuesti\u00f3n esencial en la actualidad vigente, una Era de feroz tecno-industrializaci\u00f3n, que corroe la esencia de la vida, la libertad. Es por esto, necesario elevar la cat\u00e1strofe de una Era que hace mucho que est\u00e1 caduca, debemos alzar por encima de la vieja moral o \u00e9tica de la sociedad posmoderna, el individualismo salvaje, por la que la unicitidad ego\u00edstas de todos los seres vivos, se vea siempre elev\u00e1ndose por encima de la edad de la raz\u00f3n cient\u00edfica o human\u00edstica, sujeta al antropocentrismo, destruyendo con \u00e9sto, las ideas religiosas y morales, la idea del hombre moderno y todo su orden criminal.\u201d<\/em><\/p>\n<p style=\"text-align: justify\"><strong>Para leer online\/descargar, click <\/strong><a href=\"https:\/\/vozcomoarma.noblogs.org\/files\/2016\/04\/Anticivilizaci\u00f3n_recopilaci\u00f3n_ExNFINAL.pdf\"><strong>\u00a0aqu\u00ed<\/strong><\/a>.<\/p>\n<p align=\"JUSTIFY\"><a href=\"https:\/\/vozcomoarma.noblogs.org\/files\/2016\/04\/anticivilizaci\u00f3n-portada.png\"><img loading=\"lazy\" decoding=\"async\" class=\"aligncenter wp-image-11766 \" src=\"https:\/\/vozcomoarma.noblogs.org\/files\/2016\/04\/anticivilizaci\u00f3n-portada.png\" alt=\"anticivilizaci\u00f3n portada\" width=\"510\" height=\"665\" srcset=\"https:\/\/vozcomoarma.noblogs.org\/files\/2016\/04\/anticivilizaci\u00f3n-portada.png 552w, https:\/\/vozcomoarma.noblogs.org\/files\/2016\/04\/anticivilizaci\u00f3n-portada-230x300.png 230w\" sizes=\"auto, (max-width: 510px) 100vw, 510px\" \/><\/a><\/p>\n","protected":false},"excerpt":{"rendered":"<p>Lxs compas de Ex-Nihilo contin\u00faan compartiendo por correo electr\u00f3nico sus ediciones. Sigue a continuaci\u00f3n un recopilatorio de las \u00faltimas recibidas, como siempre, con sus textos de presentaci\u00f3n acompa\u00f1ados de los enlaces para su correspondiente consulta online o descarga: &#8212;&#8212;&#8212;&#8212;&#8212;&#8212;&#8212;&#8212;&#8212;&#8211; Narodnaya &hellip; <a href=\"https:\/\/vozcomoarma.noblogs.org\/?p=11752\">Sigue leyendo <span class=\"meta-nav\">&rarr;<\/span><\/a><\/p>\n","protected":false},"author":7045,"featured_media":0,"comment_status":"closed","ping_status":"open","sticky":false,"template":"","format":"standard","meta":{"footnotes":""},"categories":[60,96,4],"tags":[16,24],"class_list":["post-11752","post","type-post","status-publish","format-standard","hentry","category-fanzines-y-revistas","category-libros","category-publicaciones","tag-guerra-social","tag-reflexion"],"_links":{"self":[{"href":"https:\/\/vozcomoarma.noblogs.org\/index.php?rest_route=\/wp\/v2\/posts\/11752","targetHints":{"allow":["GET"]}}],"collection":[{"href":"https:\/\/vozcomoarma.noblogs.org\/index.php?rest_route=\/wp\/v2\/posts"}],"about":[{"href":"https:\/\/vozcomoarma.noblogs.org\/index.php?rest_route=\/wp\/v2\/types\/post"}],"author":[{"embeddable":true,"href":"https:\/\/vozcomoarma.noblogs.org\/index.php?rest_route=\/wp\/v2\/users\/7045"}],"replies":[{"embeddable":true,"href":"https:\/\/vozcomoarma.noblogs.org\/index.php?rest_route=%2Fwp%2Fv2%2Fcomments&post=11752"}],"version-history":[{"count":6,"href":"https:\/\/vozcomoarma.noblogs.org\/index.php?rest_route=\/wp\/v2\/posts\/11752\/revisions"}],"predecessor-version":[{"id":11811,"href":"https:\/\/vozcomoarma.noblogs.org\/index.php?rest_route=\/wp\/v2\/posts\/11752\/revisions\/11811"}],"wp:attachment":[{"href":"https:\/\/vozcomoarma.noblogs.org\/index.php?rest_route=%2Fwp%2Fv2%2Fmedia&parent=11752"}],"wp:term":[{"taxonomy":"category","embeddable":true,"href":"https:\/\/vozcomoarma.noblogs.org\/index.php?rest_route=%2Fwp%2Fv2%2Fcategories&post=11752"},{"taxonomy":"post_tag","embeddable":true,"href":"https:\/\/vozcomoarma.noblogs.org\/index.php?rest_route=%2Fwp%2Fv2%2Ftags&post=11752"}],"curies":[{"name":"wp","href":"https:\/\/api.w.org\/{rel}","templated":true}]}}