{"id":1177,"date":"2013-09-30T01:59:10","date_gmt":"2013-09-29T23:59:10","guid":{"rendered":"http:\/\/vozcomoarma.noblogs.org\/?p=1177"},"modified":"2013-10-01T14:24:15","modified_gmt":"2013-10-01T12:24:15","slug":"sobre-la-situacion-del-compa-babis-tsilianidis-en-las-mazmorras-del-estado-griego","status":"publish","type":"post","link":"https:\/\/vozcomoarma.noblogs.org\/?p=1177","title":{"rendered":"Sobre la situaci\u00f3n del compa Babis Tsilianidis en las mazmorras del Estado griego."},"content":{"rendered":"<p style=\"text-align: justify\">Haralambos \u201cBabis\u201d Tsilianidis es un compa griego que lleva encarcelado desde enero. Tras ser acusado junto a otros compas (Dimitris Dimitsiadis, Sokratis Tsifkas y Dimitris Fessas) de haber tomado parte en el incendio de 5 veh\u00edculos de la DEI (compa\u00f1\u00eda griega de electricidad), misma acci\u00f3n en que cay\u00f3 detenido Giannis Skouloudis, \u00e9l junto a los otros tres asume la clandestinidad que mantiene durante 3 meses hasta que es detenido en un piso del municipio ateniense de Vyronas el 13 de enero de 2013, en posesi\u00f3n de varias armas.<\/p>\n<p style=\"text-align: justify\">Entre el 22 y 26 de Marzo se realiz\u00f3 el juicio contra los 5 por quemar coches de la DEI. Las condenas fueron las siguientes: Giannis Skouloudis &#8211; 5 a\u00f1os y 5 meses (el 23 de Junio de 2012, despu\u00e9s de haber cumplido 2-5 de su condena, el compa\u00f1ero fue liberado), D. Dimitsiadis y H.Tsilianidis \u2013 2 a\u00f1os y 10 meses y S.Tsifkas y D.Fessas \u2013 2 a\u00f1os y 5 meses.<\/p>\n<p style=\"text-align: justify\">Adem\u00e1s, el 5 de diciembre de 2012 termin\u00f3 el juicio por los cargos relativos al contexto de la detenci\u00f3n de los llamados \u201c4 de Vyronas\u201d, es decir, los 4 compas que fueron detenidos en el piso de Vyronas antes mencionado (Babis Tsilianidis, Dimitris Dimitsiadis, Sokratis Tsifkas y Dimitris Fessas). A los compas se les acusa de un delito de conspiraci\u00f3n y otro de tenencia ilegal de armas de fuego y se les impone una pena 4 a\u00f1os de talego y una multa de 3000 \u20ac a cada uno. Con el tiempo, todos fueron puestos en libertad salvo Babis, que permanece en prisi\u00f3n dado que ya el 16 de Noviembre de 2011 fue citado por los fiscales que le acusaron de haber atracado el departamento financiero del Hospital AHEPA en Tesal\u00f3nica (algo que ocurri\u00f3 en Julio de 2010). El juicio por ese atraco tuvo lugar la ma\u00f1ana del 22 de enero de 2013 y se le declar\u00f3 culpable de todos los cargos. La sentencia total que se le dict\u00f3 fue de 10 a\u00f1os y 4 meses, sin libertad condicional, condena que est\u00e1 cumpliendo actualmente.<\/p>\n<p style=\"text-align: justify\">Cabe se\u00f1alar que el compa se ha negado a asistir a los procedimientos judiciales en todo momento, manteniendo una actitud desafiante ante lxs jueces\/zas y sus aparatos legislativos. Babis recibi\u00f3 penas suspendidas tanto en el caso por los veh\u00edculos incendiados de DEI como en el caso por las armas encontradas en el piso donde fue detenido junto a los otros tres compas. Esto habr\u00eda sido suficiente para su excarcelaci\u00f3n de no ser por el tercer caso que se le imputa, relativo al atraco a mano armada al departamento de facturaci\u00f3n del hospital AHEPA de Tesal\u00f3nica, y en el cual el \u00fanico elemento que vincula a Babis con los hechos es una presunta prueba de ADN tomada de un pa\u00f1uelo que fue encontrado cerca del lugar del asalto y cuyo perfil gen\u00e9tico coincidir\u00eda con el de Babis. Esto, sin embargo, permite al Estado griego mantener en prisi\u00f3n a Babis mientras que los dem\u00e1s han sido excarcelados.<\/p>\n<p style=\"text-align: justify\">El 18 de septiembre de 2013 tendr\u00eda que haber tenido lugar un consejo judicial para examinar la petici\u00f3n presentada por Babis de interrumpir la condena, pero una huelga del personal judicial oblig\u00f3 a aplazar este evento para el 15 de enero de 2014, ante lo cual, para no esperar tanto, se presenta una nueva solicitud, siendo aceptada y quedando programada por lo tanto para el pr\u00f3ximo 20 de noviembre de 2013 un consejo judicial, el cual estudiar\u00e1 finalmente la propuesta.<\/p>\n<p style=\"text-align: justify\">Solidaridad con todxs lxs presxs de la revuelta.<\/p>\n<p style=\"text-align: justify\"><a href=\"https:\/\/vozcomoarma.noblogs.org\/files\/2013\/10\/sf.png\"><img loading=\"lazy\" decoding=\"async\" class=\"aligncenter size-full wp-image-1184\" alt=\"Muertxs en vida\" src=\"https:\/\/vozcomoarma.noblogs.org\/files\/2013\/10\/sf.png\" width=\"469\" height=\"448\" srcset=\"https:\/\/vozcomoarma.noblogs.org\/files\/2013\/10\/sf.png 469w, https:\/\/vozcomoarma.noblogs.org\/files\/2013\/10\/sf-300x286.png 300w\" sizes=\"auto, (max-width: 469px) 100vw, 469px\" \/><\/a><\/p>\n","protected":false},"excerpt":{"rendered":"<p>Haralambos \u201cBabis\u201d Tsilianidis es un compa griego que lleva encarcelado desde enero. Tras ser acusado junto a otros compas (Dimitris Dimitsiadis, Sokratis Tsifkas y Dimitris Fessas) de haber tomado parte en el incendio de 5 veh\u00edculos de la DEI (compa\u00f1\u00eda &hellip; <a href=\"https:\/\/vozcomoarma.noblogs.org\/?p=1177\">Sigue leyendo <span class=\"meta-nav\">&rarr;<\/span><\/a><\/p>\n","protected":false},"author":7045,"featured_media":0,"comment_status":"closed","ping_status":"open","sticky":false,"template":"","format":"standard","meta":{"footnotes":""},"categories":[116,61,9,7],"tags":[15,16,26,24,19,10,11],"class_list":["post-1177","post","type-post","status-publish","format-standard","hentry","category-babis-tsilianidis","category-noticias","category-noticias-y-comunicados","category-presxs","tag-grecia","tag-guerra-social","tag-insurreccionalismo","tag-reflexion","tag-represion","tag-sabotaje","tag-solidaridad"],"_links":{"self":[{"href":"https:\/\/vozcomoarma.noblogs.org\/index.php?rest_route=\/wp\/v2\/posts\/1177","targetHints":{"allow":["GET"]}}],"collection":[{"href":"https:\/\/vozcomoarma.noblogs.org\/index.php?rest_route=\/wp\/v2\/posts"}],"about":[{"href":"https:\/\/vozcomoarma.noblogs.org\/index.php?rest_route=\/wp\/v2\/types\/post"}],"author":[{"embeddable":true,"href":"https:\/\/vozcomoarma.noblogs.org\/index.php?rest_route=\/wp\/v2\/users\/7045"}],"replies":[{"embeddable":true,"href":"https:\/\/vozcomoarma.noblogs.org\/index.php?rest_route=%2Fwp%2Fv2%2Fcomments&post=1177"}],"version-history":[{"count":4,"href":"https:\/\/vozcomoarma.noblogs.org\/index.php?rest_route=\/wp\/v2\/posts\/1177\/revisions"}],"predecessor-version":[{"id":1179,"href":"https:\/\/vozcomoarma.noblogs.org\/index.php?rest_route=\/wp\/v2\/posts\/1177\/revisions\/1179"}],"wp:attachment":[{"href":"https:\/\/vozcomoarma.noblogs.org\/index.php?rest_route=%2Fwp%2Fv2%2Fmedia&parent=1177"}],"wp:term":[{"taxonomy":"category","embeddable":true,"href":"https:\/\/vozcomoarma.noblogs.org\/index.php?rest_route=%2Fwp%2Fv2%2Fcategories&post=1177"},{"taxonomy":"post_tag","embeddable":true,"href":"https:\/\/vozcomoarma.noblogs.org\/index.php?rest_route=%2Fwp%2Fv2%2Ftags&post=1177"}],"curies":[{"name":"wp","href":"https:\/\/api.w.org\/{rel}","templated":true}]}}