{"id":11843,"date":"2016-04-29T15:55:43","date_gmt":"2016-04-29T13:55:43","guid":{"rendered":"http:\/\/vozcomoarma.noblogs.org\/?p=11843"},"modified":"2016-04-29T15:55:43","modified_gmt":"2016-04-29T13:55:43","slug":"chile-comunicado-del-compa-jose-miguel-sanchez-a-10-dias-de-su-huelga-de-hambre-liquida","status":"publish","type":"post","link":"https:\/\/vozcomoarma.noblogs.org\/?p=11843","title":{"rendered":"Chile &#8211; Comunicado del compa Jos\u00e9 Miguel S\u00e1nchez, a 10 d\u00edas de su huelga de hambre l\u00edquida"},"content":{"rendered":"<p style=\"text-align: justify\" align=\"JUSTIFY\">Recibo en el correo electr\u00f3nico el siguiente comunicado del ex-preso pol\u00edtico subversivo Jos\u00e9 Miguel S\u00e1nchez, el cual se encuentra en huelga de hambre desde hace ya casi dos semanas. Para m\u00e1s informaci\u00f3n de la huelga del compa\u00f1ero (no siendo \u00e9l el \u00fanico ex-prisionero pol\u00edtico participante) pod\u00e9is leer el post publicado al respecto por lxs compas del blog <strong><a href=\"https:\/\/instintosalvaje.org\/2016\/04\/19\/santiago-chile-chile-companero-jose-miguel-sanchez-en-huelga-de-hambre-indefinida\/\">Instinto Salvaje<\/a><\/strong>. Los ex-prisioneros pol\u00edticos subversivos en huelga de hambre l\u00edquida indefinida (s\u00f3lo consumen bebida) est\u00e1n ahora viviendo en\u00a0el segundo piso de la Central Unitaria de Pensionados y Montepiados de Chile (Cupemchi) desde donde mantienen la huelga, exigiendo:<\/p>\n<p style=\"text-align: justify\" align=\"JUSTIFY\">1. Fin a los pactos c\u00f3mplices de \u00ab50 a\u00f1os de silencio\u00bb que protegen a criminales torturadores.<br \/>\n2. Reparaci\u00f3n, seg\u00fan normativas internacionales suscritas por Chile, a las v\u00edctimas de prisi\u00f3n pol\u00edtica, torturas y violaciones: Uno de los principales problemas.<br \/>\n3. No obviar ning\u00fan punto del petitorio en materia de homologaci\u00f3n con la Pensi\u00f3n Rettig, Pensi\u00f3n de Viudas, vivienda, educaci\u00f3n, salud, etc. Sin obviar punto alguno de lo firmado y acordado.<br \/>\n4. Reapertura de la Comisi\u00f3n Valech.<\/p>\n<p style=\"text-align: justify\" align=\"JUSTIFY\">\n<p style=\"text-align: justify\" align=\"JUSTIFY\">&#8212;&#8212;&#8212;&#8212;&#8212;&#8212;&#8212;&#8212;&#8211;<\/p>\n<p style=\"text-align: justify\" align=\"JUSTIFY\"><em>En este, el d\u00e9cimo d\u00eda de huelga de hambre que enfrentamos con entereza, fuerza y convicci\u00f3n, esclarezco mi posici\u00f3n de lucha encarando a la mentirosa, corrupta e inmoral clase pol\u00edtica, quienes ambicionan una cuota de poder, olvidando principios y \u00e9tica moral. Aquellos que lucran con la clase trabajadora sometida por un paup\u00e9rrimo sueldo de hambre, siendo ni m\u00e1s ni menos que unos esclavos pasivos de la clase dominante.<\/em><\/p>\n<p style=\"text-align: justify\" align=\"JUSTIFY\"><em>Estos mismos que antes dec\u00edan luchar en beneficio de esta clase trabajadora, hoy les roban descaradamente, estando corrompidos desde los cimientos, aferrados a sus trepadoras ansias de seguir mamando del pecho del Poder, quien les permite succionar mientras act\u00faen en bloque defendiendo los intereses del gobierno de facto.<\/em><\/p>\n<p style=\"text-align: justify\" align=\"JUSTIFY\"><em>En nuestro caso, quienes luchamos en consecuencia con lo que pensamos, exigiendo verdad, justicia, reparaci\u00f3n integral y una vida digna, se nos ataca y menosprecia. Hoy y siempre hemos luchado por libertad, emancipaci\u00f3n y porque cesen los abusos hacia los m\u00e1s despose\u00eddos. Nuestra dignidad jam\u00e1s la van a pisotear, nuestra rebeli\u00f3n por la miseria es justa, hemos dado la cara en \u00e9pocas duras, enfrent\u00e1ndonos a todos los aparatajes policiales existentes. Nunca nos ha vencido el miedo y hoy lo reafirmamos con esta huelga de hambre donde no desechamos ninguna herramienta de lucha. Hasta la m\u00e1s radical usaremos de ser necesario, exigiendo con moral combativa lo que son las reivindicaciones de esta movilizaci\u00f3n.<\/em><\/p>\n<p style=\"text-align: justify\" align=\"JUSTIFY\"><em>Merecemos lo que pedimos. Expusimos nuestras vidas enfrentando al tirano de Pinochet y a sus poderes. Quienes hoy est\u00e1n tras un escritorio con cargos inventados, ni siquiera fueron capaces de levantar la voz en esa \u00e9poca y menos enfrentarles. \u00bfCon qu\u00e9 moral pueden negarse ellos a nuestras demandas? \u00a1No tienen justificaci\u00f3n! Estos lacayos de la clase dominante no frenar\u00e1n nuestra lucha de justicia ni podr\u00e1n nunca detener la rebeld\u00eda emancipadora de las nuevas generaciones, porque ellos act\u00faan cuestionan y no se someten. Van derribando todo lo que les encadene, ser\u00e1n ellos quienes en consecuencia juzgar\u00e1n nuestro actuar.<\/em><\/p>\n<p style=\"text-align: justify\" align=\"JUSTIFY\"><em>\u00a1Que no halle el esclavo donde atar sus cadenas!<\/em><br \/>\n<em>Arriba los que luchan.<\/em><br \/>\n<em>Hasta vencer o morir.<\/em><\/p>\n<p style=\"text-align: justify\" align=\"JUSTIFY\"><em>Jos\u00e9 Miguel S\u00e1nchez Jim\u00e9nez<\/em><br \/>\n<em>Ex prisionero pol\u00edtico en huelga de hambre<\/em><\/p>\n","protected":false},"excerpt":{"rendered":"<p>Recibo en el correo electr\u00f3nico el siguiente comunicado del ex-preso pol\u00edtico subversivo Jos\u00e9 Miguel S\u00e1nchez, el cual se encuentra en huelga de hambre desde hace ya casi dos semanas. Para m\u00e1s informaci\u00f3n de la huelga del compa\u00f1ero (no siendo \u00e9l &hellip; <a href=\"https:\/\/vozcomoarma.noblogs.org\/?p=11843\">Sigue leyendo <span class=\"meta-nav\">&rarr;<\/span><\/a><\/p>\n","protected":false},"author":7045,"featured_media":0,"comment_status":"closed","ping_status":"open","sticky":false,"template":"","format":"standard","meta":{"footnotes":""},"categories":[58,138,61,9,7],"tags":[14,35,36,78,16,42,24,19,11,71],"class_list":["post-11843","post","type-post","status-publish","format-standard","hentry","category-acciones","category-jose-miguel-sanchez","category-noticias","category-noticias-y-comunicados","category-presxs","tag-anti-fascismo","tag-asesinato-de-estado","tag-ataque-fascista","tag-chile","tag-guerra-social","tag-movimientos-sociales","tag-reflexion","tag-represion","tag-solidaridad","tag-tortura"],"_links":{"self":[{"href":"https:\/\/vozcomoarma.noblogs.org\/index.php?rest_route=\/wp\/v2\/posts\/11843","targetHints":{"allow":["GET"]}}],"collection":[{"href":"https:\/\/vozcomoarma.noblogs.org\/index.php?rest_route=\/wp\/v2\/posts"}],"about":[{"href":"https:\/\/vozcomoarma.noblogs.org\/index.php?rest_route=\/wp\/v2\/types\/post"}],"author":[{"embeddable":true,"href":"https:\/\/vozcomoarma.noblogs.org\/index.php?rest_route=\/wp\/v2\/users\/7045"}],"replies":[{"embeddable":true,"href":"https:\/\/vozcomoarma.noblogs.org\/index.php?rest_route=%2Fwp%2Fv2%2Fcomments&post=11843"}],"version-history":[{"count":1,"href":"https:\/\/vozcomoarma.noblogs.org\/index.php?rest_route=\/wp\/v2\/posts\/11843\/revisions"}],"predecessor-version":[{"id":11844,"href":"https:\/\/vozcomoarma.noblogs.org\/index.php?rest_route=\/wp\/v2\/posts\/11843\/revisions\/11844"}],"wp:attachment":[{"href":"https:\/\/vozcomoarma.noblogs.org\/index.php?rest_route=%2Fwp%2Fv2%2Fmedia&parent=11843"}],"wp:term":[{"taxonomy":"category","embeddable":true,"href":"https:\/\/vozcomoarma.noblogs.org\/index.php?rest_route=%2Fwp%2Fv2%2Fcategories&post=11843"},{"taxonomy":"post_tag","embeddable":true,"href":"https:\/\/vozcomoarma.noblogs.org\/index.php?rest_route=%2Fwp%2Fv2%2Ftags&post=11843"}],"curies":[{"name":"wp","href":"https:\/\/api.w.org\/{rel}","templated":true}]}}