{"id":11855,"date":"2016-04-30T01:09:57","date_gmt":"2016-04-29T23:09:57","guid":{"rendered":"http:\/\/vozcomoarma.noblogs.org\/?p=11855"},"modified":"2016-04-30T01:09:57","modified_gmt":"2016-04-29T23:09:57","slug":"texto-texto-del-fanzine-repartido-en-la-jornada-de-solidaridad-con-calais-en-madrid","status":"publish","type":"post","link":"https:\/\/vozcomoarma.noblogs.org\/?p=11855","title":{"rendered":"[Texto] Texto del fanzine repartido en la Jornada de solidaridad con Calais en Madrid."},"content":{"rendered":"<p style=\"text-align: justify\">\n<p style=\"text-align: justify\"><a href=\"https:\/\/vozcomoarma.noblogs.org\/files\/2016\/04\/aint-no-border.jpg\"><img loading=\"lazy\" decoding=\"async\" class=\"size-medium wp-image-11856 alignleft\" src=\"https:\/\/vozcomoarma.noblogs.org\/files\/2016\/04\/aint-no-border-300x197.jpg\" alt=\"aint-no-border\" width=\"300\" height=\"197\" srcset=\"https:\/\/vozcomoarma.noblogs.org\/files\/2016\/04\/aint-no-border-300x197.jpg 300w, https:\/\/vozcomoarma.noblogs.org\/files\/2016\/04\/aint-no-border.jpg 960w\" sizes=\"auto, (max-width: 300px) 100vw, 300px\" \/><\/a>Recojo de <strong><a href=\"http:\/\/contramadriz.espivblogs.net\/2016\/04\/26\/francia-llamamiento-a-la-solidaridad-internacional-contra-los-desalojos-en-calais-y-contra-las-fronteras\/\">ContraMadriz<\/a>\u00a0<\/strong>y difundo la transcripci\u00f3n del texto del fanzine que fue distribu\u00eddo en el contexto de la <strong><a href=\"http:\/\/www.lahaine.org\/mm_ss_est_esp.php\/jornada-solidaria-con-l-s\">Jornada de solidaridad con las personas refugiadas en Calais<\/a><\/strong> que se llev\u00f3 a cabo el pasado 24 de abril en el Centro Social Okupado La 13-14 Okupada del barrio de Vallecas, Madrid.<\/p>\n<p style=\"text-align: justify\">Para m\u00e1s noticias en este blog de la situaci\u00f3n en la llamada Jungla de Calais, click aqu\u00ed.<\/p>\n<p style=\"text-align: justify\">&#8212;&#8212;&#8212;&#8212;&#8212;&#8212;&#8212;&#8212;&#8212;&#8212;-<\/p>\n<p style=\"text-align: justify\"><em><strong>Calais<br \/>\n<\/strong><strong>Calais Migrant Solidarity<br \/>\n<\/strong><strong>C.M.S.<br \/>\n<\/strong><strong>No Borders<\/strong><\/em><\/p>\n<p style=\"text-align: justify\"><em><strong>Introducci\u00f3n:<\/strong><\/em><\/p>\n<p style=\"text-align: justify\"><em>Desde 2009 ha habido un gran n\u00famero de inmigrantes intentando llegar a Reino unido. Cientos a\u00f1os atr\u00e1s y miles hoy en d\u00eda. Gente que ha venido desde todas partes del mundo: Afganist\u00e1n, Irak, Pakist\u00e1n, Ir\u00e1n, Somalia, Egipto, Siria, Sud\u00e1n, Palestina, Chad, Eritr\u00e9a, Albania, Senegal, Kurdist\u00e1n, Libia y Etiop\u00eda siendo las comunidades mas grandes las del este africano y de Afganist\u00e1n. En su gran mayor\u00eda son hombres de mediana edad aunque el n\u00famero de adolescentes, ni\u00f1xs y mujeres se ha ido incrementando en muchos casos viajando solxs hasta Calais.<\/em><\/p>\n<p style=\"text-align: justify\"><em>La ley de inmigraci\u00f3n en el Reino Unido hace que, para la gente no-europea, sea pr\u00e1cticamente imposible entrar en el pa\u00eds. Se necesita un visado, o sea, dinero, y una serie de muy estrictos requisitos. A menos que est\u00e9s dentro del pa\u00eds, no puedes pedir asilo. Por lo tanto, esta ley, hace que tengas que entrar de manera ilegal para solicitarlo. Esto obliga a las personas inmigrantes, las cuales muchas de ellas han sobrevivido a guerras y violaciones de los derechos humanos, a arriesgar la vida tratando de cruzar. S\u00f3lo en este a\u00f1o al menos 25 personas han perdido la vida (probablemente hay otras que no sabemos); la ultima se llama Yossuf, un adolescente de Sud\u00e1n que fue atropellado por un coche a s\u00f3lo tres d\u00edas de su llegada a Calais. Otros cientos de personas han sido heridas gravemente permaneciendo durante meses hospitalizadas.<\/em><\/p>\n<p style=\"text-align: justify\"><em>Calais es la ciudad francesa m\u00e1s cercana al Reino Unido. Debido a esto y al Eurot\u00fanel es el punto fronterizo m\u00e1s transitado y, por lo tanto, por donde la mayor\u00eda intenta cruzar.<\/em><\/p>\n<p style=\"text-align: justify\"><em>En el 2003 Francia y Reino Unido firmaron un tratado en el que acordaron controles fronterizos de ambos pa\u00edses a ambos lados. Por lo tanto, las personas que est\u00e1n atrapadas intentando cruzar seguir\u00e1n en suelo franc\u00e9s. Se ha generado un cuello de botella en el que el gobierno brit\u00e1nico invierte muchos millones.<\/em><\/p>\n<p style=\"text-align: justify\"><em>\u00bfPor qu\u00e9 la gente quiere ir a Reino Unido?<\/em><\/p>\n<p style=\"text-align: justify\"><em>A menudo la gente se encuentra con esta pregunta durante su viaje y se ven forzadas a revivir historias traum\u00e1ticas para justificar su presencia en Europa.<\/em><\/p>\n<p style=\"text-align: justify\"><em>Para nosotrxs eso no es lo importante, nosotrxs creemos que la libertad de movimiento no debe ser s\u00f3lo para lxs ricxs y blancxs.<\/em><\/p>\n<p style=\"text-align: justify\"><em>La verdadera historia de Calais no es que haya muchas personas pidiendo asilo en Reino Unido, aunque teniendo en cuenta el contexto hist\u00f3rico de guerras, no deber\u00eda ser una sorpresa.<\/em><\/p>\n<p style=\"text-align: justify\"><em>La verdadera historia es la violencia y represi\u00f3n hacia las personas inmigrantes en Calais por parte del Estado.<\/em><\/p>\n<p style=\"text-align: justify\"><em>Por supuesto esta no es la \u00fanica frontera en la que la gente se juega la vida en busca de un lugar seguro. Por toda Europa, en especial en sus per\u00edmetros, miles de personas han perdido la vida en los \u00faltimos a\u00f1os. Muchas de estas personas van a otros pa\u00edses (Alemania, Francia o Su\u00edza reciben muchxs m\u00e1s refugiadxs que Reino Unido) y de hecho, mucha gente que est\u00e1 en \u201clas Junglas\u201d en Calais est\u00e1n pidiendo asilo en Francia en vez de seguir intentando cruzar. Estxs siguen atrapadxs all\u00ed debido a la p\u00e9sima organizaci\u00f3n proporcionada a la gente que lo solicita.<\/em><\/p>\n<p style=\"text-align: justify\"><em><strong>D\u00eda a d\u00eda en Calais.<\/strong><\/em><\/p>\n<p style=\"text-align: justify\"><em>En 2002, debido a la presi\u00f3n de los medios de comunicaci\u00f3n brit\u00e1nicos, el centro de d\u00eda dirigido por Cruz Roja Sangatt fue cerrado. Esto y el Tratado de Touquet en 2003 marc\u00f3 el principio de un r\u00e9gimen fronterizo de constante represi\u00f3n hacia lxs inmigrantes con la intenci\u00f3n de desmoralizar sus esperanzas en alcanzar Reino Unido.<\/em><\/p>\n<p style=\"text-align: justify\"><em>Un componente fundamental ha sido la constante represi\u00f3n a los espacios aut\u00f3nomos y okupados por la ciudad y sus alrededores. Invadi\u00e9ndolos, desaloj\u00e1ndolos, arrestando a sus okupantes y despu\u00e9s destruy\u00e9ndolos con todas sus pertenencias, pasaportes, tiendas de campa\u00f1a, sacos de dormir y mantas, fotos familiares, dinero\u2026 Tambi\u00e9n en estaciones de tren, parques e incluso puntos de distribuci\u00f3n de comida la polic\u00eda hace controles de identidad seguidos de constantes detenciones.<\/em><\/p>\n<p style=\"text-align: justify\"><em>La violencia a la que se enfrentan lxs que intentan cruzar la frontera es constante. Son agredidxs, atacadxs con perrxs, gaseadxs con spray pimienta y gas lacrim\u00f3geno, constantemente amenazadxs y humilladxs. Todo esto junto a las lesiones provocadas intentando cruzar la frontera.<\/em><\/p>\n<p style=\"text-align: justify\"><em>La polic\u00eda no es la \u00fanica en contribuir en la violencia en contra de lxs inmigrantes. Las multas que el r\u00e9gimen fronterizo impone a lxs camionerxs hacen que estxs sean otro riesgo para lxs inmigrantes. La amenaza fascista es otra de las caras que ofrece Calais. En 2013 naci\u00f3 un grupo llamado \u201cSaubons Calais\u201d (Salvemos Calais). Estxs son lxs responsables de varias concentraciones fascistas en la ciudad y, en marzo de 2014, atacaron durante una semana un edificio okupado con c\u00f3cteles molotov. Lxs fascistas atacan a menudo a las personas inmigrantes que van en peque\u00f1os grupos. Utilizan armas, desde coches y motos, y atacan en infraestructuras creadas por asociaciones como por ejemplo unas duchas de la asociaci\u00f3n \u201cSecours Catholique\u201d que fueron quemadas varias veces.<\/em><\/p>\n<p style=\"text-align: justify\"><em>Mucha gente y negocios de la ciudad contribuyen al apartheid en Calais. Tiendas, bares y caf\u00e9s no permiten que inmigrantes las frecuenten. El trato a las personas que solicitan asistencia m\u00e9dica, incluyendo el hospital local, es p\u00e9simo y a veces nulo.<\/em><\/p>\n<p style=\"text-align: justify\"><em><strong>Situaci\u00f3n actual.<\/strong><\/em><\/p>\n<p style=\"text-align: justify\"><em>Desde la apertura del centro Jules Ferry a principio de 2015 y el cierre de la mayor\u00eda de espacios aut\u00f3nomos, la mayor\u00eda de la gente vive en la nueva, no oficial pero permitida, Jungla que no est\u00e1 en constante riesgo de desalojo, pero que se encuentra a una hora de la ciudad. Jules Ferry proporciona servicios b\u00e1sicos como duchas, una comida diaria, alojamiento para mujeres y ni\u00f1xs, urinarios y electricidad para cargar los m\u00f3viles.<\/em><\/p>\n<p style=\"text-align: justify\"><em>En definitiva, para las autoridades de Calais, este centro y esta \u201ctolerada\u201d Jungla, son parte de una estrategia para acabar con los espacios aut\u00f3nomos en la ciudad y empujarles a vivir fuera de ella y que as\u00ed el bienestar de las personas de Calais no se vea perturbado.<\/em><\/p>\n<p style=\"text-align: justify\"><em>Por supuesto no cabe decir que viviendo todas en el mismo espacio, la polic\u00eda tiene mayor control de la situaci\u00f3n.<\/em><\/p>\n<p style=\"text-align: justify\"><em>Estos cambios han creado un gueto a las afueras de la ciudad, con la construcci\u00f3n de tiendas, bares, iglesias, mezquitas, etc. da la sensaci\u00f3n de que una ciudad est\u00e1 brotando a las afueras de Calais.<\/em><\/p>\n<p style=\"text-align: justify\"><em>Desde la creaci\u00f3n de esta nueva Jungla lxs inmigrantes hacen un recorrido de 3 horas para llegar al Eurot\u00fanel y de camino es el \u00fanico momento en el que pisan la ciudad de Calais.<\/em><\/p>\n<p style=\"text-align: justify\"><em>Ha habido un importante aumento de la seguridad en el puerto, el Eurot\u00fanel, carreteras, p\u00e1rkings de camiones el \u00faltimo a\u00f1o. Esto, en gran parte, se debe a la peligrosa participaci\u00f3n de los medios de comunicaci\u00f3n brit\u00e1nicos y a la presi\u00f3n (dinero) de su gobierno.<\/em><\/p>\n<p style=\"text-align: justify\"><em><strong>Calais Migrant Solidarity. CMS (No Borders)<\/strong><\/em><\/p>\n<p style=\"text-align: justify\"><em><strong>\u00bfQui\u00e9nes somos?<\/strong><\/em><\/p>\n<p style=\"text-align: justify\"><em>CMS empez\u00f3 en el 2009. Fue un proyecto que surgi\u00f3 del \u201cCalais No Borders Camp\u201d de aquel verano en el que cientos de personas de todo el mundo llegaron al campamento de las afueras de la ciudad para tomar medidas contra las fronteras y estrechar lazos con las personas sin papeles.<\/em><\/p>\n<p style=\"text-align: justify\"><em>Tambi\u00e9n somos ampliamente conocidxs como No Borders y esto lleva a un poco de confusi\u00f3n. No Borders no es un grupo, es una idea. Una idea que como su propio nombre indica est\u00e1 en contra de las fronteras. Creemos en el libre movimiento de todas las personas.<\/em><\/p>\n<p style=\"text-align: justify\"><em>Las fronteras generan miseria y muerte. Son una cruel ficci\u00f3n, un arma basada en el divide y vencer\u00e1s. Sirven a lxs ricxs, que las utilizan para proteger su riqueza acumulada por el colonialismo y el capitalismo.<\/em><\/p>\n<p style=\"text-align: justify\"><em>Las fronteras crean una falsa ilusi\u00f3n de seguridad y control.<\/em><\/p>\n<p style=\"text-align: justify\"><em>CMS es una red informal de muchas personas.<\/em><br \/>\n<em>No somos una organizaci\u00f3n centralizada.<\/em><br \/>\n<em>No tenemos una sola l\u00ednea de trabajo.<\/em><br \/>\n<em>\u00bfEs posible un mundo sin fronteras?<\/em><br \/>\n<em>\u00bfEs posible un mundo sin tiran\u00eda, explotaci\u00f3n y opresi\u00f3n?<\/em><br \/>\n<em>Tal vez si, tal vez no en todas partes. \u00bfAcaso eso nos deber\u00eda frenar?<\/em><\/p>\n<p style=\"text-align: justify\"><em>No Borders no es solo una utop\u00eda, es una pr\u00e1ctica diaria, todos los d\u00edas personas est\u00e1n cruzando, abriendo grietas en su control, abriendo caminos hacia la libertad.<\/em><\/p>\n<p style=\"text-align: justify\"><em><strong>Algunas acciones que hemos hecho.<\/strong><\/em><\/p>\n<p style=\"text-align: justify\"><em>Junio 2009: Se decide empezar una presencia permanente en Calais.<\/em><br \/>\n<em>Febrero 2010: CMS alquila una nave industrial para dar refugio a j\u00f3venes de Afganist\u00e1n y como centro social, en una semana fue desalojado por la polic\u00eda.<\/em><br \/>\n<em>Junio 2010: \u00c1frica House fue una nave industrial okupada en la que conviv\u00edamos con gente de Eritrea, Sud\u00e1n\u2026<\/em><br \/>\n<em>Septiembre 2010: Festival Sin Fronteras.<\/em><br \/>\n<em>Verano 2011: Cocinas Anarquistas No Borders.<\/em><br \/>\n<em>Febrero 2012: Manifestaci\u00f3n en el centro de detenci\u00f3n Coquelles.<\/em><br \/>\n<em>Junio 2012: Apertura de \u201cZetkin centre\u201d centro cultural que m\u00e1s adelante fue desalojado por los CRS.<\/em><br \/>\n<em>Junio 2013: Okupaci\u00f3n de un edifico en la calle V\u00edctor Hugo con el fin de alojar madres e hijxs sin papeles, dur\u00f3 m\u00e1s de un a\u00f1o.<\/em><br \/>\n<em>Junio 2014: En respuesta a una reciente operaci\u00f3n policial que termina con el desalojo de tres espacios se responde con la okupaci\u00f3n de \u201cFort Gallo\u201d que dur\u00f3 hasta Junio de este a\u00f1o.<\/em><\/p>\n<p style=\"text-align: justify\"><em>CMS ha estado en el punto de mira del Estado franc\u00e9s y brit\u00e1nico, la polic\u00eda y los medios de comunicaci\u00f3n, por mostrar apoyo con las personas sin papeles y hacer difusi\u00f3n del apartheid que amenaza a inmigrantes desde hace muchos a\u00f1os.<\/em><\/p>\n<p style=\"text-align: justify\"><em><strong>Contraportada<\/strong><\/em><\/p>\n<p style=\"text-align: justify\"><em>Guerras imperialistas en Oriente Medio, \u00c1frica y Asia est\u00e1n provocando la mayor crisis de refugiadxs desde la Segunda Guerra Mundial con m\u00e1s de 60 millones de desplazadxs. Unxs 20 millones han dejado sus pa\u00edses. La mayor\u00eda se est\u00e1n pudriendo en campos de refugiadxs de pa\u00edses vecinos. Lxs m\u00e1s valientes se est\u00e1n jugando la vida, no en busca de una vida mejor, sino de una vida. Esas personas viv\u00edan bien hasta que sus pa\u00edses fueron y est\u00e1n siendo destrozados.<\/em><\/p>\n<p style=\"text-align: justify\"><em>Est\u00e1n apareciendo campos de refugiadxs por todas partes y la p\u00e9sima organizaci\u00f3n de instituciones hace que huyan de situaciones terribles.<\/em><\/p>\n<p style=\"text-align: justify\"><em>Los gobiernos destacan por su ausencia excepto para reforzar las fronteras, construir centros de detenci\u00f3n y tortura y mandar a la polic\u00eda para parar y deportar a esas personas. Grandes ONG&#8217;s est\u00e1n ausentes o est\u00e1n siendo c\u00f3mplices trabajando de la mano de las instituciones que generan el problema.<\/em><\/p>\n<p style=\"text-align: justify\"><em>No es suficiente con la ayuda humanitaria; es importante y necesaria, pero no es suficiente. Es importante si queremos dar refugio y proteger a nuestrxs hermanxs que se politice m\u00e1s nuestra solidaridad. Tenemos esa responsabilidad como mundo occidental. Debemos oponernos, por todos los medios, a las pol\u00edtica gubernamentales que atacan, oprimen y deshumanizan a lxs refugiadxs y personas inmigrantes.<\/em><\/p>\n<p style=\"text-align: justify\"><em><strong>Calais: <a href=\"https:\/\/calaismigrantsolidarity.wordpress.com\/\">https:\/\/calaismigrantsolidarity.wordpress.com<br \/>\n<\/a><\/strong><strong>Marruecos: <a href=\"https:\/\/beatingborders.wordpress.com\/\">https:\/\/beatingborders.wordpress.com<br \/>\n<\/a><\/strong><strong>Italia: <a href=\"https:\/\/noborders20miglia.noblogs.org\/\">https:\/\/noborders20miglia.noblogs.org<br \/>\n<\/a><\/strong><strong>Londres: <a href=\"https:\/\/href.li\/?http:\/\/london.noborders.org.uk\/\">http:\/\/london.noborders.org.uk\/<\/a><\/strong><\/em><\/p>\n","protected":false},"excerpt":{"rendered":"<p>Recojo de ContraMadriz\u00a0y difundo la transcripci\u00f3n del texto del fanzine que fue distribu\u00eddo en el contexto de la Jornada de solidaridad con las personas refugiadas en Calais que se llev\u00f3 a cabo el pasado 24 de abril en el Centro &hellip; <a href=\"https:\/\/vozcomoarma.noblogs.org\/?p=11855\">Sigue leyendo <span class=\"meta-nav\">&rarr;<\/span><\/a><\/p>\n","protected":false},"author":7045,"featured_media":0,"comment_status":"closed","ping_status":"open","sticky":false,"template":"","format":"standard","meta":{"footnotes":""},"categories":[60,27,4,20],"tags":[35,54,16,270,76,42,37,34,24,90,19,11,71],"class_list":["post-11855","post","type-post","status-publish","format-standard","hentry","category-fanzines-y-revistas","category-panfletos","category-publicaciones","category-textos","tag-asesinato-de-estado","tag-francia","tag-guerra-social","tag-jungla-de-calais","tag-migrantes","tag-movimientos-sociales","tag-okupacion","tag-racismo","tag-reflexion","tag-reino-unido","tag-represion","tag-solidaridad","tag-tortura"],"_links":{"self":[{"href":"https:\/\/vozcomoarma.noblogs.org\/index.php?rest_route=\/wp\/v2\/posts\/11855","targetHints":{"allow":["GET"]}}],"collection":[{"href":"https:\/\/vozcomoarma.noblogs.org\/index.php?rest_route=\/wp\/v2\/posts"}],"about":[{"href":"https:\/\/vozcomoarma.noblogs.org\/index.php?rest_route=\/wp\/v2\/types\/post"}],"author":[{"embeddable":true,"href":"https:\/\/vozcomoarma.noblogs.org\/index.php?rest_route=\/wp\/v2\/users\/7045"}],"replies":[{"embeddable":true,"href":"https:\/\/vozcomoarma.noblogs.org\/index.php?rest_route=%2Fwp%2Fv2%2Fcomments&post=11855"}],"version-history":[{"count":1,"href":"https:\/\/vozcomoarma.noblogs.org\/index.php?rest_route=\/wp\/v2\/posts\/11855\/revisions"}],"predecessor-version":[{"id":11857,"href":"https:\/\/vozcomoarma.noblogs.org\/index.php?rest_route=\/wp\/v2\/posts\/11855\/revisions\/11857"}],"wp:attachment":[{"href":"https:\/\/vozcomoarma.noblogs.org\/index.php?rest_route=%2Fwp%2Fv2%2Fmedia&parent=11855"}],"wp:term":[{"taxonomy":"category","embeddable":true,"href":"https:\/\/vozcomoarma.noblogs.org\/index.php?rest_route=%2Fwp%2Fv2%2Fcategories&post=11855"},{"taxonomy":"post_tag","embeddable":true,"href":"https:\/\/vozcomoarma.noblogs.org\/index.php?rest_route=%2Fwp%2Fv2%2Ftags&post=11855"}],"curies":[{"name":"wp","href":"https:\/\/api.w.org\/{rel}","templated":true}]}}