{"id":12132,"date":"2016-05-11T17:22:22","date_gmt":"2016-05-11T15:22:22","guid":{"rendered":"http:\/\/vozcomoarma.noblogs.org\/?p=12132"},"modified":"2016-05-16T04:02:59","modified_gmt":"2016-05-16T02:02:59","slug":"jornada-por-la-memoria-historica-anarquista-en-madrid","status":"publish","type":"post","link":"https:\/\/vozcomoarma.noblogs.org\/?p=12132","title":{"rendered":"Jornada por la memoria hist\u00f3rica anarquista en Madrid"},"content":{"rendered":"<p style=\"text-align: justify\">Recojo de <strong><a href=\"http:\/\/contramadriz.espivblogs.net\/2016\/05\/11\/recordatorio-madrid-domingo-15-jornadas-por-la-memoria-historica-anarquista\/\">ContraMadriz<\/a>\u00a0<\/strong>esta convocatoria a una jornada de memoria hist\u00f3rica anarquista el pr\u00f3ximo domingo 15 de mayo:<\/p>\n<p>&#8212;&#8212;&#8212;&#8212;&#8212;&#8212;&#8212;&#8212;&#8212;&#8212;&#8212;&#8212;&#8212;&#8212;&#8212;&#8211;<\/p>\n<p style=\"text-align: justify\"><em><strong>Homenaje a Delgado y Granados<\/strong><\/em><\/p>\n<p style=\"text-align: justify\"><em><strong>12 H &#8211; &lt;M&gt; Aluche. Junto a la antigua c\u00e1rcel de Carabanchel<\/strong><\/em><\/p>\n<p style=\"text-align: justify\"><em>Un 18 de agosto de 1963 son asesinados en el penal de Carabanchel Francisco Granados Data y Joaqu\u00edn Delgado Mart\u00ednez. Miembros de Juventudes Libertarias y la Confederaci\u00f3n Nacional del Trabajo. Formaban parte de una nueva generaci\u00f3n de anarquistas que hab\u00eda decidido plantarle cara al franquismo. La memoria <span id=\"more-1818\"><\/span>de su asesinato por el r\u00e9gimen franquista, m\u00e1s all\u00e1 de su inocencia o culpabilidad a ojos del aparato legal del Estado, viene a ser un homenaje a todos aquellos y aquellas que decidieron luchar contra la tiran\u00eda de su tiempo, con todas las armas y formas a su alcance.<\/em><\/p>\n<p style=\"text-align: justify\"><em>Este peque\u00f1o acto homenaje consistir\u00e1 en una ofrenda floral a los compa\u00f1eros y unas breves palabras en su memoria. Memoria centrada en Granados y Delgado como simples coordenadas de todo un movimiento anarquista que sufri\u00f3 la c\u00e1rcel, la represi\u00f3n y hasta la muerte, antes, durante y, por supuesto, despu\u00e9s de la muerte del dictador.<\/em><\/p>\n<p style=\"text-align: justify\"><em><strong>Charla: El anarquismo durante el periodo franquista.<\/strong><\/em><\/p>\n<p style=\"text-align: justify\"><em><strong>17H \u2013 CSO La Gatonera, calle Valent\u00edn Llaguno, 32 &lt;M&gt; Oporto<\/strong><\/em><\/p>\n<p style=\"text-align: justify\"><em>En 1939 se instaura la dictadura Franquista. El mundo libertario est\u00e1 arrasado, y sus militantes muertos, encarelados o en el exilio. Luego llega la segunda guerra mundial. Franco se mantiene en el poder. R\u00e1pidamente, mientras los anarquistas van saliendo de las c\u00e1rceles y asent\u00e1ndose en el exilio, empieza la resistencia: surge la guerrilla antifranquista, que en el caso de los anarquistas ser\u00e1 tanto urbana como rural. La lucha es atroz y desigual. En los sesenta cae el \u00faltimo guerrillero de una generaci\u00f3n que para 1957 ya estaba exterminada, pero en los sesenta, al calor de las protestas internacionales, estudiantiles y contra la guerra, surge una nueva generaci\u00f3n que no estar\u00e1 dispuesta a pon\u00e9rselo f\u00e1cil al franquismo. Esta generaci\u00f3n de anarquistas tomar\u00e1 el relevo y continuar\u00e1 la lucha hasta llegada de la democracia en 1978\u2026 y m\u00e1s all\u00e1. Esta es la historia de una lucha anarquista contra una dictadura.<\/em><\/p>\n<p style=\"text-align: justify\"><em><strong>Al finalizar la charla, habr\u00e1 cenador vegano en el CSO La Gatonera.<\/strong><\/em><\/p>\n<p style=\"text-align: justify\"><a href=\"https:\/\/vozcomoarma.noblogs.org\/files\/2016\/05\/cartel-final.jpeg\"><img loading=\"lazy\" decoding=\"async\" class=\"aligncenter wp-image-12135 size-full\" src=\"https:\/\/vozcomoarma.noblogs.org\/files\/2016\/05\/cartel-final.jpeg\" alt=\"cartel-final\" width=\"705\" height=\"997\" srcset=\"https:\/\/vozcomoarma.noblogs.org\/files\/2016\/05\/cartel-final.jpeg 705w, https:\/\/vozcomoarma.noblogs.org\/files\/2016\/05\/cartel-final-212x300.jpeg 212w\" sizes=\"auto, (max-width: 705px) 100vw, 705px\" \/><\/a><\/p>\n","protected":false},"excerpt":{"rendered":"<p>Recojo de ContraMadriz\u00a0esta convocatoria a una jornada de memoria hist\u00f3rica anarquista el pr\u00f3ximo domingo 15 de mayo: &#8212;&#8212;&#8212;&#8212;&#8212;&#8212;&#8212;&#8212;&#8212;&#8212;&#8212;&#8212;&#8212;&#8212;&#8212;&#8211; Homenaje a Delgado y Granados 12 H &#8211; &lt;M&gt; Aluche. Junto a la antigua c\u00e1rcel de Carabanchel Un 18 de agosto de &hellip; <a href=\"https:\/\/vozcomoarma.noblogs.org\/?p=12132\">Sigue leyendo <span class=\"meta-nav\">&rarr;<\/span><\/a><\/p>\n","protected":false},"author":7045,"featured_media":0,"comment_status":"closed","ping_status":"open","sticky":false,"template":"","format":"standard","meta":{"footnotes":""},"categories":[59,61,9],"tags":[14,35,36,17,16,67,42,24,19,11],"class_list":["post-12132","post","type-post","status-publish","format-standard","hentry","category-convocatorias","category-noticias","category-noticias-y-comunicados","tag-anti-fascismo","tag-asesinato-de-estado","tag-ataque-fascista","tag-carcel","tag-guerra-social","tag-madrid","tag-movimientos-sociales","tag-reflexion","tag-represion","tag-solidaridad"],"_links":{"self":[{"href":"https:\/\/vozcomoarma.noblogs.org\/index.php?rest_route=\/wp\/v2\/posts\/12132","targetHints":{"allow":["GET"]}}],"collection":[{"href":"https:\/\/vozcomoarma.noblogs.org\/index.php?rest_route=\/wp\/v2\/posts"}],"about":[{"href":"https:\/\/vozcomoarma.noblogs.org\/index.php?rest_route=\/wp\/v2\/types\/post"}],"author":[{"embeddable":true,"href":"https:\/\/vozcomoarma.noblogs.org\/index.php?rest_route=\/wp\/v2\/users\/7045"}],"replies":[{"embeddable":true,"href":"https:\/\/vozcomoarma.noblogs.org\/index.php?rest_route=%2Fwp%2Fv2%2Fcomments&post=12132"}],"version-history":[{"count":3,"href":"https:\/\/vozcomoarma.noblogs.org\/index.php?rest_route=\/wp\/v2\/posts\/12132\/revisions"}],"predecessor-version":[{"id":12205,"href":"https:\/\/vozcomoarma.noblogs.org\/index.php?rest_route=\/wp\/v2\/posts\/12132\/revisions\/12205"}],"wp:attachment":[{"href":"https:\/\/vozcomoarma.noblogs.org\/index.php?rest_route=%2Fwp%2Fv2%2Fmedia&parent=12132"}],"wp:term":[{"taxonomy":"category","embeddable":true,"href":"https:\/\/vozcomoarma.noblogs.org\/index.php?rest_route=%2Fwp%2Fv2%2Fcategories&post=12132"},{"taxonomy":"post_tag","embeddable":true,"href":"https:\/\/vozcomoarma.noblogs.org\/index.php?rest_route=%2Fwp%2Fv2%2Ftags&post=12132"}],"curies":[{"name":"wp","href":"https:\/\/api.w.org\/{rel}","templated":true}]}}