{"id":1233,"date":"2013-10-07T15:15:14","date_gmt":"2013-10-07T13:15:14","guid":{"rendered":"http:\/\/vozcomoarma.noblogs.org\/?p=1233"},"modified":"2013-10-07T18:10:06","modified_gmt":"2013-10-07T16:10:06","slug":"dos-nuevas-acciones-por-la-liberacion-animal-en-la-republica-checa-y-ee-uu","status":"publish","type":"post","link":"https:\/\/vozcomoarma.noblogs.org\/?p=1233","title":{"rendered":"Dos nuevas acciones por la liberaci\u00f3n animal en la Rep\u00fablica Checa y EE.UU."},"content":{"rendered":"<p align=\"JUSTIFY\">Sigue a continuaci\u00f3n la informaci\u00f3n sobre dos acciones por la liberaci\u00f3n animal llevadas a cabo respectivamente en Rep. Checa y en EE.UU.<\/p>\n<p align=\"JUSTIFY\">En el caso de EE.UU., la acci\u00f3n tuvo lugar en Portland el pasado 16 de septiembre, cuando compas que se reivindicaron como FAI &#8211; Oreg\u00f3n (Federaci\u00f3n Anarquista Informal) golpearon a la empresa l\u00e1ctea \u201cSunshine Dairy\u201d jodiendo los neum\u00e1ticos de varias de sus furgonetas.<\/p>\n<p align=\"JUSTIFY\">A continuaci\u00f3n el comunicado, sacado de <a href=\"http:\/\/es.contrainfo.espiv.net\/2013\/10\/05\/oregon-eeuu-sabotaje-a-sunshine-dairy-empresa-de-productos-lacteos\/\">Contrainfo<\/a>:<\/p>\n<p align=\"JUSTIFY\">&#8212;&#8211;<\/p>\n<p align=\"JUSTIFY\"><i>16 de septiembre, m\u00e1s acci\u00f3n directa en Portland.<\/i><\/p>\n<p align=\"JUSTIFY\"><i>Continuando el impulso de acci\u00f3n directa apuntando contra empresas especistas de Portland, rajamos varias ruedas de las furgonetas de la empresa\u00a0Sunshine Dairy Foods, en at 801 NE 21st Avenue. Nos alegra ver el surgimiento de acciones ilegales en Portland. Sigan luchando.<\/i><\/p>\n<p align=\"JUSTIFY\"><i>Hasta la destrucci\u00f3n de todas las prisiones, para humanxs y no humanxs.<\/i><\/p>\n<p align=\"JUSTIFY\"><em><i>FAI \u2013 OREG\u00d3N<\/i><\/em><\/p>\n<p align=\"JUSTIFY\"><a href=\"https:\/\/vozcomoarma.noblogs.org\/files\/2013\/10\/482886_395360967227679_555154943_n.jpg\"><img loading=\"lazy\" decoding=\"async\" class=\"aligncenter\" alt=\"Lobo\" src=\"https:\/\/vozcomoarma.noblogs.org\/files\/2013\/10\/482886_395360967227679_555154943_n.jpg\" width=\"350\" height=\"467\" \/><\/a><\/p>\n<p align=\"JUSTIFY\">&#8212;&#8211;<\/p>\n<p align=\"JUSTIFY\">En la Rep\u00fablica Checa, por su parte, fueron liberados 17 pollos de una granja de explotaci\u00f3n industrial donde pronto ser\u00edan asesinados. El comunicado sacado igualmente de <a href=\"http:\/\/es.contrainfo.espiv.net\/2013\/10\/05\/chequia-liberacion-de-17-pollos\/\">Contrainfo<\/a> va a continuaci\u00f3n:<\/p>\n<p align=\"JUSTIFY\">&#8212;&#8211;<\/p>\n<p align=\"JUSTIFY\"><em><a href=\"http:\/\/www.directaction.info\/news_sep17_13.htm\" target=\"_blank\"><i>17 de septiembre de 2013<\/i><\/a><\/em><\/p>\n<p align=\"JUSTIFY\"><i>Se ha liberado a 17 pollos en Chequia. Se liberaron de una granja industrial poco antes de que lxs mataran y lxs cortaran en trozos. Ahora tienen un nuevo hogar donde pueden vivir hasta que mueran de forma natural. Dado que est\u00e1n tan gen\u00e9ticamente degeneradxs algunxs murieron poco despu\u00e9s de que lxs liberaran\u2026 al menos, tuvieron una bocanada de aire fresco, se escondieron los unos de los otros y corrieron por la hierba.<\/i><\/p>\n<p align=\"JUSTIFY\"><em><i>Gran apoyo a todxs lxs presxs veganxs y todxs lxs activistas que no hacen concesiones.<\/i><\/em><\/p>\n<p style=\"text-align: center\"><a href=\"https:\/\/vozcomoarma.noblogs.org\/files\/2013\/10\/Czech-Republic.jpg\"><img loading=\"lazy\" decoding=\"async\" alt=\"Liberaci\u00f3n 17 pollos Rep. Checa\" src=\"https:\/\/vozcomoarma.noblogs.org\/files\/2013\/10\/Czech-Republic.jpg\" width=\"508\" height=\"339\" \/><\/a><\/p>\n","protected":false},"excerpt":{"rendered":"<p>Sigue a continuaci\u00f3n la informaci\u00f3n sobre dos acciones por la liberaci\u00f3n animal llevadas a cabo respectivamente en Rep. Checa y en EE.UU. En el caso de EE.UU., la acci\u00f3n tuvo lugar en Portland el pasado 16 de septiembre, cuando compas &hellip; <a href=\"https:\/\/vozcomoarma.noblogs.org\/?p=1233\">Sigue leyendo <span class=\"meta-nav\">&rarr;<\/span><\/a><\/p>\n","protected":false},"author":7045,"featured_media":0,"comment_status":"closed","ping_status":"open","sticky":false,"template":"","format":"standard","meta":{"footnotes":""},"categories":[58,9],"tags":[39,24,10,11],"class_list":["post-1233","post","type-post","status-publish","format-standard","hentry","category-acciones","category-noticias-y-comunicados","tag-anti-especismo","tag-reflexion","tag-sabotaje","tag-solidaridad"],"_links":{"self":[{"href":"https:\/\/vozcomoarma.noblogs.org\/index.php?rest_route=\/wp\/v2\/posts\/1233","targetHints":{"allow":["GET"]}}],"collection":[{"href":"https:\/\/vozcomoarma.noblogs.org\/index.php?rest_route=\/wp\/v2\/posts"}],"about":[{"href":"https:\/\/vozcomoarma.noblogs.org\/index.php?rest_route=\/wp\/v2\/types\/post"}],"author":[{"embeddable":true,"href":"https:\/\/vozcomoarma.noblogs.org\/index.php?rest_route=\/wp\/v2\/users\/7045"}],"replies":[{"embeddable":true,"href":"https:\/\/vozcomoarma.noblogs.org\/index.php?rest_route=%2Fwp%2Fv2%2Fcomments&post=1233"}],"version-history":[{"count":4,"href":"https:\/\/vozcomoarma.noblogs.org\/index.php?rest_route=\/wp\/v2\/posts\/1233\/revisions"}],"predecessor-version":[{"id":1256,"href":"https:\/\/vozcomoarma.noblogs.org\/index.php?rest_route=\/wp\/v2\/posts\/1233\/revisions\/1256"}],"wp:attachment":[{"href":"https:\/\/vozcomoarma.noblogs.org\/index.php?rest_route=%2Fwp%2Fv2%2Fmedia&parent=1233"}],"wp:term":[{"taxonomy":"category","embeddable":true,"href":"https:\/\/vozcomoarma.noblogs.org\/index.php?rest_route=%2Fwp%2Fv2%2Fcategories&post=1233"},{"taxonomy":"post_tag","embeddable":true,"href":"https:\/\/vozcomoarma.noblogs.org\/index.php?rest_route=%2Fwp%2Fv2%2Ftags&post=1233"}],"curies":[{"name":"wp","href":"https:\/\/api.w.org\/{rel}","templated":true}]}}