{"id":1265,"date":"2013-10-08T15:42:01","date_gmt":"2013-10-08T13:42:01","guid":{"rendered":"http:\/\/vozcomoarma.noblogs.org\/?p=1265"},"modified":"2013-10-08T15:42:01","modified_gmt":"2013-10-08T13:42:01","slug":"petardo-contra-la-basilica-del-pilar-en-zaragoza","status":"publish","type":"post","link":"https:\/\/vozcomoarma.noblogs.org\/?p=1265","title":{"rendered":"Petardo contra la bas\u00edlica del Pilar en Zaragoza"},"content":{"rendered":"<p style=\"text-align: justify\">En los \u00faltimos d\u00edas, el mismo grupo que reivindic\u00f3 haber colocado el explosivo en la catedral de la Almudena en Madrid se adjudic\u00f3 un nuevo ataque, esta vez dirigido contra la bas\u00edlica del Pilar en la ciudad de Zaragoza. Que estas acciones sigan extendi\u00e9ndose e ilumin\u00e1ndonos la mirada y que se jodan lxs que pretenden una \u00abrevoluci\u00f3n\u00bb sin turbulencias ni sobresaltos. Dejo a continuaci\u00f3n el comunicado, tomado de <a href=\"http:\/\/es.contrainfo.espiv.net\/2013\/10\/03\/zaragoza-estado-espanol-artefacto-explosivo-en-la-catedral-del-pilar\/\">Contrainfo<\/a>:<\/p>\n<p style=\"text-align: justify\">&#8212;&#8212;&#8212;&#8212;&#8212;&#8212;&#8212;&#8212;<\/p>\n<p style=\"text-align: justify\"><em>\u00abAdem\u00e1s, tengo todo el derecho a salir del teatro cuando la comedia me resulta odiosa y tambi\u00e9n golpear la puerta al salir, corriendo el riesgo de perturbar la tranquilidad de aquellos que est\u00e1n satisfechos.\u00bb\u00a0Emile Henry<\/em><\/p>\n<p style=\"text-align: justify\"><em>La autoridad, principio b\u00e1sico de la sociedad, ejerce su dominio por medio de diversas instituciones; la Iglesia es una de las m\u00e1s importantes por su complicidad hist\u00f3rica con el Estado-Capital encarg\u00e1ndose de cimentar y perpetuar el actual Estado de opresi\u00f3n patriarcal y heteronormativo. La Bas\u00edlica del Pilar es uno de los templos significativos para los detentadores del poder. Visitada por Franco en varias ocasiones y por el Papa Juan Pablo II en 1982 y 1984, se erige como uno de los principales s\u00edmbolos y punto de encuentro del fascismo. La Virgen del Pilar es patrona y reina de la hispanidad, en el interior del templo cuelgan como verdaderos trofeos las banderas de todos los Estados que dominan el territorio latinoamericano. Haciendo gala del exterminio provocado por la civilizaci\u00f3n al costado del templo se encuentra la Plaza del Pilar que cuenta con la fuente de la hispanidad que dibuja el mapa del continente centro y suramericano.<\/em><\/p>\n<p style=\"text-align: justify\"><em>Junto con todo lo anterior en septiembre de 1864 se le nombr\u00f3 patrona del colegio de guardias j\u00f3venes y en 1913 se proclama a la Virgen del Pilar patrona de los asesinos a sueldo de la Guardia Civil. La orden ser\u00e1 firmada por Alfonso XIII, el mismo que fuera blanco del anarquista que da nombre a nuestro grupo y que revivimos en febrero del presente a\u00f1o en <a href=\"http:\/\/es.contrainfo.espiv.net\/2013\/02\/07\/madrid-reivindicacion-de-la-colocacion-de-artefacto-explosivo-en-la-catedral-la-almudena\/\" target=\"_blank\">otro ataque<\/a> a un s\u00edmbolo del poder. Los compa\u00f1eros muertos en la acci\u00f3n solo viven mediante la acci\u00f3n.<\/em><\/p>\n<p style=\"text-align: justify\"><em>Luego del triunfo del fascismo en 1939, se declara al Pilar como templo nacional y santuario de la raza. Pasa a ser un lugar privilegiado para Franco y su s\u00e9quito, quienes le otorgaron una importancia central en la toma de Zaragoza y su victoria ante el Frente de Arag\u00f3n. En este templo yace el cad\u00e1ver del empresario y cardenal Juan Soldevila, muerto a manos de Los Solidarios en 1923 por ser uno de los financistas de los pistoleros de la patronal. Este nocivo personaje fue relevante en la historia de este lugar y es recordado en cada celebraci\u00f3n emblem\u00e1tica para el poder, como cada 12 de octubre, fecha en que nuestros enemigos festejan altivos con rezos y plegarias su expansi\u00f3n colonialista en este espacio de intimidad donde transitan con total tranquilidad.<\/em><\/p>\n<p style=\"text-align: justify\"><em>Pero el d\u00eda de hoy, 2 de octubre de 2013 perdi\u00f3 esa calma habitual. Alrededor de las 13:15 hrs, instalamos un artefacto explosivo compuesto por una bombona de gas butano relleno con 2 kgs. de p\u00f3lvora negra, m\u00e1s un sistema de relojer\u00eda para su activaci\u00f3n. Esta acci\u00f3n no tuvo la intenci\u00f3n de da\u00f1ar a feligreses o turistas, es por eso que dimos aviso a la prensa escrita El Peri\u00f3dico (Zaragoza) y El Heraldo, y tambi\u00e9n a la Bas\u00edlica del Pilar con 10 minutos de antelaci\u00f3n a su detonaci\u00f3n para que pudieran desalojar el templo.<\/em><\/p>\n<p style=\"text-align: justify\"><em>Esta acci\u00f3n pretende advertir a sus concurrentes que estandartes fascistas como \u00e9ste no son y jam\u00e1s ser\u00e1n lugares seguros.<\/em><\/p>\n<p style=\"text-align: justify\"><strong><em>Comando Insurreccional Mateo Morral<\/em><\/strong><\/p>\n<p style=\"text-align: center\"><a href=\"https:\/\/vozcomoarma.noblogs.org\/files\/2013\/10\/basilica.jpg\"><img loading=\"lazy\" decoding=\"async\" class=\"aligncenter  wp-image-1266\" alt=\"Petardo Bas\u00edlica Zaragoza\" src=\"https:\/\/vozcomoarma.noblogs.org\/files\/2013\/10\/basilica.jpg\" width=\"449\" height=\"234\" srcset=\"https:\/\/vozcomoarma.noblogs.org\/files\/2013\/10\/basilica.jpg 642w, https:\/\/vozcomoarma.noblogs.org\/files\/2013\/10\/basilica-300x156.jpg 300w\" sizes=\"auto, (max-width: 449px) 100vw, 449px\" \/><\/a><\/p>\n","protected":false},"excerpt":{"rendered":"<p>En los \u00faltimos d\u00edas, el mismo grupo que reivindic\u00f3 haber colocado el explosivo en la catedral de la Almudena en Madrid se adjudic\u00f3 un nuevo ataque, esta vez dirigido contra la bas\u00edlica del Pilar en la ciudad de Zaragoza. Que &hellip; <a href=\"https:\/\/vozcomoarma.noblogs.org\/?p=1265\">Sigue leyendo <span class=\"meta-nav\">&rarr;<\/span><\/a><\/p>\n","protected":false},"author":7045,"featured_media":0,"comment_status":"closed","ping_status":"open","sticky":false,"template":"","format":"standard","meta":{"footnotes":""},"categories":[58,9],"tags":[14,16,26,24,10,118],"class_list":["post-1265","post","type-post","status-publish","format-standard","hentry","category-acciones","category-noticias-y-comunicados","tag-anti-fascismo","tag-guerra-social","tag-insurreccionalismo","tag-reflexion","tag-sabotaje","tag-zaragoza"],"_links":{"self":[{"href":"https:\/\/vozcomoarma.noblogs.org\/index.php?rest_route=\/wp\/v2\/posts\/1265","targetHints":{"allow":["GET"]}}],"collection":[{"href":"https:\/\/vozcomoarma.noblogs.org\/index.php?rest_route=\/wp\/v2\/posts"}],"about":[{"href":"https:\/\/vozcomoarma.noblogs.org\/index.php?rest_route=\/wp\/v2\/types\/post"}],"author":[{"embeddable":true,"href":"https:\/\/vozcomoarma.noblogs.org\/index.php?rest_route=\/wp\/v2\/users\/7045"}],"replies":[{"embeddable":true,"href":"https:\/\/vozcomoarma.noblogs.org\/index.php?rest_route=%2Fwp%2Fv2%2Fcomments&post=1265"}],"version-history":[{"count":2,"href":"https:\/\/vozcomoarma.noblogs.org\/index.php?rest_route=\/wp\/v2\/posts\/1265\/revisions"}],"predecessor-version":[{"id":1269,"href":"https:\/\/vozcomoarma.noblogs.org\/index.php?rest_route=\/wp\/v2\/posts\/1265\/revisions\/1269"}],"wp:attachment":[{"href":"https:\/\/vozcomoarma.noblogs.org\/index.php?rest_route=%2Fwp%2Fv2%2Fmedia&parent=1265"}],"wp:term":[{"taxonomy":"category","embeddable":true,"href":"https:\/\/vozcomoarma.noblogs.org\/index.php?rest_route=%2Fwp%2Fv2%2Fcategories&post=1265"},{"taxonomy":"post_tag","embeddable":true,"href":"https:\/\/vozcomoarma.noblogs.org\/index.php?rest_route=%2Fwp%2Fv2%2Ftags&post=1265"}],"curies":[{"name":"wp","href":"https:\/\/api.w.org\/{rel}","templated":true}]}}