{"id":12816,"date":"2016-06-27T22:47:57","date_gmt":"2016-06-27T20:47:57","guid":{"rendered":"http:\/\/vozcomoarma.noblogs.org\/?p=12816"},"modified":"2016-06-28T03:38:47","modified_gmt":"2016-06-28T01:38:47","slug":"alemania-reportaje-de-radio-anarquista-de-berlin-en-castellano-sobre-la-lucha-en-defensa-de-la-naturaleza-en-chiloe-chile","status":"publish","type":"post","link":"https:\/\/vozcomoarma.noblogs.org\/?p=12816","title":{"rendered":"Alemania &#8211; Reportaje de Radio Anarquista de Berl\u00edn (en castellano) sobre la lucha en defensa de la naturaleza en Chilo\u00e9 (Chile)"},"content":{"rendered":"<p style=\"text-align: justify\" align=\"justify\">Lxs compa\u00f1erxs de la Radio Anarquista de Berl\u00edn han enviado hace unos d\u00edas este audio en castellano de un reportaje que realizaron sobre la lucha por la defensa del territorio en Chilo\u00e9 (Chile).<\/p>\n<p style=\"text-align: justify\" align=\"justify\">Lxs compas tambi\u00e9n env\u00edan enlaces a otros reportajes recientes, algunos de los cuales ya fueron difundidos en este blog, pero que nunca est\u00e1 de m\u00e1s tener presentes:<\/p>\n<p style=\"text-align: justify\" align=\"justify\">&#8212;&#8212;&#8212;&#8212;&#8212;&#8212;&#8212;&#8212;&#8212;&#8212;&#8211;<\/p>\n<p style=\"text-align: justify\" align=\"justify\"><em>En el \u00faltimo tiempo, pero sobre todo en el \u00faltimo mes de mayo se han dado muchas protestas a lo largo del territorio chileno con respecto al maltrato del medio ambiente y de la sociedad. En base a audios de Radio Kurruf de Temuco sobre la crisis ecol\u00f3gica en Chilo\u00e9, impresiones sobre el tema ecoterritorial de la revista Mingako y audios desde una manifestaci\u00f3n en Concepci\u00f3n contra la construcci\u00f3n de un proyecto energ\u00e9tico en la costa de esta ciudad en el centro del pa\u00eds hemos preparado un peque\u00f1o programa sobre la resistencia actual.<\/em><\/p>\n<p style=\"text-align: justify\" align=\"justify\"><em>El audio lo encontrar\u00e1n aqu\u00ed: <strong><a href=\"http:\/\/aradio.blogsport.de\/2016\/06\/23\/a-radio-auf-spanisch-chiloe-y-las-luchas-ecoterritoriales-en-chile\/\">http:\/\/aradio.blogsport.de\/2016\/06\/23\/a-radio-auf-spanisch-chiloe-y-las-luchas-ecoterritoriales-en-chile\/<\/a><\/strong><\/em><\/p>\n<p style=\"text-align: justify\" align=\"justify\"><em>Duraci\u00f3n: 10:28 min<\/em><\/p>\n<p style=\"text-align: justify\"><em>Disfruten y pongan la informaci\u00f3n en sus blogs y p\u00e1ginas web.<\/em><\/p>\n<p style=\"text-align: justify\"><em>Cualquier comentario o sugerencia, por favor al correo: aradio-berlin\/at\/riseup(.)net.<\/em><\/p>\n<p style=\"text-align: justify\"><em>M\u00e1s audios en castellano o ingl\u00e9s <strong><a href=\"http:\/\/aradio.blogsport.de\/englishcastellano\/\">aqu\u00ed<\/a><\/strong>.<br \/>\n<\/em><\/p>\n<p style=\"text-align: justify\"><em>Entre los audios en castellano recientes se encuentran los siguientes temas (pincha encima para acceder):<br \/>\n<\/em><\/p>\n<p style=\"text-align: justify\"><em>* <strong><a href=\"http:\/\/aradio.blogsport.de\/2016\/01\/27\/a-radio-auf-spanisch-mediterraneo-1-la-okupa-autoorganizada-para-refugiadxs-orfanotrofeio-en-thessaloniki\/\">Mediterr\u00e1neo 1: Un audio sobre la okupa autoorganizada para refugiadxs Orfanotrofeio en Thessaloniki (Grecia).<\/a><\/strong><\/em><\/p>\n<p style=\"text-align: justify\"><em>* <strong><a href=\"http:\/\/aradio.blogsport.de\/2016\/01\/18\/a-radio-auf-spanisch-el-museo-mapuche-en-canete-y-la-lucha-mapuche-en-la-region-chilena\/\">Un audio sobre el Museo Mapuche en Ca\u00f1ete (Chile) y la lucha mapuche.<\/a><\/strong><\/em><\/p>\n<p style=\"text-align: justify\"><em>* <strong><a href=\"http:\/\/aradio.blogsport.de\/2015\/11\/18\/a-radio-auf-spanisch-la-fagc-y-la-comunidad-de-la-esperanza-un-proyecto-de-vivienda-anarquista\/\">Una entrevista con la FAGC sobre la comunidad de La Esperanza &#8211; un proyecto de vivienda anarquista.<\/a><\/strong><\/em><\/p>\n<p style=\"text-align: justify\"><em>* <strong><a href=\"http:\/\/aradio.blogsport.de\/2015\/10\/16\/a-radio-auf-spanisch-entrevista-con-marcelo-pereira-sobre-la-diaria-y-la-situacion-en-uruguay\/\">Una entrevista con Marcelo Pereira sobre la Diaria y la situaci\u00f3n en Uruguay.<\/a><\/strong><\/em><\/p>\n<p style=\"text-align: justify\"><em>* <strong><a href=\"http:\/\/aradio.blogsport.de\/2015\/10\/11\/a-radio-auf-spanisch-entrevista-a-la-federacion-anarquista-en-glasgow-sobre-su-trabajo-el-referendum-y-el-nacionalismo\/\">Una entrevista a la Federaci\u00f3n Anarquista en Glasgow sobre su trabajo, el refer\u00e9ndum y el nacionalismo.<\/a><\/strong><\/em><\/p>\n<p style=\"text-align: justify\"><em>PD: Ahora tambi\u00e9n estamos en Twitter: Nos pueden seguir por <strong>@aradio_berlin<\/strong>!<\/em><\/p>\n<p style=\"text-align: justify\" align=\"justify\"><em>PD 2: Y por si acaso: Para nuestra labor internacional estamos buscando gente que est\u00e9 dispuesta a traducir del ingl\u00e9s o alem\u00e1n al castellano. De esta forma podremos traerles muchos m\u00e1s audios sobre el movimiento anarquista y libertario a nivel mundial.<\/em><\/p>\n","protected":false},"excerpt":{"rendered":"<p>Lxs compa\u00f1erxs de la Radio Anarquista de Berl\u00edn han enviado hace unos d\u00edas este audio en castellano de un reportaje que realizaron sobre la lucha por la defensa del territorio en Chilo\u00e9 (Chile). Lxs compas tambi\u00e9n env\u00edan enlaces a otros &hellip; <a href=\"https:\/\/vozcomoarma.noblogs.org\/?p=12816\">Sigue leyendo <span class=\"meta-nav\">&rarr;<\/span><\/a><\/p>\n","protected":false},"author":7045,"featured_media":0,"comment_status":"closed","ping_status":"open","sticky":false,"template":"","format":"standard","meta":{"footnotes":""},"categories":[161,61,9],"tags":[51,47,78,30,16,42,24,19,11],"class_list":["post-12816","post","type-post","status-publish","format-standard","hentry","category-audio","category-noticias","category-noticias-y-comunicados","tag-alemania","tag-anti-desarrollismo","tag-chile","tag-critica-anti-industrial","tag-guerra-social","tag-movimientos-sociales","tag-reflexion","tag-represion","tag-solidaridad"],"_links":{"self":[{"href":"https:\/\/vozcomoarma.noblogs.org\/index.php?rest_route=\/wp\/v2\/posts\/12816","targetHints":{"allow":["GET"]}}],"collection":[{"href":"https:\/\/vozcomoarma.noblogs.org\/index.php?rest_route=\/wp\/v2\/posts"}],"about":[{"href":"https:\/\/vozcomoarma.noblogs.org\/index.php?rest_route=\/wp\/v2\/types\/post"}],"author":[{"embeddable":true,"href":"https:\/\/vozcomoarma.noblogs.org\/index.php?rest_route=\/wp\/v2\/users\/7045"}],"replies":[{"embeddable":true,"href":"https:\/\/vozcomoarma.noblogs.org\/index.php?rest_route=%2Fwp%2Fv2%2Fcomments&post=12816"}],"version-history":[{"count":3,"href":"https:\/\/vozcomoarma.noblogs.org\/index.php?rest_route=\/wp\/v2\/posts\/12816\/revisions"}],"predecessor-version":[{"id":12861,"href":"https:\/\/vozcomoarma.noblogs.org\/index.php?rest_route=\/wp\/v2\/posts\/12816\/revisions\/12861"}],"wp:attachment":[{"href":"https:\/\/vozcomoarma.noblogs.org\/index.php?rest_route=%2Fwp%2Fv2%2Fmedia&parent=12816"}],"wp:term":[{"taxonomy":"category","embeddable":true,"href":"https:\/\/vozcomoarma.noblogs.org\/index.php?rest_route=%2Fwp%2Fv2%2Fcategories&post=12816"},{"taxonomy":"post_tag","embeddable":true,"href":"https:\/\/vozcomoarma.noblogs.org\/index.php?rest_route=%2Fwp%2Fv2%2Ftags&post=12816"}],"curies":[{"name":"wp","href":"https:\/\/api.w.org\/{rel}","templated":true}]}}