{"id":12835,"date":"2016-06-28T00:53:30","date_gmt":"2016-06-27T22:53:30","guid":{"rendered":"http:\/\/vozcomoarma.noblogs.org\/?p=12835"},"modified":"2016-06-28T00:53:30","modified_gmt":"2016-06-27T22:53:30","slug":"uruguay-ataque-con-pintura-contra-empresa-distribuidora-de-monsanto-en-montevideo","status":"publish","type":"post","link":"https:\/\/vozcomoarma.noblogs.org\/?p=12835","title":{"rendered":"Uruguay &#8211; Ataque con pintura contra empresa distribuidora de Monsanto en Montevideo"},"content":{"rendered":"<p style=\"text-align: justify\">Desde <strong><a href=\"https:\/\/es-contrainfo.espiv.net\/2016\/06\/26\/montevideo-pintura-y-grafiti-contra-agroterra-monsanto-y-el-agronegocio\/\">Contra Info<\/a><\/strong> recojo esta reivindicaci\u00f3n y fotograf\u00edas de una acci\u00f3n en Montevideo donde fue atacada con pintura una empresa distribuidora de la basura transg\u00e9nica de Monsanto en la regi\u00f3n uruguaya:<\/p>\n<p style=\"text-align: justify\">&#8212;&#8212;&#8212;&#8212;&#8212;&#8212;&#8212;&#8212;&#8212;&#8212;-<\/p>\n<p style=\"text-align: justify\"><em>En la noche del jueves 23 de junio y en el marco del Mes por la Tierra y contra el Capital fue intervenida la fachada y los portones de Agroterra (ubicada en Cuareim 1920) con pintura y un grafiti que dec\u00eda \u201cNo al agronegocio\u201d.<\/em><\/p>\n<p style=\"text-align: justify\"><em> Agroterra es una empresa que comienza su actividad como distribuidora de Monsanto en Uruguay en 1997 con las semillas Dekalb y contin\u00faa completando el paquete tecnol\u00f3gico con la venta del Roundup, m\u00e1s conocido como glifosato.<\/em><\/p>\n<p style=\"text-align: justify\"><em> Hace 20 a\u00f1os que se lucra con el envenenamiento de la Tierra, se especializa en cultivos de ma\u00edz y sorgo, se ha posicionado como la principal empresa en estos rubros gracias a su complicidad con Monsanto.<\/em><\/p>\n<p style=\"text-align: justify\"><em><strong>\u00a1No al agronegocio, no a los transg\u00e9nicos, la vida no es mercanc\u00eda!<\/strong><\/em><br \/>\n<em> <strong>\u00a1Fuera Monsanto del mundo entero!<\/strong><\/em><\/p>\n<p style=\"text-align: justify\"><img loading=\"lazy\" decoding=\"async\" class=\"aligncenter wp-image-12836 size-full\" src=\"https:\/\/vozcomoarma.noblogs.org\/files\/2016\/06\/a-544x300.png\" alt=\"a-544x300\" width=\"544\" height=\"300\" srcset=\"https:\/\/vozcomoarma.noblogs.org\/files\/2016\/06\/a-544x300.png 544w, https:\/\/vozcomoarma.noblogs.org\/files\/2016\/06\/a-544x300-300x165.png 300w\" sizes=\"auto, (max-width: 544px) 100vw, 544px\" \/> <img loading=\"lazy\" decoding=\"async\" class=\"aligncenter wp-image-12837 size-full\" src=\"https:\/\/vozcomoarma.noblogs.org\/files\/2016\/06\/b-544x324.png\" alt=\"b-544x324\" width=\"544\" height=\"324\" srcset=\"https:\/\/vozcomoarma.noblogs.org\/files\/2016\/06\/b-544x324.png 544w, https:\/\/vozcomoarma.noblogs.org\/files\/2016\/06\/b-544x324-300x179.png 300w\" sizes=\"auto, (max-width: 544px) 100vw, 544px\" \/><\/p>\n","protected":false},"excerpt":{"rendered":"<p>Desde Contra Info recojo esta reivindicaci\u00f3n y fotograf\u00edas de una acci\u00f3n en Montevideo donde fue atacada con pintura una empresa distribuidora de la basura transg\u00e9nica de Monsanto en la regi\u00f3n uruguaya: &#8212;&#8212;&#8212;&#8212;&#8212;&#8212;&#8212;&#8212;&#8212;&#8212;- En la noche del jueves 23 de junio &hellip; <a href=\"https:\/\/vozcomoarma.noblogs.org\/?p=12835\">Sigue leyendo <span class=\"meta-nav\">&rarr;<\/span><\/a><\/p>\n","protected":false},"author":7045,"featured_media":0,"comment_status":"closed","ping_status":"open","sticky":false,"template":"","format":"standard","meta":{"footnotes":""},"categories":[58,61,9],"tags":[47,16,10,87],"class_list":["post-12835","post","type-post","status-publish","format-standard","hentry","category-acciones","category-noticias","category-noticias-y-comunicados","tag-anti-desarrollismo","tag-guerra-social","tag-sabotaje","tag-uruguay"],"_links":{"self":[{"href":"https:\/\/vozcomoarma.noblogs.org\/index.php?rest_route=\/wp\/v2\/posts\/12835","targetHints":{"allow":["GET"]}}],"collection":[{"href":"https:\/\/vozcomoarma.noblogs.org\/index.php?rest_route=\/wp\/v2\/posts"}],"about":[{"href":"https:\/\/vozcomoarma.noblogs.org\/index.php?rest_route=\/wp\/v2\/types\/post"}],"author":[{"embeddable":true,"href":"https:\/\/vozcomoarma.noblogs.org\/index.php?rest_route=\/wp\/v2\/users\/7045"}],"replies":[{"embeddable":true,"href":"https:\/\/vozcomoarma.noblogs.org\/index.php?rest_route=%2Fwp%2Fv2%2Fcomments&post=12835"}],"version-history":[{"count":2,"href":"https:\/\/vozcomoarma.noblogs.org\/index.php?rest_route=\/wp\/v2\/posts\/12835\/revisions"}],"predecessor-version":[{"id":12839,"href":"https:\/\/vozcomoarma.noblogs.org\/index.php?rest_route=\/wp\/v2\/posts\/12835\/revisions\/12839"}],"wp:attachment":[{"href":"https:\/\/vozcomoarma.noblogs.org\/index.php?rest_route=%2Fwp%2Fv2%2Fmedia&parent=12835"}],"wp:term":[{"taxonomy":"category","embeddable":true,"href":"https:\/\/vozcomoarma.noblogs.org\/index.php?rest_route=%2Fwp%2Fv2%2Fcategories&post=12835"},{"taxonomy":"post_tag","embeddable":true,"href":"https:\/\/vozcomoarma.noblogs.org\/index.php?rest_route=%2Fwp%2Fv2%2Ftags&post=12835"}],"curies":[{"name":"wp","href":"https:\/\/api.w.org\/{rel}","templated":true}]}}