{"id":12840,"date":"2016-06-28T01:16:45","date_gmt":"2016-06-27T23:16:45","guid":{"rendered":"http:\/\/vozcomoarma.noblogs.org\/?p=12840"},"modified":"2016-06-28T01:16:45","modified_gmt":"2016-06-27T23:16:45","slug":"uruguay-celula-incendiaria-harley-quinn-reivindica-incendio-de-un-centro-de-policias-retirados","status":"publish","type":"post","link":"https:\/\/vozcomoarma.noblogs.org\/?p=12840","title":{"rendered":"Uruguay &#8211; C\u00e9lula Incendiaria Harley Quinn reivindica incendio de un centro de polic\u00edas retirados"},"content":{"rendered":"<p style=\"text-align: justify\">Desde Montevideo, Uruguay, la <strong>C\u00e9lula Incendiaria Harley Quinn<\/strong> reivindica mediante el siguiente comunicado (tomado de <strong><a href=\"https:\/\/es-contrainfo.espiv.net\/2016\/06\/25\/uruguay-ataque-de-la-celula-incendiaria-harley-quinn\/\">Contra Info<\/a><\/strong>) un ataque incendiario contra la sede de la Asociaci\u00f3n nacional de polic\u00edas en el retiro del Uruguay el pasado jueves 23 de junio.<\/p>\n<p style=\"text-align: justify\">&#8212;&#8212;&#8212;&#8212;&#8212;&#8212;&#8212;&#8212;&#8212;&#8212;&#8212;&#8211;<\/p>\n<p style=\"text-align: justify\"><em>Hoy jueves 23, a cinco d\u00edas del 27 de junio, fecha en que se recuerda el comienzo de una de las \u00e9pocas m\u00e1s oscuras de esta regi\u00f3n, dejamos claro que nada ha terminado; las instituciones que en ese entonces perpetuaron el terror en el periodo 1973-1985 son las mismas que hoy refugiadas en la democracia mantienen y practican los mismo m\u00e9todos. Ya no a un enemigo ideol\u00f3gico definido sino, ahora, a todo aquel o aquellos que sean considerados antag\u00f3nicos a las necesidades del poder como puede verse en el suceso del\u00a0 desalojo del Codicen (2015), los asesinatos en los barrios Santa Catalina del joven Sergio Lemos (2013) y de otro joven en el Marconi en mayo de este a\u00f1o. Tampoco es casualidad que sus elementos personales sean protagonistas de femicidios y promotores de la inseguridad con la que tanto se babea la prensa formal. Es bajo estas circunstancias que hoy en la madrugada atacamos a la \u201cAsociaci\u00f3n nacional de polic\u00edas en el retiro del Uruguay\u201d, ubicada a cuadras del palacio legislativo, escupi\u00e9ndoles nuestro fuego.<\/em><\/p>\n<p style=\"text-align: justify\"><em><strong>\u00a1\u00a1Fuego y p\u00f3lvora a esta realidad asesina!!<\/strong><\/em><br \/>\n<em> <strong>\u00a1\u00a1<\/strong><strong>Fuego y p\u00f3lvora al capitalismo y al patriarcado!!<\/strong><\/em><br \/>\n<em><strong> \u00a1\u00a1<\/strong><\/em><strong>Fuego<\/strong><em><strong> y p\u00f3lvora a toda dictadura y democracia!!<\/strong><\/em><br \/>\n<em> <strong> \u00a1\u00a1Fuego y p\u00f3lvora a la izquierda y la derecha!!<\/strong><\/em><\/p>\n<p style=\"text-align: justify\"><em><strong>Viva la ANARQU\u00cdA y toda dignidad que se rebele contra toda autoridad. <\/strong><\/em><br \/>\n<em> <strong> \u00a1\u00a1Solidaridad regional e internacional con las que luchan!!<\/strong><\/em><\/p>\n<p style=\"text-align: justify\"><strong><em>C\u00e9lula incendiaria Harley Quinn<\/em><\/strong><\/p>\n<p style=\"text-align: center\">[vsw id=\u00bbCCjs0OT2PPI\u00bb source=\u00bbyoutube\u00bb width=\u00bb425&#8243; height=\u00bb344&#8243; autoplay=\u00bbno\u00bb]<\/p>\n<p style=\"text-align: center\"><img loading=\"lazy\" decoding=\"async\" class=\"alignnone wp-image-12841 size-full\" src=\"https:\/\/vozcomoarma.noblogs.org\/files\/2016\/06\/f-544x408.png\" alt=\"f-544x408\" width=\"544\" height=\"408\" srcset=\"https:\/\/vozcomoarma.noblogs.org\/files\/2016\/06\/f-544x408.png 544w, https:\/\/vozcomoarma.noblogs.org\/files\/2016\/06\/f-544x408-300x225.png 300w\" sizes=\"auto, (max-width: 544px) 100vw, 544px\" \/><\/p>\n","protected":false},"excerpt":{"rendered":"<p>Desde Montevideo, Uruguay, la C\u00e9lula Incendiaria Harley Quinn reivindica mediante el siguiente comunicado (tomado de Contra Info) un ataque incendiario contra la sede de la Asociaci\u00f3n nacional de polic\u00edas en el retiro del Uruguay el pasado jueves 23 de junio. &hellip; <a href=\"https:\/\/vozcomoarma.noblogs.org\/?p=12840\">Sigue leyendo <span class=\"meta-nav\">&rarr;<\/span><\/a><\/p>\n","protected":false},"author":7045,"featured_media":0,"comment_status":"closed","ping_status":"open","sticky":false,"template":"","format":"standard","meta":{"footnotes":""},"categories":[58,61,9],"tags":[16,26,19,10,87],"class_list":["post-12840","post","type-post","status-publish","format-standard","hentry","category-acciones","category-noticias","category-noticias-y-comunicados","tag-guerra-social","tag-insurreccionalismo","tag-represion","tag-sabotaje","tag-uruguay"],"_links":{"self":[{"href":"https:\/\/vozcomoarma.noblogs.org\/index.php?rest_route=\/wp\/v2\/posts\/12840","targetHints":{"allow":["GET"]}}],"collection":[{"href":"https:\/\/vozcomoarma.noblogs.org\/index.php?rest_route=\/wp\/v2\/posts"}],"about":[{"href":"https:\/\/vozcomoarma.noblogs.org\/index.php?rest_route=\/wp\/v2\/types\/post"}],"author":[{"embeddable":true,"href":"https:\/\/vozcomoarma.noblogs.org\/index.php?rest_route=\/wp\/v2\/users\/7045"}],"replies":[{"embeddable":true,"href":"https:\/\/vozcomoarma.noblogs.org\/index.php?rest_route=%2Fwp%2Fv2%2Fcomments&post=12840"}],"version-history":[{"count":1,"href":"https:\/\/vozcomoarma.noblogs.org\/index.php?rest_route=\/wp\/v2\/posts\/12840\/revisions"}],"predecessor-version":[{"id":12842,"href":"https:\/\/vozcomoarma.noblogs.org\/index.php?rest_route=\/wp\/v2\/posts\/12840\/revisions\/12842"}],"wp:attachment":[{"href":"https:\/\/vozcomoarma.noblogs.org\/index.php?rest_route=%2Fwp%2Fv2%2Fmedia&parent=12840"}],"wp:term":[{"taxonomy":"category","embeddable":true,"href":"https:\/\/vozcomoarma.noblogs.org\/index.php?rest_route=%2Fwp%2Fv2%2Fcategories&post=12840"},{"taxonomy":"post_tag","embeddable":true,"href":"https:\/\/vozcomoarma.noblogs.org\/index.php?rest_route=%2Fwp%2Fv2%2Ftags&post=12840"}],"curies":[{"name":"wp","href":"https:\/\/api.w.org\/{rel}","templated":true}]}}