{"id":12845,"date":"2016-06-28T03:11:26","date_gmt":"2016-06-28T01:11:26","guid":{"rendered":"http:\/\/vozcomoarma.noblogs.org\/?p=12845"},"modified":"2016-06-28T04:38:31","modified_gmt":"2016-06-28T02:38:31","slug":"alemania-desalojada-la-planta-baja-de-la-okupa-rigaer94-de-berlin-con-la-excusa-de-construir-viviendas-para-personas-refugiadas","status":"publish","type":"post","link":"https:\/\/vozcomoarma.noblogs.org\/?p=12845","title":{"rendered":"Alemania &#8211; Desalojada la planta baja de la okupa Rigaer94 de Berl\u00edn con la excusa de construir viviendas para personas refugiadas"},"content":{"rendered":"<p style=\"text-align: justify\"><img loading=\"lazy\" decoding=\"async\" class=\"size-medium wp-image-12854 alignleft\" src=\"https:\/\/vozcomoarma.noblogs.org\/files\/2016\/06\/Cli6yH8UgAQCX39-300x225.jpg\" alt=\"Cli6yH8UgAQCX39\" width=\"300\" height=\"225\" srcset=\"https:\/\/vozcomoarma.noblogs.org\/files\/2016\/06\/Cli6yH8UgAQCX39-300x225.jpg 300w, https:\/\/vozcomoarma.noblogs.org\/files\/2016\/06\/Cli6yH8UgAQCX39-768x576.jpg 768w, https:\/\/vozcomoarma.noblogs.org\/files\/2016\/06\/Cli6yH8UgAQCX39-1024x768.jpg 1024w, https:\/\/vozcomoarma.noblogs.org\/files\/2016\/06\/Cli6yH8UgAQCX39.jpg 1200w\" sizes=\"auto, (max-width: 300px) 100vw, 300px\" \/>Recojo en ingl\u00e9s del <strong><a href=\"https:\/\/325.nostate.net\/2016\/06\/23\/berlin-rigaer94-under-siege-kadterschmiede-evicted-hot-days-ahead-germany\/\">blog anarquista brit\u00e1nico 325<\/a><\/strong> (que traducen desde el original en alem\u00e1n publicado en <strong><a href=\"https:\/\/linksunten.indymedia.org\/de\/node\/182791\">Linksunten Indymedia<\/a><\/strong>) y traduzco al castellano el siguiente comunicado de lxs compa\u00f1erxs de la okupa Rigaer94 de Berl\u00edn, Alemania, sobre el asalto que sufrieron la semana pasada por parte de los maderos y del personal de seguridad privada as\u00ed como de trabajadores de la construcci\u00f3n, que habr\u00edan efectuado un desalojo de la planta baja de la casa (donde se encontraban varias infraestructuras como un huerto con jard\u00edn, un taller de bicicletas o un bar y donde se produc\u00eda la mayor parte de la vida comunitaria en la casa) con la c\u00ednica excusa de que el grupo inmobiliario que se encarga del cuidado de la casa hab\u00eda pensado convertir la planta baja en pisos para las personas refugiadas (que las personas refugiadas, claro est\u00e1, tendr\u00edan que alquilar pagando una cantidad que sospechosamente y seg\u00fan varios comunicados de prensa no ser\u00eda abonada por las agencias responsables, lo que contrastar\u00eda con la norma en Berl\u00edn para la acogida de personas refugiadas). El uso de las necesidades de vivienda para personas refugiadas como excusa para asegurarse un maquillaje \u00abhumanitario\u00bb y de paso justificar los desalojos y la represi\u00f3n a los espacios okupados o donde se realiza una forma de vida comunitaria, alternativa y autogestionada al margen de las l\u00f3gicas del capitalismo y del Estado se estar\u00eda convirtiendo en una constante en la ciudad, donde una zona okupada para caravanas, de car\u00e1cter aut\u00f3nomo, feminista y queer, habr\u00eda sido desalojada recientemente con la misma excusa (en su caso dijeron que pretend\u00edan instalar all\u00ed un campamento para las personas refugiadas). En paralelo al desalojo de la planta baja de Rigaer94, el \u00e1tico en la casa de enfrente tambi\u00e9n habr\u00eda sido evacuado.<\/p>\n<p style=\"text-align: justify\">Los maderos, los trabajadores de la construcci\u00f3n y los seguratas habr\u00edan aprovechado que sacaban de la planta baja las pertenencias de lxs compa\u00f1erxs que viven en la casa para robar cosas, las cuales no habr\u00edan sido devueltas a excepci\u00f3n de unas bicicletas de las que lxs compas pudieron demostrar ser lxs propietarixs. Adem\u00e1s, hasta que terminen las obras, tanto maderos como personal de seguridad permanecer\u00e1n de forma constante en la planta baja de la casa, lo que se traduce en continuos registros y controles a las personas que entran y salen del edificio.<\/p>\n<p style=\"text-align: justify\">En respuesta se est\u00e1n convocando movilizaciones y se est\u00e1n realizando acciones para seg\u00fan lxs compas <strong>\u00abhacer el desalojo tan caro como sea posible para los maderos y para el Senado de Berl\u00edn\u00bb<\/strong>.<\/p>\n<p style=\"text-align: justify\">Sigue el llamamiento que lxs compa\u00f1erxs de Rigaer94 emitieron tras el desalojo:<\/p>\n<p style=\"text-align: justify\">&#8212;&#8212;&#8212;&#8212;&#8212;&#8212;&#8212;&#8212;&#8212;&#8212;&#8212;&#8212;&#8212;&#8212;&#8212;&#8212;-<\/p>\n<p><img loading=\"lazy\" decoding=\"async\" class=\"aligncenter wp-image-12850 size-full\" src=\"https:\/\/vozcomoarma.noblogs.org\/files\/2016\/06\/Rigaer94.jpg\" alt=\"Rigaer94\" width=\"559\" height=\"173\" srcset=\"https:\/\/vozcomoarma.noblogs.org\/files\/2016\/06\/Rigaer94.jpg 559w, https:\/\/vozcomoarma.noblogs.org\/files\/2016\/06\/Rigaer94-300x93.jpg 300w\" sizes=\"auto, (max-width: 559px) 100vw, 559px\" \/><\/p>\n<p style=\"text-align: justify\"><em>Esta ma\u00f1ana, 22 de junio de 2016, alrededor de las 7:30 a.m., aproximadamente 300 polic\u00edas, seguridad privada y trabajadores de la construcci\u00f3n vinieron a nuestra casa en el n\u00famero 94 de Rigaerstrasse (calle Rigaer). Primero, los trabajadores de la construcci\u00f3n cortaron nuestras puertas y las retiraron. Tras asegurar su lugar en la calle, los maderos, los trabajadores de la construcci\u00f3n y la seguridad tomaron posici\u00f3n en el jard\u00edn, el patio y en el tejado, as\u00ed como en las escaleras. Los trabajadores de la construcci\u00f3n y los maderos se unieron para llevar fuera todos los objetos movibles que pudieron encontrar en el patio &#8211; bicicletas, aparcamiento para bicicletas, neveras, remolques etc. Nuestras puertas fueron retiradas y los marcos derribados, la conexi\u00f3n telef\u00f3nica y de Internet fue cortada. S\u00f3lo despu\u00e9s de que nuestro abogado consiguiese acceder a la casa, fu\u00edmos informadxs acerca de la raz\u00f3n de la acci\u00f3n policial.<\/em><\/p>\n<p style=\"text-align: justify\"><em><img loading=\"lazy\" decoding=\"async\" class=\"aligncenter wp-image-12855 size-full\" src=\"https:\/\/vozcomoarma.noblogs.org\/files\/2016\/06\/IMG-4933.jpg\" alt=\"IMG-4933\" width=\"820\" height=\"461\" srcset=\"https:\/\/vozcomoarma.noblogs.org\/files\/2016\/06\/IMG-4933.jpg 820w, https:\/\/vozcomoarma.noblogs.org\/files\/2016\/06\/IMG-4933-300x169.jpg 300w, https:\/\/vozcomoarma.noblogs.org\/files\/2016\/06\/IMG-4933-768x432.jpg 768w\" sizes=\"auto, (max-width: 820px) 100vw, 820px\" \/><\/em><\/p>\n<p style=\"text-align: justify\"><em>Seg\u00fan un comunicado de prensa del grupo de mantenimiento del edificio, Pawel Kapica, la planta baja incluyendo el taller, el jard\u00edn, el lavabo, la entrada y el bar Kadterschmiede deber\u00edan ser reconstruidos como pisos para refugiadxs. Estos deber\u00edan ser \u00abalquiladxs con contratos de renta regulgar dentro de las condiciones normales de alquiler de Berl\u00edn como viviendas\u00bb (Friedrichshain Hilft e.V.i.G. y Moabit Hilft e.V. han confirmado en un comunicado de prensa que esos alquileres no ser\u00edan cubiertos por las agencias responsables como LAGeSo y Jobcenter, lo cual es la norma en Berl\u00edn para el albergue de refugiadxs).<\/em><\/p>\n<p style=\"text-align: justify\"><em>El \u00e1tico en la casa de enfrente fue desalojado tambi\u00e9n. Tras discusioens con los maderos, lxs habitantes salvaron todas las cosas que todav\u00eda pudieron salvar del piso bajo. Todo lo dem\u00e1s fue retirado y tirado a la basura por trabajadorxs de la construcci\u00f3n. Durante esto, varios objetos fueron robados por los trabajadores de la construcci\u00f3n y la seguridad. S\u00f3lo unas pocas bicicletas de las que la gente pudo probar ser sus propietarixs fueron devueltas. Lxs habitantes en la casa de enfrente fueron controladxs y una persona fue tomada bajo custodia.<\/em><\/p>\n<p style=\"text-align: justify\"><em><img loading=\"lazy\" decoding=\"async\" class=\"aligncenter wp-image-12853 size-full\" src=\"https:\/\/vozcomoarma.noblogs.org\/files\/2016\/06\/Cli3l3FUoAAgvWd.jpg\" alt=\"Cli3l3FUoAAgvWd\" width=\"1200\" height=\"900\" srcset=\"https:\/\/vozcomoarma.noblogs.org\/files\/2016\/06\/Cli3l3FUoAAgvWd.jpg 1200w, https:\/\/vozcomoarma.noblogs.org\/files\/2016\/06\/Cli3l3FUoAAgvWd-300x225.jpg 300w, https:\/\/vozcomoarma.noblogs.org\/files\/2016\/06\/Cli3l3FUoAAgvWd-768x576.jpg 768w, https:\/\/vozcomoarma.noblogs.org\/files\/2016\/06\/Cli3l3FUoAAgvWd-1024x768.jpg 1024w\" sizes=\"auto, (max-width: 1200px) 100vw, 1200px\" \/><\/em><\/p>\n<p style=\"text-align: justify\"><em>La planta baja entera incluyendo Kadterschmiede est\u00e1 ahora desalojada. Esto significa que estamos perdiendo nuestro espacio comunal; la mayor parte de nuestra vida comunal est\u00e1 siendo destru\u00edda. La seguridad se supone que permanecer\u00e1 en la casa hasta que se complete el trabajo de construcci\u00f3n, lo que ciertamente significar\u00eda controles regulares para lxs habitantes. Percibimos la seguridad en nuestra casa como una aguda amenaza para nosotrxs y para la calle Rigaer.<\/em><\/p>\n<p style=\"text-align: justify\"><em>Ahora mismo s\u00f3lo lxs habitantes que son registradxs en la casa pueden salir y volver, lo que significa ser controladxs por los maderos que aun siguen persistiendo en las escaleras y entradas. La calle alrededor de la casa est\u00e1 bloqueada con vallas. No podemos ver un final de la acci\u00f3n todav\u00eda.<\/em><\/p>\n<p style=\"text-align: justify\"><em>Los propietarios de la casa usando los espacios de vivienda para lxs refugiadxs como un argumento para desalojarnos son m\u00e1s que c\u00ednicos. La amenaza de desalojo del parque de caravanas queer-feminista Kanal est\u00e1 siendo tambi\u00e9n justificado con la construcci\u00f3n de un campamento de refugiadxs. El Senado quiere establecer espacios controlables dominados por ataques racistas junto con los propietarios de la casa y\/o grupos de mantenimiento como Kapica, que hacen imposible una vida auto-organizada para lxs refugiadxs. No queremos dejarles jugar con nosotrxs; estamos en solidaridad con todxs lxs refugiadxs y lucharemos por espacios auto-organizadxs para todxs, en todas partes.<\/em><\/p>\n<p style=\"text-align: justify\"><em>Este desalojo es la m\u00e1s delirante acci\u00f3n policial que hemos visto en mucho tiempo. La zona de peligro que hemos estado soportando desde octubre de 2015 es una amenaza constante para los proyectos auto-organizados en la calle Rigaer y para todo el \u00e1rea de Northkiez. El ataque constante por los maderos y el Estado ha alcanzado ahora su cima para nuestro proyecto con el desalojo de Kadterschmiede.<\/em><\/p>\n<p><img loading=\"lazy\" decoding=\"async\" class=\"alignright wp-image-12852 size-full\" src=\"https:\/\/vozcomoarma.noblogs.org\/files\/2016\/06\/Estamos-jodidamente-cabreadxs-Black-Block.jpeg\" alt=\"Estamos jodidamente cabreadxs! Black Block\" width=\"300\" height=\"199\" \/><\/p>\n<p align=\"justify\"><strong><em>\u00a1Estamos jodidamente cabreadxs! \u00a1Es hora de explotar, hagamos una zona de peligro en todas partes, arrojemos Berl\u00edn al Caos!<\/em><\/strong><br \/>\n<strong><em>\u00a1Rigaer94 sigue indomable!<\/em><\/strong><br \/>\n<strong><em>\u00a1Nunca nos rendiremos &#8211; Una lucha, una pelea!<\/em><\/strong><\/p>\n<p style=\"text-align: justify\"><strong><em>M\u00e1s informaci\u00f3n en alem\u00e1n: <a href=\"http:\/\/rigaer94.squat.net\/\">Rigaer94.squat.net<\/a> | Comunicado original en alem\u00e1n en <a href=\"https:\/\/linksunten.indymedia.org\/de\/node\/182791\"> Indymedia<\/a><\/em><\/strong><\/p>\n<p style=\"text-align: justify\"><strong><em>Lee tambi\u00e9n: <a href=\"https:\/\/vozcomoarma.noblogs.org\/?p=12857\">Carta de Liebig 34<\/a><\/em><\/strong><\/p>\n","protected":false},"excerpt":{"rendered":"<p>Recojo en ingl\u00e9s del blog anarquista brit\u00e1nico 325 (que traducen desde el original en alem\u00e1n publicado en Linksunten Indymedia) y traduzco al castellano el siguiente comunicado de lxs compa\u00f1erxs de la okupa Rigaer94 de Berl\u00edn, Alemania, sobre el asalto que &hellip; <a href=\"https:\/\/vozcomoarma.noblogs.org\/?p=12845\">Sigue leyendo <span class=\"meta-nav\">&rarr;<\/span><\/a><\/p>\n","protected":false},"author":7045,"featured_media":0,"comment_status":"closed","ping_status":"open","sticky":false,"template":"","format":"standard","meta":{"footnotes":""},"categories":[59,61,9],"tags":[51,62,16,42,37,34,24,19,11],"class_list":["post-12845","post","type-post","status-publish","format-standard","hentry","category-convocatorias","category-noticias","category-noticias-y-comunicados","tag-alemania","tag-desalojo","tag-guerra-social","tag-movimientos-sociales","tag-okupacion","tag-racismo","tag-reflexion","tag-represion","tag-solidaridad"],"_links":{"self":[{"href":"https:\/\/vozcomoarma.noblogs.org\/index.php?rest_route=\/wp\/v2\/posts\/12845","targetHints":{"allow":["GET"]}}],"collection":[{"href":"https:\/\/vozcomoarma.noblogs.org\/index.php?rest_route=\/wp\/v2\/posts"}],"about":[{"href":"https:\/\/vozcomoarma.noblogs.org\/index.php?rest_route=\/wp\/v2\/types\/post"}],"author":[{"embeddable":true,"href":"https:\/\/vozcomoarma.noblogs.org\/index.php?rest_route=\/wp\/v2\/users\/7045"}],"replies":[{"embeddable":true,"href":"https:\/\/vozcomoarma.noblogs.org\/index.php?rest_route=%2Fwp%2Fv2%2Fcomments&post=12845"}],"version-history":[{"count":4,"href":"https:\/\/vozcomoarma.noblogs.org\/index.php?rest_route=\/wp\/v2\/posts\/12845\/revisions"}],"predecessor-version":[{"id":12870,"href":"https:\/\/vozcomoarma.noblogs.org\/index.php?rest_route=\/wp\/v2\/posts\/12845\/revisions\/12870"}],"wp:attachment":[{"href":"https:\/\/vozcomoarma.noblogs.org\/index.php?rest_route=%2Fwp%2Fv2%2Fmedia&parent=12845"}],"wp:term":[{"taxonomy":"category","embeddable":true,"href":"https:\/\/vozcomoarma.noblogs.org\/index.php?rest_route=%2Fwp%2Fv2%2Fcategories&post=12845"},{"taxonomy":"post_tag","embeddable":true,"href":"https:\/\/vozcomoarma.noblogs.org\/index.php?rest_route=%2Fwp%2Fv2%2Ftags&post=12845"}],"curies":[{"name":"wp","href":"https:\/\/api.w.org\/{rel}","templated":true}]}}