{"id":13056,"date":"2016-07-17T16:40:25","date_gmt":"2016-07-17T14:40:25","guid":{"rendered":"http:\/\/vozcomoarma.noblogs.org\/?p=13056"},"modified":"2016-07-17T16:40:25","modified_gmt":"2016-07-17T14:40:25","slug":"italia-bloqueado-el-tren-obb-en-bolonia-en-solidaridad-con-lxs-migrantes-y-contra-las-fronteras","status":"publish","type":"post","link":"https:\/\/vozcomoarma.noblogs.org\/?p=13056","title":{"rendered":"Italia &#8211; Bloqueado el tren OBB en Bolonia en solidaridad con lxs migrantes y contra las fronteras"},"content":{"rendered":"<p style=\"text-align: justify\">Recojo de <strong><a href=\"https:\/\/es-contrainfo.espiv.net\/2016\/07\/14\/bolonia-italia-accion-contra-las-fronteras-bloqueado-tren-obb\/\">Contra Info<\/a><\/strong> el siguiente comunicado reivindicando un bloqueo ferroviario en Bolonia, Italia, en solidaridad con las personas migrantes y refugiadas y contra las fronteras y la colaboraci\u00f3n de las l\u00edneas ferroviarias en la represi\u00f3n y el control de la migraci\u00f3n ilegal:<\/p>\n<p>&#8212;&#8212;&#8212;&#8212;&#8212;&#8212;&#8212;&#8212;&#8212;&#8212;&#8212;-<\/p>\n<p style=\"text-align: justify\"><em>Hoy, s\u00e1bado 2 de julio, unas 20 personas enemigas y enemigos de las fronteras hemos retrasado la salida del tren OBB de las 11:52 en la estaci\u00f3n de tren de Bolonia, en la l\u00ednea que conecta Rimini a Munich, repartiendo panfletos en la estaci\u00f3n y luego pasando a las v\u00edas con la pancarta con el lema \u201cOBB Y TRENITALIA: CONFORT PARA LOS TURISTAS, BLOQUEOS PARA LOS MIGRANTES. QUEMEMOS LAS FRONTERAS \u201c.<\/em><\/p>\n<p style=\"text-align: justify\"><strong><em>Algunxs enemigas y enemigos de las fronteras<\/em><\/strong><\/p>\n<p style=\"text-align: justify\"><a href=\"https:\/\/vozcomoarma.noblogs.org\/files\/2016\/07\/2_Luglio_1024x576.jpg\"><img loading=\"lazy\" decoding=\"async\" class=\"aligncenter wp-image-13057 size-full\" src=\"https:\/\/vozcomoarma.noblogs.org\/files\/2016\/07\/2_Luglio_1024x576.jpg\" alt=\"2_Luglio_1024x576\" width=\"1024\" height=\"576\" srcset=\"https:\/\/vozcomoarma.noblogs.org\/files\/2016\/07\/2_Luglio_1024x576.jpg 1024w, https:\/\/vozcomoarma.noblogs.org\/files\/2016\/07\/2_Luglio_1024x576-300x169.jpg 300w, https:\/\/vozcomoarma.noblogs.org\/files\/2016\/07\/2_Luglio_1024x576-768x432.jpg 768w\" sizes=\"auto, (max-width: 1024px) 100vw, 1024px\" \/><\/a><\/p>\n","protected":false},"excerpt":{"rendered":"<p>Recojo de Contra Info el siguiente comunicado reivindicando un bloqueo ferroviario en Bolonia, Italia, en solidaridad con las personas migrantes y refugiadas y contra las fronteras y la colaboraci\u00f3n de las l\u00edneas ferroviarias en la represi\u00f3n y el control de &hellip; <a href=\"https:\/\/vozcomoarma.noblogs.org\/?p=13056\">Sigue leyendo <span class=\"meta-nav\">&rarr;<\/span><\/a><\/p>\n","protected":false},"author":7045,"featured_media":0,"comment_status":"closed","ping_status":"open","sticky":false,"template":"","format":"standard","meta":{"footnotes":""},"categories":[58,61,9],"tags":[47,16,38,76,34,24,19,11],"class_list":["post-13056","post","type-post","status-publish","format-standard","hentry","category-acciones","category-noticias","category-noticias-y-comunicados","tag-anti-desarrollismo","tag-guerra-social","tag-italia","tag-migrantes","tag-racismo","tag-reflexion","tag-represion","tag-solidaridad"],"_links":{"self":[{"href":"https:\/\/vozcomoarma.noblogs.org\/index.php?rest_route=\/wp\/v2\/posts\/13056","targetHints":{"allow":["GET"]}}],"collection":[{"href":"https:\/\/vozcomoarma.noblogs.org\/index.php?rest_route=\/wp\/v2\/posts"}],"about":[{"href":"https:\/\/vozcomoarma.noblogs.org\/index.php?rest_route=\/wp\/v2\/types\/post"}],"author":[{"embeddable":true,"href":"https:\/\/vozcomoarma.noblogs.org\/index.php?rest_route=\/wp\/v2\/users\/7045"}],"replies":[{"embeddable":true,"href":"https:\/\/vozcomoarma.noblogs.org\/index.php?rest_route=%2Fwp%2Fv2%2Fcomments&post=13056"}],"version-history":[{"count":1,"href":"https:\/\/vozcomoarma.noblogs.org\/index.php?rest_route=\/wp\/v2\/posts\/13056\/revisions"}],"predecessor-version":[{"id":13058,"href":"https:\/\/vozcomoarma.noblogs.org\/index.php?rest_route=\/wp\/v2\/posts\/13056\/revisions\/13058"}],"wp:attachment":[{"href":"https:\/\/vozcomoarma.noblogs.org\/index.php?rest_route=%2Fwp%2Fv2%2Fmedia&parent=13056"}],"wp:term":[{"taxonomy":"category","embeddable":true,"href":"https:\/\/vozcomoarma.noblogs.org\/index.php?rest_route=%2Fwp%2Fv2%2Fcategories&post=13056"},{"taxonomy":"post_tag","embeddable":true,"href":"https:\/\/vozcomoarma.noblogs.org\/index.php?rest_route=%2Fwp%2Fv2%2Ftags&post=13056"}],"curies":[{"name":"wp","href":"https:\/\/api.w.org\/{rel}","templated":true}]}}