{"id":13116,"date":"2016-07-19T20:24:47","date_gmt":"2016-07-19T18:24:47","guid":{"rendered":"http:\/\/vozcomoarma.noblogs.org\/?p=13116"},"modified":"2016-07-19T21:59:51","modified_gmt":"2016-07-19T19:59:51","slug":"alemania-ataque-con-pintura-contra-oficinas-de-la-agencia-federal-para-la-migracion-y-lxs-refugiadxs-en-munich-en-solidaridad-con-las-personas-refugiadas-lgtbqi","status":"publish","type":"post","link":"https:\/\/vozcomoarma.noblogs.org\/?p=13116","title":{"rendered":"Alemania &#8211; Ataque con pintura contra oficinas de la Agencia Federal para la Migraci\u00f3n y lxs Refugiadxs en M\u00fcnich, en solidaridad con las personas refugiadas LGTBQI"},"content":{"rendered":"<p style=\"text-align: justify\"><a href=\"https:\/\/vozcomoarma.noblogs.org\/files\/2016\/07\/33.jpg\"><img loading=\"lazy\" decoding=\"async\" class=\"size-medium wp-image-13117 alignleft\" src=\"https:\/\/vozcomoarma.noblogs.org\/files\/2016\/07\/33-300x167.jpg\" alt=\"33\" width=\"300\" height=\"167\" srcset=\"https:\/\/vozcomoarma.noblogs.org\/files\/2016\/07\/33-300x167.jpg 300w, https:\/\/vozcomoarma.noblogs.org\/files\/2016\/07\/33-768x426.jpg 768w, https:\/\/vozcomoarma.noblogs.org\/files\/2016\/07\/33.jpg 931w\" sizes=\"auto, (max-width: 300px) 100vw, 300px\" \/><\/a> Recojo de <strong><a href=\"https:\/\/insurrectionnewsworldwide.com\/2016\/07\/06\/munich-germany-government-immigration-agency-paint-bombed-in-solidarity-with-lgbtqi-refugees\/\">Insurrection News<\/a><\/strong> en ingl\u00e9s, traduzco y difundo el siguiente comunicado reivindicando un ataque con bombas de pintura contra la Oficina Federal para la Migraci\u00f3n y lxs Refugiadxs de M\u00fcnich, Alemania, en solidaridad con lxs refugiadxs con orientaciones LGTBQI:<\/p>\n<p style=\"text-align: justify\">&#8212;&#8212;&#8212;&#8212;&#8212;&#8212;&#8212;&#8212;&#8212;&#8212;-<\/p>\n<p style=\"text-align: justify\"><em>Acci\u00f3n solidaria en la oficina de la BAMF (Oficina Federal para la Migraci\u00f3n y lxs Refugiadxs de M\u00fcnich) en Boschetsriederstrasse en M\u00fcnich, donde son tomadas las decisiones sobre el asilo.<strong><a href=\"https:\/\/vozcomoarma.noblogs.org\/files\/2016\/07\/23.jpg\"><img loading=\"lazy\" decoding=\"async\" class=\"size-medium wp-image-13118 alignright\" src=\"https:\/\/vozcomoarma.noblogs.org\/files\/2016\/07\/23-300x176.jpg\" alt=\"23\" width=\"300\" height=\"176\" srcset=\"https:\/\/vozcomoarma.noblogs.org\/files\/2016\/07\/23-300x176.jpg 300w, https:\/\/vozcomoarma.noblogs.org\/files\/2016\/07\/23-768x451.jpg 768w, https:\/\/vozcomoarma.noblogs.org\/files\/2016\/07\/23.jpg 1000w\" sizes=\"auto, (max-width: 300px) 100vw, 300px\" \/><\/a><\/strong><\/em><\/p>\n<p style=\"text-align: justify\"><em>Estos d\u00edas, la semana del orgullo est\u00e1 teniendo lugar en M\u00fcnich. Mientras los derechos LGTBQI son celebrados, lxs refugiadxs LGTBQI est\u00e1n siendo deportadxs y est\u00e1n afrontando la homofobia y la transfobia en los campos de refugiadxs de la sociedad mainstream patriarcal y cis-heteronormativa alemana.<\/em><\/p>\n<p style=\"text-align: justify\"><strong><em>LGTBQI &#8211; \u00a1Derecho a quedarse para todxs!<\/em><\/strong><\/p>\n","protected":false},"excerpt":{"rendered":"<p>Recojo de Insurrection News en ingl\u00e9s, traduzco y difundo el siguiente comunicado reivindicando un ataque con bombas de pintura contra la Oficina Federal para la Migraci\u00f3n y lxs Refugiadxs de M\u00fcnich, Alemania, en solidaridad con lxs refugiadxs con orientaciones LGTBQI: &hellip; <a href=\"https:\/\/vozcomoarma.noblogs.org\/?p=13116\">Sigue leyendo <span class=\"meta-nav\">&rarr;<\/span><\/a><\/p>\n","protected":false},"author":7045,"featured_media":0,"comment_status":"closed","ping_status":"open","sticky":false,"template":"","format":"standard","meta":{"footnotes":""},"categories":[58,61,9],"tags":[51,49,16,76,42,34,24,19,10,11],"class_list":["post-13116","post","type-post","status-publish","format-standard","hentry","category-acciones","category-noticias","category-noticias-y-comunicados","tag-alemania","tag-anti-sexismo","tag-guerra-social","tag-migrantes","tag-movimientos-sociales","tag-racismo","tag-reflexion","tag-represion","tag-sabotaje","tag-solidaridad"],"_links":{"self":[{"href":"https:\/\/vozcomoarma.noblogs.org\/index.php?rest_route=\/wp\/v2\/posts\/13116","targetHints":{"allow":["GET"]}}],"collection":[{"href":"https:\/\/vozcomoarma.noblogs.org\/index.php?rest_route=\/wp\/v2\/posts"}],"about":[{"href":"https:\/\/vozcomoarma.noblogs.org\/index.php?rest_route=\/wp\/v2\/types\/post"}],"author":[{"embeddable":true,"href":"https:\/\/vozcomoarma.noblogs.org\/index.php?rest_route=\/wp\/v2\/users\/7045"}],"replies":[{"embeddable":true,"href":"https:\/\/vozcomoarma.noblogs.org\/index.php?rest_route=%2Fwp%2Fv2%2Fcomments&post=13116"}],"version-history":[{"count":3,"href":"https:\/\/vozcomoarma.noblogs.org\/index.php?rest_route=\/wp\/v2\/posts\/13116\/revisions"}],"predecessor-version":[{"id":13135,"href":"https:\/\/vozcomoarma.noblogs.org\/index.php?rest_route=\/wp\/v2\/posts\/13116\/revisions\/13135"}],"wp:attachment":[{"href":"https:\/\/vozcomoarma.noblogs.org\/index.php?rest_route=%2Fwp%2Fv2%2Fmedia&parent=13116"}],"wp:term":[{"taxonomy":"category","embeddable":true,"href":"https:\/\/vozcomoarma.noblogs.org\/index.php?rest_route=%2Fwp%2Fv2%2Fcategories&post=13116"},{"taxonomy":"post_tag","embeddable":true,"href":"https:\/\/vozcomoarma.noblogs.org\/index.php?rest_route=%2Fwp%2Fv2%2Ftags&post=13116"}],"curies":[{"name":"wp","href":"https:\/\/api.w.org\/{rel}","templated":true}]}}