{"id":13173,"date":"2016-07-22T00:15:12","date_gmt":"2016-07-21T22:15:12","guid":{"rendered":"http:\/\/vozcomoarma.noblogs.org\/?p=13173"},"modified":"2016-07-22T00:15:12","modified_gmt":"2016-07-21T22:15:12","slug":"fanzine-fanzine-en-solidaridad-con-lxs-3-anarquistas-detenidxs-en-varsovia-el-23-de-mayo","status":"publish","type":"post","link":"https:\/\/vozcomoarma.noblogs.org\/?p=13173","title":{"rendered":"[Fanzine] Fanzine en solidaridad con lxs 3 anarquistas detenidxs en Varsovia el 23 de mayo"},"content":{"rendered":"<p style=\"text-align: justify\"><a href=\"https:\/\/vozcomoarma.noblogs.org\/files\/2016\/07\/Portada-zine-detenidxs-Varsovia.png\"><img loading=\"lazy\" decoding=\"async\" class=\"size-medium wp-image-13174 alignleft\" src=\"https:\/\/vozcomoarma.noblogs.org\/files\/2016\/07\/Portada-zine-detenidxs-Varsovia-209x300.png\" alt=\"Portada zine detenidxs Varsovia\" width=\"209\" height=\"300\" srcset=\"https:\/\/vozcomoarma.noblogs.org\/files\/2016\/07\/Portada-zine-detenidxs-Varsovia-209x300.png 209w, https:\/\/vozcomoarma.noblogs.org\/files\/2016\/07\/Portada-zine-detenidxs-Varsovia.png 395w\" sizes=\"auto, (max-width: 209px) 100vw, 209px\" \/><\/a>Recojo de <strong><a href=\"http:\/\/barcelona.indymedia.org\/newswire\/display\/505857\/index.php\">Indymedia Barcelona<\/a><\/strong> un fanzine en castellano en solidaridad con el caso de lxs tres anarquistas detenidxs en Varsovia, Polonia, el pasado 23 de mayo, y que actualmente se encuentran en prisi\u00f3n preventiva esperando su juicio (puede tardar hasta 3 meses), donde podr\u00edan ser condenadxs hasta a 8 a\u00f1os de prisi\u00f3n por presuntamente haber intentado incendiar un coche de polic\u00eda. Seg\u00fan la nota informativa que acompa\u00f1a al fanzine, <em>\u00ablos medios han estado hablando mucho del caso en los \u00faltimos d\u00edas, con altos pol\u00edticos y tertulios \u201cexpertos\u201d en terrorismo hablando en TV. Las fotos y v\u00eddeos de las personas detenidas caminando con cadenas en las manos y en los pies, se retransmiten hasta en el transporte publico&#8230;\u00bb<\/em>.<\/p>\n<p style=\"text-align: right\">Para descargar o leer online el fanzine, haz click <strong><a href=\"https:\/\/resiste.squat.net\/?p=3834\">aqu\u00ed<\/a><\/strong>.<\/p>\n","protected":false},"excerpt":{"rendered":"<p>Recojo de Indymedia Barcelona un fanzine en castellano en solidaridad con el caso de lxs tres anarquistas detenidxs en Varsovia, Polonia, el pasado 23 de mayo, y que actualmente se encuentran en prisi\u00f3n preventiva esperando su juicio (puede tardar hasta &hellip; <a href=\"https:\/\/vozcomoarma.noblogs.org\/?p=13173\">Sigue leyendo <span class=\"meta-nav\">&rarr;<\/span><\/a><\/p>\n","protected":false},"author":7045,"featured_media":0,"comment_status":"closed","ping_status":"open","sticky":false,"template":"","format":"standard","meta":{"footnotes":""},"categories":[58,61,9,7,280],"tags":[17,16,42,63,24,19,11],"class_list":["post-13173","post","type-post","status-publish","format-standard","hentry","category-acciones","category-noticias","category-noticias-y-comunicados","category-presxs","category-presxs-varsovia-23-mayo","tag-carcel","tag-guerra-social","tag-movimientos-sociales","tag-polonia","tag-reflexion","tag-represion","tag-solidaridad"],"_links":{"self":[{"href":"https:\/\/vozcomoarma.noblogs.org\/index.php?rest_route=\/wp\/v2\/posts\/13173","targetHints":{"allow":["GET"]}}],"collection":[{"href":"https:\/\/vozcomoarma.noblogs.org\/index.php?rest_route=\/wp\/v2\/posts"}],"about":[{"href":"https:\/\/vozcomoarma.noblogs.org\/index.php?rest_route=\/wp\/v2\/types\/post"}],"author":[{"embeddable":true,"href":"https:\/\/vozcomoarma.noblogs.org\/index.php?rest_route=\/wp\/v2\/users\/7045"}],"replies":[{"embeddable":true,"href":"https:\/\/vozcomoarma.noblogs.org\/index.php?rest_route=%2Fwp%2Fv2%2Fcomments&post=13173"}],"version-history":[{"count":1,"href":"https:\/\/vozcomoarma.noblogs.org\/index.php?rest_route=\/wp\/v2\/posts\/13173\/revisions"}],"predecessor-version":[{"id":13175,"href":"https:\/\/vozcomoarma.noblogs.org\/index.php?rest_route=\/wp\/v2\/posts\/13173\/revisions\/13175"}],"wp:attachment":[{"href":"https:\/\/vozcomoarma.noblogs.org\/index.php?rest_route=%2Fwp%2Fv2%2Fmedia&parent=13173"}],"wp:term":[{"taxonomy":"category","embeddable":true,"href":"https:\/\/vozcomoarma.noblogs.org\/index.php?rest_route=%2Fwp%2Fv2%2Fcategories&post=13173"},{"taxonomy":"post_tag","embeddable":true,"href":"https:\/\/vozcomoarma.noblogs.org\/index.php?rest_route=%2Fwp%2Fv2%2Ftags&post=13173"}],"curies":[{"name":"wp","href":"https:\/\/api.w.org\/{rel}","templated":true}]}}