{"id":1335,"date":"2013-10-14T17:11:32","date_gmt":"2013-10-14T15:11:32","guid":{"rendered":"http:\/\/vozcomoarma.noblogs.org\/?p=1335"},"modified":"2013-10-14T17:11:32","modified_gmt":"2013-10-14T15:11:32","slug":"italia-comunicado-de-la-nueva-comuna-libertaria-belle-verte","status":"publish","type":"post","link":"https:\/\/vozcomoarma.noblogs.org\/?p=1335","title":{"rendered":"Italia &#8211; Comunicado de la nueva comuna libertaria Belle Verte."},"content":{"rendered":"<p style=\"text-align: justify\">Compas de ANA (Ag\u00eancia de Noticias Anarquistas) env\u00edan al correo electr\u00f3nico la versi\u00f3n en portugu\u00e9s del comunicado de la Belle Verte, un nuevo proyecto de comuna libertaria rural nacido en Italia que viene a sumarse a otras iniciativas din\u00e1micas esparcidas por el planeta que intentan recuperar los lazos comunitarios y de solidaridad que este sistema del aislamiento masificado y las urbes superpobladas ha destru\u00eddo para empujarnos a la soledad, el ego\u00edsmo y la apat\u00eda impidiendo la auto-organizaci\u00f3n y articulaci\u00f3n de respuestas colectivas, enfrent\u00e1ndonos por cuestiones absurdas y ahogando nuestra capacidad de crear relaciones humanas satisfactorias alejadas de sus esquemas.<\/p>\n<p style=\"text-align: justify\">Tras traducir al castellano lo dejo a continuaci\u00f3n. Sin m\u00e1s, un saludo en la distancia a lxs compa\u00f1erxs que ponen en marcha esta iniciativa, \u00a1\u00e1nimo!<\/p>\n<p style=\"text-align: justify\">&#8212;&#8212;&#8212;&#8212;&#8212;<\/p>\n<p align=\"JUSTIFY\"><em>El proyecto de una nueva comuna libertaria nace de la experiencia y el debate desarrollado entre algunos grupos locales de Lacio, con el m\u00e9rito de conciliar las visiones cr\u00edticas causadas por la \u201ccrisis\u201d con las realizaciones de pr\u00e1cticas autogestionarias que representan el embri\u00f3n contaminante de una sociedad liberada.<\/em><\/p>\n<p align=\"JUSTIFY\"><em>En los casi cinco a\u00f1os de trabajo han sido delineados progresivamente los objetivos y contenidos, a trav\u00e9s de investigaciones, experimentaciones y encuentros, partiendo de los m\u00e9todos organizativos desarrollados en el interior de las actividades colectivas para definir las perspectivas econ\u00f3micas, desembocando en las intervenciones pol\u00edticas que asumieron un rol central en la acci\u00f3n libertaria de nuestro territorio. El proyecto comenzar\u00e1 \u201coficialmente\u201d a primeros de octubre de 2013 con la toma de posesi\u00f3n de las casas y la divisi\u00f3n conjunta de los recursos iniciales, de la actividades individuales de lxs comunales y con el cultivo de los terrenos de la comuna, que fueron adquiridos con \u00e9xito gracias a la lista de apoyo, cr\u00e9ditos y donaciones de compa\u00f1eros y compa\u00f1eras. La propiedad de estos bienes quedar\u00e1 a nombre de la asociaci\u00f3n \u201cLa Belle Verte\u201d, para conseguir, retomando experiencias precedentes con las cuales fue abierta una profunda relaci\u00f3n, crear un lugar sin patrones, un bien sobre el cual nadie podr\u00e1 reivindicar la propiedad, en sustancia un lugar del movimiento. Pero el trabajo no es solamente en las canteras de obra o en los campos: un gran espacio ser\u00e1 dedicado a los momentos de asamblea en los cuales girar\u00e1n la vida y las decisiones de la comuna, continuando la experimentaci\u00f3n con pr\u00e1cticas coherentes en la base de nuestro actuar pol\u00edtico y alrededor del cual se construir\u00e1 nuestra vida.<\/em><\/p>\n<p align=\"JUSTIFY\"><em>Este sue\u00f1o, que fue cultivado junto al cultivo de nuestros huertos experimentales hace ya m\u00e1s de cinco a\u00f1os, se convierte as\u00ed en realidad. Sus principios fundamentales son sobre todo la cr\u00edtica radical a la propiedad privada y a los modelos decisorios basados en la s\u00edntesis, ampliamente experimentada por lxs comunales en el interior del \u201ccontenedor\u201d Pueblo 33, realidad libertaria que en poco menos de tres a\u00f1os supo convertirse en uno de los mayores y m\u00e1s fecundos sujetos pol\u00edticos de la provincia de Rieti, operando en todo el territorio.<\/em><\/p>\n<p align=\"JUSTIFY\"><em>Pero en el eje central permanece la cr\u00edtica a la propiedad, en tanto que consideramos que la igualdad econ\u00f3mica es la condici\u00f3n sine qua non de cualquier otra igualdad, incluso en el interior de estructuras anarquistas, porque solamente a trav\u00e9s del alcance de esa condici\u00f3n se verifica la inclinaci\u00f3n natural para colocar al\/a la individux, a su autonom\u00eda y a su pleno desarrollo en el centro de los proyectos y m\u00e9todos de trabajo. Todo esto se hace aun m\u00e1s importante en el momento en que, en la actual fase hist\u00f3rica, los conceptos aplicados de autogesti\u00f3n, acci\u00f3n directa, solidaridad y apoyo mutuo est\u00e1n en un nivel de representar una respuesta concreta a una necesidad que es percibida cada vez m\u00e1s por mujeres y hombres. La de interpretar y dar una respuesta a una aut\u00e9ntica necesidad de cambio que asume componentes reconocibles y posee una gran capacidad de involucraci\u00f3n, pero sobre todo, de contagio profundo.<\/em><\/p>\n<p align=\"JUSTIFY\"><em>En las intenciones de lxs comunales que dan vida al proyecto, la actividad prevee realizar el m\u00e1s alto nivel de autosuficiencia, de libertad y de solidaridad a trav\u00e9s del trabajo y el actuar colectivos, apuntando a la eliminaci\u00f3n de cualquier forma de jerarqu\u00eda, expl\u00edcita o impl\u00edcita. La Belle Verte deber\u00e1 ser un laboratorio cotidiano de autogesti\u00f3n capaz de conciliar el m\u00e1ximo desarrollo de las posibilidades individuales y la m\u00e1xima negaci\u00f3n de las leyes del mercado, respetando las diversidades humanas, en fin, un laboratorio en el cual se experimente la relaci\u00f3n entre la dimensi\u00f3n individual y colectiva que, por s\u00ed misma, tiende a negar la injusticia existente en la base del sistema dominante.<\/em><\/p>\n<p align=\"JUSTIFY\"><em>Estamos lejos de la presunci\u00f3n de poder alcanzar f\u00e1cilmente estas ideas, pero estamos entusiasmados de iniciar juntxs este proyecto y enfrentarnos cotidianamente a los conflictos continuos entre lo privado y lo colectivo y la dificultad para el alcance de una verdadera igualdad, contra la influencia de las peores leyes de la econom\u00eda que representan, a nuestro parecer, las grandes dificultades de este recorrido.<\/em><\/p>\n<p align=\"JUSTIFY\"><em>Tambi\u00e9n somos conscientes de las inevitables contradicciones a las cuales no tenemos ninguna intenci\u00f3n de reducirnos reivindicando simplemente un tan ingenuo como hip\u00f3crita e inm\u00f3vil \u201cpurismo\u201d, pero estamos dispuestxs a hacernos cargo de ellas intentando, sobre todo, reconducir esas contradicciones desvi\u00e1ndolas a un contexto diferente de aquel que s\u00f3lo respeta al poder.<\/em><\/p>\n<p align=\"JUSTIFY\"><em>Para concluir queremos enviar una invitaci\u00f3n a todas y todos para sentirse parte de este proyecto, apoy\u00e1ndolo, conoci\u00e9ndolo, pero tambi\u00e9n sugiriendo, aconsejando y critic\u00e1ndolo constructivamente.<\/em><\/p>\n<p align=\"JUSTIFY\"><em>Comuna \u201cLa Belle Verte\u201d<\/em><\/p>\n<p align=\"JUSTIFY\"><a href=\"https:\/\/vozcomoarma.noblogs.org\/files\/2013\/10\/Okupa-y-recupera.jpg\"><img loading=\"lazy\" decoding=\"async\" class=\"aligncenter size-full wp-image-1336\" alt=\"Rural punx\" src=\"https:\/\/vozcomoarma.noblogs.org\/files\/2013\/10\/Okupa-y-recupera.jpg\" width=\"570\" height=\"1024\" \/><\/a><\/p>\n","protected":false},"excerpt":{"rendered":"<p>Compas de ANA (Ag\u00eancia de Noticias Anarquistas) env\u00edan al correo electr\u00f3nico la versi\u00f3n en portugu\u00e9s del comunicado de la Belle Verte, un nuevo proyecto de comuna libertaria rural nacido en Italia que viene a sumarse a otras iniciativas din\u00e1micas esparcidas &hellip; <a href=\"https:\/\/vozcomoarma.noblogs.org\/?p=1335\">Sigue leyendo <span class=\"meta-nav\">&rarr;<\/span><\/a><\/p>\n","protected":false},"author":7045,"featured_media":0,"comment_status":"closed","ping_status":"open","sticky":false,"template":"","format":"standard","meta":{"footnotes":""},"categories":[59,61,9],"tags":[47,16,38,42,24],"class_list":["post-1335","post","type-post","status-publish","format-standard","hentry","category-convocatorias","category-noticias","category-noticias-y-comunicados","tag-anti-desarrollismo","tag-guerra-social","tag-italia","tag-movimientos-sociales","tag-reflexion"],"_links":{"self":[{"href":"https:\/\/vozcomoarma.noblogs.org\/index.php?rest_route=\/wp\/v2\/posts\/1335","targetHints":{"allow":["GET"]}}],"collection":[{"href":"https:\/\/vozcomoarma.noblogs.org\/index.php?rest_route=\/wp\/v2\/posts"}],"about":[{"href":"https:\/\/vozcomoarma.noblogs.org\/index.php?rest_route=\/wp\/v2\/types\/post"}],"author":[{"embeddable":true,"href":"https:\/\/vozcomoarma.noblogs.org\/index.php?rest_route=\/wp\/v2\/users\/7045"}],"replies":[{"embeddable":true,"href":"https:\/\/vozcomoarma.noblogs.org\/index.php?rest_route=%2Fwp%2Fv2%2Fcomments&post=1335"}],"version-history":[{"count":1,"href":"https:\/\/vozcomoarma.noblogs.org\/index.php?rest_route=\/wp\/v2\/posts\/1335\/revisions"}],"predecessor-version":[{"id":1337,"href":"https:\/\/vozcomoarma.noblogs.org\/index.php?rest_route=\/wp\/v2\/posts\/1335\/revisions\/1337"}],"wp:attachment":[{"href":"https:\/\/vozcomoarma.noblogs.org\/index.php?rest_route=%2Fwp%2Fv2%2Fmedia&parent=1335"}],"wp:term":[{"taxonomy":"category","embeddable":true,"href":"https:\/\/vozcomoarma.noblogs.org\/index.php?rest_route=%2Fwp%2Fv2%2Fcategories&post=1335"},{"taxonomy":"post_tag","embeddable":true,"href":"https:\/\/vozcomoarma.noblogs.org\/index.php?rest_route=%2Fwp%2Fv2%2Ftags&post=1335"}],"curies":[{"name":"wp","href":"https:\/\/api.w.org\/{rel}","templated":true}]}}