{"id":13384,"date":"2016-08-10T05:21:45","date_gmt":"2016-08-10T03:21:45","guid":{"rendered":"http:\/\/vozcomoarma.noblogs.org\/?p=13384"},"modified":"2016-08-10T19:46:56","modified_gmt":"2016-08-10T17:46:56","slug":"grecia-detenidos-de-nuevo-los-companeros-profugos-kostas-sakkas-y-marios-seisidis","status":"publish","type":"post","link":"https:\/\/vozcomoarma.noblogs.org\/?p=13384","title":{"rendered":"Grecia &#8211; Los compa\u00f1eros pr\u00f3fugos Kostas Sakkas y Marios Seisidis son detenidos en Esparta"},"content":{"rendered":"<p style=\"text-align: justify\">Seg\u00fan informaci\u00f3n aparecida en diferentes medios contrainformativos, los compa\u00f1eros Marios Seisidis y Kostas Sakkas, que permanec\u00edan pr\u00f3fugos, fueron recientemente capturados en Esparta, el pasado 5 de agosto. Siguen a continuaci\u00f3n dos aportaciones aparecidas en Insurrection News y traducidas. La primera ha sido traducida por m\u00ed, mientras que la traducci\u00f3n de la carta de lxs compa\u00f1erxs encerradxs en la Primera Ala de Korydallos fue traducida por lxs compas de Idioma Negro y recibida en este blog por e-mail.<\/p>\n<p style=\"text-align: justify\">Tambi\u00e9n se a\u00f1ade un dise\u00f1o de un cartel en griego, recibido por e-mail tambi\u00e9n, y del cual adjunto la traducci\u00f3n:<\/p>\n<p style=\"text-align: justify\">&#8212;&#8212;&#8212;&#8212;&#8212;&#8212;&#8212;&#8212;&#8212;&#8212;&#8212;<\/p>\n<p style=\"text-align: justify\"><em><strong>5\/8\/16:<\/strong> Hoy los compa\u00f1eros anarquistas fugitivos Kostas Sakkas y Marios Seisidis fueron arrestados en Esparta. Los compa\u00f1eros fueron sometidos a torturas a manos de la polic\u00eda tras negarse a dar sus huellas dactilares y a que se les tomasen fotograf\u00edas. Seg\u00fan Indymedia Atenas, los compa\u00f1eros requieren hospitalizaci\u00f3n. Dos cartas solidarias (una de las cuales es tambi\u00e9n una llamada a una manifestaci\u00f3n solidaria) son traducidas a continuaci\u00f3n&#8230;<\/em><\/p>\n<p style=\"text-align: justify\"><em>El camino a la liberaci\u00f3n individual y colectiva est\u00e1 lleno de luchas y resistencia contra el Estado y el Capital, y contra todo aspecto de la autoridad.<\/em><\/p>\n<p style=\"text-align: justify\"><em>La solidaridad es pr\u00e1ctica y ataque para cada compa\u00f1erx que lucha y afronta la represi\u00f3n y el encarcelamiento por cumplir con su obvio deber.<\/em><\/p>\n<p style=\"text-align: justify\"><strong><em>\u00abUno muere lentamente cuando no est\u00e1 dispuesto a arriesgar lo cierto por lo incierto para perseguir un sue\u00f1o, quien no se permite por lo menos una vez en la vida, huir de los consejos sensatos&#8230;<\/em><\/strong><\/p>\n<p style=\"text-align: justify\"><strong><em>Evitamos la muerte en peque\u00f1as dosis cuando recordamos que vivir requiere un esfuerzo mucho mayor que el simple acto de respirar\u00bb.<\/em><\/strong><\/p>\n<p style=\"text-align: justify\"><em>(Del comunicado de Kostas Sakkas anunciando su huelga de hambre el 29 de mayo de 2013)*<\/em><\/p>\n<p style=\"text-align: justify\"><em>Solidaridad con los luchadores K. Sakkas y M. Seisidis.<\/em><\/p>\n<p style=\"text-align: justify\"><em>Manifestaci\u00f3n hoy en el juzgado de Evelpidon.<\/em><\/p>\n<p style=\"text-align: justify\"><em>LIBERTAD A TODXS LXS PRESXS POL\u00cdTICXS.<\/em><br \/>\n<em>LUCHA CONSTANTE HASTA QUE CADA PRISI\u00d3N SEA DEMOLIDA.<\/em><\/p>\n<p style=\"text-align: justify\"><em><strong>Asamblea de solidaridad con lxs presxs pol\u00edticxs, lxs encarceladxs y lxs luchadorxs perseguidxs.<\/strong><\/em><\/p>\n<p style=\"text-align: justify\">&#8212;<\/p>\n<p style=\"text-align: justify\">* Nota de traducci\u00f3n del blog: En realidad, el fragmento citado no es de Kostas Sakk\u00e1s. Efectivamente, figura en el comunicado donde el compa\u00f1ero anuncia su huelga de hambre, en mayo de 2013, pero s\u00f3lo porque el compa\u00f1ero lo cita al final. La aut\u00e9ntica autor\u00eda de dichos versos se desconoce, y aunque es atribuido popularmente a Pablo Neruda, hay quien dice que no son obra suya. Lo que est\u00e1 claro es que no son obra del compa\u00f1ero.<\/p>\n<p style=\"text-align: justify\">&#8212;&#8212;&#8212;&#8212;&#8212;&#8212;&#8212;&#8212;&#8212;&#8212;&#8212;<\/p>\n<p style=\"text-align: justify\"><em><strong>Texto de prisionerxs desde la Primera Ala de las prisiones de Korydallos, para Mario Seisidis y Kostas Sakkas (traducido por Idioma Negro):<\/strong><\/em><\/p>\n<p style=\"text-align: justify\"><em>Luego de o\u00edr acerca del arresto de los dos compa\u00f1eros Marios Seisidis y Kostas Sakkas, no puedes sino sentir tristeza. Tristeza de que dos combatientes anarquistas hayan ca\u00eddo en las manos de las autoridades perseguidoras, un hecho que ahora los priva de cualquier tipo de libertad que hayan disfrutado como fugitivos.<\/em><\/p>\n<p style=\"text-align: justify\"><em>Una tristeza que es sentida por cualquiera de nosotrxs quienes han experimentando ese momento y toda su violenta privaci\u00f3n. Mario Seisidis, sindicado y tambi\u00e9n acusado en el caso de \u00ablxs ladrones de negro\u00bb -ahora demostrado como un caso fabricado por el Estado-, durante 10 a\u00f1os ha elegido vivir en clandestinidad, rehusando rendirse y poner su libertad como garant\u00eda en las manos de sus perseguidorxs. <\/em><\/p>\n<p><em>Kostas Sakkas, despu\u00e9s de ser acusado como un miembro de la C.C.F. con evidencia inexistente, fue apresado y luego liberado despu\u00e9s de una huelga de hambre bajo condiciones de fianza, las cuales \u00e9l viol\u00f3 eligiendo vivir como \u00e9l lo determinara y no con las limitaciones impuestas sobre \u00e9l. <\/em><\/p>\n<p><em>El trato vengativo por parte de lxs polic\u00edas nos llena de ira y nos recuerda que la respuesta a la opresi\u00f3n no puede ser otra que la intensificaci\u00f3n de la lucha contra aquellxs que nos privan de la Libertad que tanto amamos.<\/em><\/p>\n<p><em>Nuestros pensamientos est\u00e1n con ellos y expresamos nuestra solidaridad unida. <\/em><\/p>\n<p><em>\u00a1Fuera sus manos de nuestrxs compa\u00f1erxs! <\/em><br \/>\n<em>Fuerza a Marios y Kostas <\/em><\/p>\n<p><em><strong>Iniciativa de lxs prisionerxs de la Primera Ala de las Prisiones de Koridallos.<\/strong><\/em><\/p>\n<div id=\"attachment_13385\" style=\"width: 650px\" class=\"wp-caption aligncenter\"><a href=\"https:\/\/vozcomoarma.noblogs.org\/files\/2016\/08\/cpf7jh8xeaaire2.jpg\"><img loading=\"lazy\" decoding=\"async\" aria-describedby=\"caption-attachment-13385\" class=\"wp-image-13385 size-full\" src=\"https:\/\/vozcomoarma.noblogs.org\/files\/2016\/08\/cpf7jh8xeaaire2.jpg\" alt=\"&quot;SOLIDARIDAD con K. Sakkas y M. Seisidis \/ La lucha de lxs compa\u00f1erxs encarceladxs es la nuestra&quot;\" width=\"640\" height=\"651\" srcset=\"https:\/\/vozcomoarma.noblogs.org\/files\/2016\/08\/cpf7jh8xeaaire2.jpg 640w, https:\/\/vozcomoarma.noblogs.org\/files\/2016\/08\/cpf7jh8xeaaire2-295x300.jpg 295w\" sizes=\"auto, (max-width: 640px) 100vw, 640px\" \/><\/a><p id=\"caption-attachment-13385\" class=\"wp-caption-text\"><em>\u00abSOLIDARIDAD con K. Sakkas y M. Seisidis \/ La lucha de lxs compa\u00f1erxs encarceladxs es la nuestra\u00bb<\/em><\/p><\/div>\n","protected":false},"excerpt":{"rendered":"<p>Seg\u00fan informaci\u00f3n aparecida en diferentes medios contrainformativos, los compa\u00f1eros Marios Seisidis y Kostas Sakkas, que permanec\u00edan pr\u00f3fugos, fueron recientemente capturados en Esparta, el pasado 5 de agosto. Siguen a continuaci\u00f3n dos aportaciones aparecidas en Insurrection News y traducidas. La primera &hellip; <a href=\"https:\/\/vozcomoarma.noblogs.org\/?p=13384\">Sigue leyendo <span class=\"meta-nav\">&rarr;<\/span><\/a><\/p>\n","protected":false},"author":7045,"featured_media":0,"comment_status":"closed","ping_status":"open","sticky":false,"template":"","format":"standard","meta":{"footnotes":""},"categories":[58,59,72,284,61,9,7],"tags":[17,15,16,26,24,19,11,71],"class_list":["post-13384","post","type-post","status-publish","format-standard","hentry","category-acciones","category-convocatorias","category-kostas-sakkas","category-marios-seisidis","category-noticias","category-noticias-y-comunicados","category-presxs","tag-carcel","tag-grecia","tag-guerra-social","tag-insurreccionalismo","tag-reflexion","tag-represion","tag-solidaridad","tag-tortura"],"_links":{"self":[{"href":"https:\/\/vozcomoarma.noblogs.org\/index.php?rest_route=\/wp\/v2\/posts\/13384","targetHints":{"allow":["GET"]}}],"collection":[{"href":"https:\/\/vozcomoarma.noblogs.org\/index.php?rest_route=\/wp\/v2\/posts"}],"about":[{"href":"https:\/\/vozcomoarma.noblogs.org\/index.php?rest_route=\/wp\/v2\/types\/post"}],"author":[{"embeddable":true,"href":"https:\/\/vozcomoarma.noblogs.org\/index.php?rest_route=\/wp\/v2\/users\/7045"}],"replies":[{"embeddable":true,"href":"https:\/\/vozcomoarma.noblogs.org\/index.php?rest_route=%2Fwp%2Fv2%2Fcomments&post=13384"}],"version-history":[{"count":3,"href":"https:\/\/vozcomoarma.noblogs.org\/index.php?rest_route=\/wp\/v2\/posts\/13384\/revisions"}],"predecessor-version":[{"id":13416,"href":"https:\/\/vozcomoarma.noblogs.org\/index.php?rest_route=\/wp\/v2\/posts\/13384\/revisions\/13416"}],"wp:attachment":[{"href":"https:\/\/vozcomoarma.noblogs.org\/index.php?rest_route=%2Fwp%2Fv2%2Fmedia&parent=13384"}],"wp:term":[{"taxonomy":"category","embeddable":true,"href":"https:\/\/vozcomoarma.noblogs.org\/index.php?rest_route=%2Fwp%2Fv2%2Fcategories&post=13384"},{"taxonomy":"post_tag","embeddable":true,"href":"https:\/\/vozcomoarma.noblogs.org\/index.php?rest_route=%2Fwp%2Fv2%2Ftags&post=13384"}],"curies":[{"name":"wp","href":"https:\/\/api.w.org\/{rel}","templated":true}]}}