{"id":13741,"date":"2016-09-15T21:04:54","date_gmt":"2016-09-15T19:04:54","guid":{"rendered":"http:\/\/vozcomoarma.noblogs.org\/?p=13741"},"modified":"2016-09-16T19:26:21","modified_gmt":"2016-09-16T17:26:21","slug":"v-encuentro-del-libro-anarquista-de-zaragoza-29-de-septiembre-2-de-octubre","status":"publish","type":"post","link":"https:\/\/vozcomoarma.noblogs.org\/?p=13741","title":{"rendered":"V Encuentro del Libro Anarquista de Zaragoza (29 de septiembre-2 de octubre)"},"content":{"rendered":"<p style=\"text-align: justify\">Lxs compa\u00f1erxs organizadorxs de este evento se pusieron en contacto para difundir el que ser\u00e1 el 5\u00ba Encuentro del Libro Anarquista de la ciudad de Zaragoza, que se celebrar\u00e1 en distintos espacios entre los d\u00edas 29 de septiembre y 2 de octubre, a lo que accedo con gusto:<\/p>\n<p style=\"text-align: justify\">&#8212;&#8212;&#8212;&#8212;&#8212;&#8212;&#8212;&#8212;&#8212;&#8212;&#8212;&#8212;&#8212;&#8212;&#8212;&#8211;<\/p>\n<p style=\"text-align: justify\"><em> No te pierdas el V\u00ba Encuentro del libro Anarquista de Zaragoza los dias 29 y 30 de septiembre y los dias 1 y 2 de octubre.<\/em><\/p>\n<p><strong><em> &#8211; Jueves\u00a029\u00a0de septiembre:<\/em><\/strong><\/p>\n<p><em> En el Espacio Colectivo Via L\u00e1ctea (calle Doctor Palomar, 25, Barrio de la Magdalena)<\/em><\/p>\n<p><em> 19h: Charla-Debate \u201csobre la situaci\u00f3n de lxs refugiadxs en Grecia y Sahara\u201d. Tras la charla habr\u00e1 tapeo ben\u00e9fico para lxs refugiadxs.<\/em><\/p>\n<p><strong><em> &#8211; Viernes\u00a030\u00a0de septiembre:<\/em><\/strong><\/p>\n<p><em> En el Solar de la calle San Agust\u00edn (calle San Agust\u00edn, Barrio de la Magdalena)<\/em><\/p>\n<p><em> 19h: Presentaci\u00f3n del libro \u201cDiscurso sobre la servidumbre voluntaria\u201d de Ettienne de la Boetie de Virus editorial. En la que vendr\u00e1 a hablarnos Paco Madrid.<\/em><\/p>\n<p><strong><em> &#8211; S\u00e1bado\u00a01\u00a0de octubre:<\/em><\/strong><\/p>\n<p><em> En\u00a0el\u00a0Solar\u00a0del\u00a0Conejo\u00a0(calle\u00a0Coso\u00a0182,\u00a0Barrio\u00a0de\u00a0la\u00a0Magdalena).<\/em><\/p>\n<p><em> 12h: Presentaci\u00f3n del libro \u201cEnsayo sobre la libertad en un planeta fr\u00e1gil\u201d de Jose Ardillo por Ediciones El Salm\u00f3n.<\/em><\/p>\n<p><em> 15h:\u00a0Comedor\u00a0popular\u00a0vegano,<\/em><\/p>\n<p><em> 18h: Presentaci\u00f3n del libro \u201cEl fracaso de la no-violencia. De la primavera arabe al movimiento 15M\u201d \u00a0de Peter Gederloos por la editorial Descontrol.<\/em><\/p>\n<p><strong><em> -Domingo\u00a02\u00a0de octubre:<\/em><\/strong><\/p>\n<p><em> En el CSO KIKE MUR (Plaza de la Memoria Hist\u00f3rica s\/n, Barrio de Torrero).<\/em><\/p>\n<p><em> 12h: Presentaci\u00f3n del libro \u201cDejadnos aprender. Reflexiones sobre la pedadogia libertaria\u201d de Manuel Rodr\u00edguez por Volapuk Editorial.<\/em><\/p>\n<p><em> 15h: Comedor popular vegano y tras la comida actuaci\u00f3n de teatro \u201cSergio Salinas: objetos, miniaturas y verduras\u201d.<\/em><\/p>\n<p><em> Recordad que durante los cuatro d\u00edas cada editorial, distribuidora o librer\u00eda participante tendr\u00e1 un puesto con libros, fanzines y libelos. La comida ser\u00e1 100% vegetariana.<\/em><\/p>\n<p><em> Tambi\u00e9n para cualquier informaci\u00f3n sobre el encuentro mira el blog <a href=\"https:\/\/libroanarquistazgz.wordpress.com\/\" target=\"_blank\" rel=\"noreferrer\">https:\/\/libroanarquistazgz.wordpress.com\/<\/a> o escribe al correo <a href=\"mailto:encuentroanarquistazgz@riseup.net\">encuentroanarquistazgz@riseup.net<\/a> .<\/em><\/p>\n<p><em> Esperamos\u00a0vuestra\u00a0asistencia.<\/em><br \/>\n<em>Y\u00a0como\u00a0siempre\u00a0decimos;<\/em><\/p>\n<p><strong><em> \u00a1Muerte\u00a0al\u00a0Estado\u00a0y\u00a0Viva\u00a0la\u00a0Anarquia!<\/em><\/strong><\/p>\n<p style=\"text-align: justify\"><a href=\"https:\/\/vozcomoarma.noblogs.org\/files\/2016\/09\/cartel_libro_ok_baja.jpg\"><img loading=\"lazy\" decoding=\"async\" class=\"aligncenter wp-image-13742 size-full\" src=\"https:\/\/vozcomoarma.noblogs.org\/files\/2016\/09\/cartel_libro_ok_baja.jpg\" alt=\"cartel_libro_ok_baja\" width=\"841\" height=\"2362\" srcset=\"https:\/\/vozcomoarma.noblogs.org\/files\/2016\/09\/cartel_libro_ok_baja.jpg 841w, https:\/\/vozcomoarma.noblogs.org\/files\/2016\/09\/cartel_libro_ok_baja-107x300.jpg 107w, https:\/\/vozcomoarma.noblogs.org\/files\/2016\/09\/cartel_libro_ok_baja-768x2157.jpg 768w, https:\/\/vozcomoarma.noblogs.org\/files\/2016\/09\/cartel_libro_ok_baja-365x1024.jpg 365w\" sizes=\"auto, (max-width: 841px) 100vw, 841px\" \/><\/a><\/p>\n","protected":false},"excerpt":{"rendered":"<p>Lxs compa\u00f1erxs organizadorxs de este evento se pusieron en contacto para difundir el que ser\u00e1 el 5\u00ba Encuentro del Libro Anarquista de la ciudad de Zaragoza, que se celebrar\u00e1 en distintos espacios entre los d\u00edas 29 de septiembre y 2 &hellip; <a href=\"https:\/\/vozcomoarma.noblogs.org\/?p=13741\">Sigue leyendo <span class=\"meta-nav\">&rarr;<\/span><\/a><\/p>\n","protected":false},"author":7045,"featured_media":0,"comment_status":"closed","ping_status":"open","sticky":false,"template":"","format":"standard","meta":{"footnotes":""},"categories":[59,61,9],"tags":[16,42,118],"class_list":["post-13741","post","type-post","status-publish","format-standard","hentry","category-convocatorias","category-noticias","category-noticias-y-comunicados","tag-guerra-social","tag-movimientos-sociales","tag-zaragoza"],"_links":{"self":[{"href":"https:\/\/vozcomoarma.noblogs.org\/index.php?rest_route=\/wp\/v2\/posts\/13741","targetHints":{"allow":["GET"]}}],"collection":[{"href":"https:\/\/vozcomoarma.noblogs.org\/index.php?rest_route=\/wp\/v2\/posts"}],"about":[{"href":"https:\/\/vozcomoarma.noblogs.org\/index.php?rest_route=\/wp\/v2\/types\/post"}],"author":[{"embeddable":true,"href":"https:\/\/vozcomoarma.noblogs.org\/index.php?rest_route=\/wp\/v2\/users\/7045"}],"replies":[{"embeddable":true,"href":"https:\/\/vozcomoarma.noblogs.org\/index.php?rest_route=%2Fwp%2Fv2%2Fcomments&post=13741"}],"version-history":[{"count":2,"href":"https:\/\/vozcomoarma.noblogs.org\/index.php?rest_route=\/wp\/v2\/posts\/13741\/revisions"}],"predecessor-version":[{"id":13754,"href":"https:\/\/vozcomoarma.noblogs.org\/index.php?rest_route=\/wp\/v2\/posts\/13741\/revisions\/13754"}],"wp:attachment":[{"href":"https:\/\/vozcomoarma.noblogs.org\/index.php?rest_route=%2Fwp%2Fv2%2Fmedia&parent=13741"}],"wp:term":[{"taxonomy":"category","embeddable":true,"href":"https:\/\/vozcomoarma.noblogs.org\/index.php?rest_route=%2Fwp%2Fv2%2Fcategories&post=13741"},{"taxonomy":"post_tag","embeddable":true,"href":"https:\/\/vozcomoarma.noblogs.org\/index.php?rest_route=%2Fwp%2Fv2%2Ftags&post=13741"}],"curies":[{"name":"wp","href":"https:\/\/api.w.org\/{rel}","templated":true}]}}