{"id":13744,"date":"2016-09-16T16:50:16","date_gmt":"2016-09-16T14:50:16","guid":{"rendered":"http:\/\/vozcomoarma.noblogs.org\/?p=13744"},"modified":"2016-09-16T19:46:15","modified_gmt":"2016-09-16T17:46:15","slug":"13744","status":"publish","type":"post","link":"https:\/\/vozcomoarma.noblogs.org\/?p=13744","title":{"rendered":"Abordaxe! presenta&#8230; Fiesta Pirata (24 de septiembre en el CSO Escarnio e Maldizer, Compostela)"},"content":{"rendered":"<p style=\"text-align: justify\">El pr\u00f3ximo s\u00e1bado 24 de septiembre, lxs compas de <strong><a href=\"https:\/\/abordaxe.wordpress.com\/\">Abordaxe!<\/a><\/strong> organizan un a\u00f1o m\u00e1s su Fiesta Pirata, esta vez en el CSO Escarnio e Maldizer (C\/ Algalia de Arriba, Santiago de Compostela) para reunir dinero con el que financiar el nuevo n\u00famero de su revista. A continuaci\u00f3n, sigue el programa previsto junto al cartel.<\/p>\n<p style=\"text-align: justify\">&#8212;&#8212;&#8212;&#8212;&#8212;&#8212;&#8212;&#8212;&#8212;&#8212;-<\/p>\n<p style=\"text-align: justify\"><strong>21:00h \u2013 As Tres Nebrosas presentan: \u00abBakunin perrea, Goldman hace twerk\u00bb<br \/>\n22:00h \u2013 Queimada de ALAKR\u00c1N da fin da terra<br \/>\n23:00h \u2013 Concierto con Folk\u00f3likos<br \/>\n00:00h \u2013 Guateque pirata, mar\u00edtimo y \u201cplayero\u201d al cargo de Disco M\u00f3vil Naipilladas<\/strong><\/p>\n<p style=\"text-align: justify\"><a href=\"https:\/\/vozcomoarma.noblogs.org\/files\/2016\/09\/festapiratafin.jpg\"><img loading=\"lazy\" decoding=\"async\" class=\"aligncenter wp-image-13745 size-full\" src=\"https:\/\/vozcomoarma.noblogs.org\/files\/2016\/09\/festapiratafin.jpg\" alt=\"festapiratafin\" width=\"342\" height=\"484\" srcset=\"https:\/\/vozcomoarma.noblogs.org\/files\/2016\/09\/festapiratafin.jpg 342w, https:\/\/vozcomoarma.noblogs.org\/files\/2016\/09\/festapiratafin-212x300.jpg 212w\" sizes=\"auto, (max-width: 342px) 100vw, 342px\" \/><\/a><\/p>\n","protected":false},"excerpt":{"rendered":"<p>El pr\u00f3ximo s\u00e1bado 24 de septiembre, lxs compas de Abordaxe! organizan un a\u00f1o m\u00e1s su Fiesta Pirata, esta vez en el CSO Escarnio e Maldizer (C\/ Algalia de Arriba, Santiago de Compostela) para reunir dinero con el que financiar el &hellip; <a href=\"https:\/\/vozcomoarma.noblogs.org\/?p=13744\">Sigue leyendo <span class=\"meta-nav\">&rarr;<\/span><\/a><\/p>\n","protected":false},"author":7045,"featured_media":0,"comment_status":"closed","ping_status":"open","sticky":false,"template":"","format":"standard","meta":{"footnotes":""},"categories":[59,61,9],"tags":[18,16,42,11],"class_list":["post-13744","post","type-post","status-publish","format-standard","hentry","category-convocatorias","category-noticias","category-noticias-y-comunicados","tag-galicia","tag-guerra-social","tag-movimientos-sociales","tag-solidaridad"],"_links":{"self":[{"href":"https:\/\/vozcomoarma.noblogs.org\/index.php?rest_route=\/wp\/v2\/posts\/13744","targetHints":{"allow":["GET"]}}],"collection":[{"href":"https:\/\/vozcomoarma.noblogs.org\/index.php?rest_route=\/wp\/v2\/posts"}],"about":[{"href":"https:\/\/vozcomoarma.noblogs.org\/index.php?rest_route=\/wp\/v2\/types\/post"}],"author":[{"embeddable":true,"href":"https:\/\/vozcomoarma.noblogs.org\/index.php?rest_route=\/wp\/v2\/users\/7045"}],"replies":[{"embeddable":true,"href":"https:\/\/vozcomoarma.noblogs.org\/index.php?rest_route=%2Fwp%2Fv2%2Fcomments&post=13744"}],"version-history":[{"count":2,"href":"https:\/\/vozcomoarma.noblogs.org\/index.php?rest_route=\/wp\/v2\/posts\/13744\/revisions"}],"predecessor-version":[{"id":13747,"href":"https:\/\/vozcomoarma.noblogs.org\/index.php?rest_route=\/wp\/v2\/posts\/13744\/revisions\/13747"}],"wp:attachment":[{"href":"https:\/\/vozcomoarma.noblogs.org\/index.php?rest_route=%2Fwp%2Fv2%2Fmedia&parent=13744"}],"wp:term":[{"taxonomy":"category","embeddable":true,"href":"https:\/\/vozcomoarma.noblogs.org\/index.php?rest_route=%2Fwp%2Fv2%2Fcategories&post=13744"},{"taxonomy":"post_tag","embeddable":true,"href":"https:\/\/vozcomoarma.noblogs.org\/index.php?rest_route=%2Fwp%2Fv2%2Ftags&post=13744"}],"curies":[{"name":"wp","href":"https:\/\/api.w.org\/{rel}","templated":true}]}}