{"id":13891,"date":"2016-09-29T02:16:03","date_gmt":"2016-09-29T00:16:03","guid":{"rendered":"http:\/\/vozcomoarma.noblogs.org\/?p=13891"},"modified":"2016-09-29T02:16:40","modified_gmt":"2016-09-29T00:16:40","slug":"paises-bajos-dictan-la-extradicion-de-la-companera-acusada-de-atracos-en-alemania","status":"publish","type":"post","link":"https:\/\/vozcomoarma.noblogs.org\/?p=13891","title":{"rendered":"Pa\u00edses Bajos &#8211; Dictan la extradici\u00f3n de la compa\u00f1era acusada de atracos en Alemania"},"content":{"rendered":"<p style=\"text-align: justify\"><em><a href=\"https:\/\/abordaxe.wordpress.com\/2016\/09\/27\/paises-baixos-extradicion-aprobada-por-amsterdam-para-a-companeira-procesada-pola-fiscalia-de-aachen-aquisgran\/hot-adorable-awesome-bird-favim-com-537941\/\" rel=\"attachment wp-att-24667\"><img loading=\"lazy\" decoding=\"async\" class=\"wp-image-24667 size-medium alignright\" src=\"https:\/\/abordaxe.files.wordpress.com\/2016\/09\/hot-adorable-awesome-bird-favim-com-537941.jpg?w=256&amp;h=300\" alt=\"hot-adorable-awesome-bird-favim-com-537941\" width=\"256\" height=\"300\" \/><\/a><\/em>Seg\u00fan inform\u00f3 el blog <strong><a href=\"https:\/\/solidariteit.noblogs.org\">solidariteit.noblogs.org<\/a><\/strong>, la compa de \u00c1msterdam detenida el 6 de julio acusada de expropiaciones bancarias en una oficina de Pax Bank en Aachen, Alemania (la misma por cuyo atraco dos compa\u00f1erxs m\u00e1s fueron detenidxs en Barcelona el 13 de abril y el 21 de junio y encerradxs en las prisiones de K\u00f6ln y Aachen, respectivamente), y que se encontraba en la calle bajo medidas restrictivas a la espera del fallo judicial, fue finalmente detenida y entregada a la fiscal\u00eda alemana despu\u00e9s de que el tribunal de \u00c1msterdam dictase su extradici\u00f3n inmediata el pasado 15 de septiembre. Sigue a continuaci\u00f3n la informaci\u00f3n difundida por lxs compas solidarixs:<\/p>\n<p style=\"text-align: justify\">&#8212;&#8212;&#8212;&#8212;&#8212;&#8212;&#8212;&#8212;&#8211;<\/p>\n<p style=\"text-align: justify\"><em>Extradici\u00f3n aprobada por \u00c1msterdam para la compa\u00f1era procesada por la fiscal\u00eda de Aachen (Aquisgr\u00e1n)<\/em><\/p>\n<p style=\"text-align: justify\"><em> El tribunal de Amsterdam, hoy, 15\/9\/2016 decidi\u00f3 cumplir con la solicitud del estado alem\u00e1n de extraditar a nuestra compa\u00f1era que se enfrentar\u00e1 a un juicio en Aachen, bajo la acusaci\u00f3n de expropiaci\u00f3n a un banco.<\/em><\/p>\n<p style=\"text-align: justify\"><em> El veredicto fue pronunciado alrededor de las 12:30, y fue detenida inmediatamente.<\/em><br \/>\n<em> La sala estaba llena de amigos y compa\u00f1eros en solidaridad y apoyo a la compa\u00f1era frente a la represi\u00f3n .<\/em><\/p>\n<p style=\"text-align: justify\"><em> Solidaridad en la lucha.<\/em><\/p>\n","protected":false},"excerpt":{"rendered":"<p>Seg\u00fan inform\u00f3 el blog solidariteit.noblogs.org, la compa de \u00c1msterdam detenida el 6 de julio acusada de expropiaciones bancarias en una oficina de Pax Bank en Aachen, Alemania (la misma por cuyo atraco dos compa\u00f1erxs m\u00e1s fueron detenidxs en Barcelona el &hellip; <a href=\"https:\/\/vozcomoarma.noblogs.org\/?p=13891\">Sigue leyendo <span class=\"meta-nav\">&rarr;<\/span><\/a><\/p>\n","protected":false},"author":7045,"featured_media":0,"comment_status":"closed","ping_status":"open","sticky":false,"template":"","format":"standard","meta":{"footnotes":""},"categories":[278,288,61,9,272,7],"tags":[51,107,48,16,94,19,11],"class_list":["post-13891","post","type-post","status-publish","format-standard","hentry","category-companera-detenida-en-amsterdam-el-6-de-julio-2016","category-companero-detenido-el-21-junio-en-barcelona","category-noticias","category-noticias-y-comunicados","category-presa-15-de-abril-barcelona","category-presxs","tag-alemania","tag-barcelona","tag-cataluna","tag-guerra-social","tag-paises-bajos","tag-represion","tag-solidaridad"],"_links":{"self":[{"href":"https:\/\/vozcomoarma.noblogs.org\/index.php?rest_route=\/wp\/v2\/posts\/13891","targetHints":{"allow":["GET"]}}],"collection":[{"href":"https:\/\/vozcomoarma.noblogs.org\/index.php?rest_route=\/wp\/v2\/posts"}],"about":[{"href":"https:\/\/vozcomoarma.noblogs.org\/index.php?rest_route=\/wp\/v2\/types\/post"}],"author":[{"embeddable":true,"href":"https:\/\/vozcomoarma.noblogs.org\/index.php?rest_route=\/wp\/v2\/users\/7045"}],"replies":[{"embeddable":true,"href":"https:\/\/vozcomoarma.noblogs.org\/index.php?rest_route=%2Fwp%2Fv2%2Fcomments&post=13891"}],"version-history":[{"count":2,"href":"https:\/\/vozcomoarma.noblogs.org\/index.php?rest_route=\/wp\/v2\/posts\/13891\/revisions"}],"predecessor-version":[{"id":13893,"href":"https:\/\/vozcomoarma.noblogs.org\/index.php?rest_route=\/wp\/v2\/posts\/13891\/revisions\/13893"}],"wp:attachment":[{"href":"https:\/\/vozcomoarma.noblogs.org\/index.php?rest_route=%2Fwp%2Fv2%2Fmedia&parent=13891"}],"wp:term":[{"taxonomy":"category","embeddable":true,"href":"https:\/\/vozcomoarma.noblogs.org\/index.php?rest_route=%2Fwp%2Fv2%2Fcategories&post=13891"},{"taxonomy":"post_tag","embeddable":true,"href":"https:\/\/vozcomoarma.noblogs.org\/index.php?rest_route=%2Fwp%2Fv2%2Ftags&post=13891"}],"curies":[{"name":"wp","href":"https:\/\/api.w.org\/{rel}","templated":true}]}}