{"id":13948,"date":"2016-10-14T01:28:06","date_gmt":"2016-10-13T23:28:06","guid":{"rendered":"http:\/\/vozcomoarma.noblogs.org\/?p=13948"},"modified":"2016-10-14T01:28:06","modified_gmt":"2016-10-13T23:28:06","slug":"jornada-de-solidaridad-con-los-proyectos-anarquistas-el-21-de-octubre-en-a-guarda-galiza","status":"publish","type":"post","link":"https:\/\/vozcomoarma.noblogs.org\/?p=13948","title":{"rendered":"Jornada de solidaridad con los proyectos anarquistas el 21 de octubre en A Guarda (Galiza)"},"content":{"rendered":"<p style=\"text-align: justify\">Lxs compas de <strong><em><a href=\"https:\/\/www.facebook.com\/cacacriu\/photos\/a.1460026340965296.1073741828.1460019637632633\/1486347331666530\/?type=1&amp;theater\">M\u00ebrda Criu<\/a><\/em><\/strong> enviaron esta convocatoria para una jornada de solidaridad con los proyectos anarquistas el 21 de octubre en el C.S. O Fuscalho (A Guarda) que constar\u00e1 de las siguientes actividades, y cuyos beneficios se destinar\u00e1n a un espacio antiautoritario de nueva creaci\u00f3n.<\/p>\n<p style=\"text-align: justify\">&#8212;&#8212;&#8212;&#8212;&#8212;&#8212;&#8212;&#8212;&#8212;&#8212;&#8212;&#8211;<\/p>\n<p style=\"text-align: justify\"><em><strong>A LAS 20:00 HORAS<\/strong> | Miembros de la Distribuidora Anarquista Polaris presentar\u00e1n <strong><a href=\"https:\/\/vozcomoarma.noblogs.org\/?p=10249\">\u00abR\u00c9QUIEM POR UN VIAJE SIN RETORNO\u00bb<\/a><\/strong>, una traducci\u00f3n de las palabras del compa\u00f1ero griego Nikos Roman\u00f3s. El zine narra el arresto y los acontecimientos m\u00e1s importantes y significativos de su recorrido revolucionario desde su arresto en el 2013 hasta la actualidad. No olvidemos a ning\u00fan\/a compa\u00f1erx muertx ni presx. Que cada acci\u00f3n que hagamos, grande o peque\u00f1a como esta, mantenga viva la memoria y el presente combativo negro.<\/em><\/p>\n<p style=\"text-align: justify\"><em><strong>A LAS 21.00 HORAS | CENADOR VEGANO.<\/strong> Rico, rico, rico rico. Un lugar de encuentro donde seguir creando lazos, charlar y aprender entre nosotrxs, mientras comemos algo delicioso y sen explotaci\u00f3n animal. El men\u00fa ser\u00e1 de tres platos (primero, segundo y postre), a tres euros. Los beneficios ser\u00e1n destinados a un espacio antiautoritario de nueva creaci\u00f3n.<\/em><\/p>\n<p style=\"text-align: justify\"><em><strong>A LAS 22.00 HORAS | CONCIERTO &amp; MICRO ABIERTO.<\/strong> Pr\u00f3fugo (<strong><a href=\"https:\/\/profugo.bandcamp.com\/\" target=\"_blank\" rel=\"noreferrer\">https:\/\/profugo.bandcamp.com\/<\/a><\/strong>) comenzar\u00e1 abriendo la boca, seguido de quien quiera tocar algo, cantar, rapear, hablar, decir, leer. Quien necesite expresarse, y vea que este es su lugar\u2026 \u00a1adelante!<\/em><\/p>\n<p style=\"text-align: justify\"><strong><em>NADA\u00a0M\u00c1S\u00a0QUE\u00a0DECIR\u00a0POR LO\u00a0DE\u00a0AHORA.<\/em><\/strong><br \/>\n<strong><em> \u00a1ANIMAOS!<\/em><\/strong><br \/>\n<strong><em> COMPARTID,\u00a0DIFUNDID,\u00a0AMAD.<\/em><\/strong><\/p>\n<p style=\"text-align: justify\"><strong><em>Por la Anarqu\u00eda, por la amistad: poco a poco, convirtiendo las ideas en praxis.<\/em><\/strong><\/p>\n<p style=\"text-align: justify\"><a href=\"https:\/\/vozcomoarma.noblogs.org\/files\/2016\/10\/cartelzine.png\"><img loading=\"lazy\" decoding=\"async\" class=\"wp-image-13950 size-large aligncenter\" src=\"https:\/\/vozcomoarma.noblogs.org\/files\/2016\/10\/cartelzine-554x1024.png\" alt=\"cartelzine\" width=\"554\" height=\"1024\" srcset=\"https:\/\/vozcomoarma.noblogs.org\/files\/2016\/10\/cartelzine-554x1024.png 554w, https:\/\/vozcomoarma.noblogs.org\/files\/2016\/10\/cartelzine-162x300.png 162w, https:\/\/vozcomoarma.noblogs.org\/files\/2016\/10\/cartelzine.png 558w\" sizes=\"auto, (max-width: 554px) 100vw, 554px\" \/><\/a><\/p>\n","protected":false},"excerpt":{"rendered":"<p>Lxs compas de M\u00ebrda Criu enviaron esta convocatoria para una jornada de solidaridad con los proyectos anarquistas el 21 de octubre en el C.S. O Fuscalho (A Guarda) que constar\u00e1 de las siguientes actividades, y cuyos beneficios se destinar\u00e1n a &hellip; <a href=\"https:\/\/vozcomoarma.noblogs.org\/?p=13948\">Sigue leyendo <span class=\"meta-nav\">&rarr;<\/span><\/a><\/p>\n","protected":false},"author":7045,"featured_media":0,"comment_status":"closed","ping_status":"open","sticky":false,"template":"","format":"standard","meta":{"footnotes":""},"categories":[122,59,61,9,7],"tags":[39,18,15,16,26,42,11],"class_list":["post-13948","post","type-post","status-publish","format-standard","hentry","category-caso-de-velventos-kozani-grecia","category-convocatorias","category-noticias","category-noticias-y-comunicados","category-presxs","tag-anti-especismo","tag-galicia","tag-grecia","tag-guerra-social","tag-insurreccionalismo","tag-movimientos-sociales","tag-solidaridad"],"_links":{"self":[{"href":"https:\/\/vozcomoarma.noblogs.org\/index.php?rest_route=\/wp\/v2\/posts\/13948","targetHints":{"allow":["GET"]}}],"collection":[{"href":"https:\/\/vozcomoarma.noblogs.org\/index.php?rest_route=\/wp\/v2\/posts"}],"about":[{"href":"https:\/\/vozcomoarma.noblogs.org\/index.php?rest_route=\/wp\/v2\/types\/post"}],"author":[{"embeddable":true,"href":"https:\/\/vozcomoarma.noblogs.org\/index.php?rest_route=\/wp\/v2\/users\/7045"}],"replies":[{"embeddable":true,"href":"https:\/\/vozcomoarma.noblogs.org\/index.php?rest_route=%2Fwp%2Fv2%2Fcomments&post=13948"}],"version-history":[{"count":1,"href":"https:\/\/vozcomoarma.noblogs.org\/index.php?rest_route=\/wp\/v2\/posts\/13948\/revisions"}],"predecessor-version":[{"id":13951,"href":"https:\/\/vozcomoarma.noblogs.org\/index.php?rest_route=\/wp\/v2\/posts\/13948\/revisions\/13951"}],"wp:attachment":[{"href":"https:\/\/vozcomoarma.noblogs.org\/index.php?rest_route=%2Fwp%2Fv2%2Fmedia&parent=13948"}],"wp:term":[{"taxonomy":"category","embeddable":true,"href":"https:\/\/vozcomoarma.noblogs.org\/index.php?rest_route=%2Fwp%2Fv2%2Fcategories&post=13948"},{"taxonomy":"post_tag","embeddable":true,"href":"https:\/\/vozcomoarma.noblogs.org\/index.php?rest_route=%2Fwp%2Fv2%2Ftags&post=13948"}],"curies":[{"name":"wp","href":"https:\/\/api.w.org\/{rel}","templated":true}]}}