{"id":13963,"date":"2016-10-14T14:30:52","date_gmt":"2016-10-14T12:30:52","guid":{"rendered":"http:\/\/vozcomoarma.noblogs.org\/?p=13963"},"modified":"2016-10-14T14:30:52","modified_gmt":"2016-10-14T12:30:52","slug":"grecia-incendio-de-coches-del-ayuntamiento-en-zografou-atenas","status":"publish","type":"post","link":"https:\/\/vozcomoarma.noblogs.org\/?p=13963","title":{"rendered":"Grecia &#8211; Incendio de coches del ayuntamiento en Zografou (Atenas)"},"content":{"rendered":"<p style=\"text-align: justify\"><a href=\"https:\/\/vozcomoarma.noblogs.org\/files\/2016\/10\/zografou-544x350.jpg\"><img loading=\"lazy\" decoding=\"async\" class=\"size-medium wp-image-13964 alignleft\" src=\"https:\/\/vozcomoarma.noblogs.org\/files\/2016\/10\/zografou-544x350-300x193.jpg\" alt=\"zografou-544x350\" width=\"300\" height=\"193\" srcset=\"https:\/\/vozcomoarma.noblogs.org\/files\/2016\/10\/zografou-544x350-300x193.jpg 300w, https:\/\/vozcomoarma.noblogs.org\/files\/2016\/10\/zografou-544x350.jpg 544w\" sizes=\"auto, (max-width: 300px) 100vw, 300px\" \/><\/a>A pesar de que la acci\u00f3n fue realizada el 2 de septiembre y ha pasado ya m\u00e1s de un mes, me pareci\u00f3 interesante difundirla, y por eso recojo de <strong><a href=\"http:\/\/actforfree.nostate.net\/?p=25233\">Act For Freedom Now<\/a><\/strong> y traduzco del ingl\u00e9s este comunicado reivindicando un ataque incendiario contra el ayuntamiento de Zografou, en Atenas, incendiando todos los coches que se encontraban en el aparcamiento.<\/p>\n<p style=\"text-align: justify\">&#8212;&#8212;&#8212;&#8212;&#8212;&#8212;&#8212;&#8212;&#8212;&#8212;&#8212;&#8212;<\/p>\n<p style=\"text-align: justify\"><em>Un sistema de control que es perpetuado por la fuerza, desde la m\u00e1s visible (ej\u00e9rcitos, polic\u00edas, prisiones&#8230;) a las formas m\u00e1s insidiosas e interiorizadas tales como la aceptaci\u00f3n y reproducci\u00f3n de los roles y valores de la autoridad. Una opresi\u00f3n cotidiana que nos previene de ir m\u00e1s all\u00e1 de ciertos l\u00edmites y nos hace cumplir con el miedo y con lo que la moralidad impone. Levantaron muros y barandillas alrededor de nuestras pasiones. Vivimos esto diariamente. Pero la pasi\u00f3n incansable por la libertad nos lleva a interrumpir aunque sea por un rato la m\u00f3rbida normalidad seleccionando el conflicto en una de sus muchas variantes.<\/em><\/p>\n<p style=\"text-align: justify\"><em>Nos acercamos a otras personas en la manera en que las apoyamos y deseamos en la vida cotidiana en vez de correr tras necesidades y dependencias. En la manera en que construimos relaciones con honestidad sin ser nada m\u00e1s ni nada menos que lo que decimos. Nos encontramos abriendo caminos sin un destino predeterminado, y libremente elegimos compa\u00f1erxs para cada etapa de la batalla y para cada ruta, en una evoluci\u00f3n individual pero tambi\u00e9n colectiva.<\/em><\/p>\n<p style=\"text-align: justify\"><em>Por tanto frente a la dominaci\u00f3n elegimos el cumplimiento salvaje de nuestros deseos. A veces compartiremos algunos placeres, pero la mayor\u00eda de deseos y expectativas est\u00e1n emanando de nuestro interior y por esto nos arriesgamos a verlos cumplidos.<\/em><\/p>\n<p style=\"text-align: justify\"><em>El 2 de septiembre al amanecer golpeamos el edificio del ayuntamiento de Zografou prendiendo fuego a todos los veh\u00edculos del aparcamiento. No para cambiar la manera en que administran las cosas, porque nosotrxs no entramos en alg\u00fan tipo de di\u00e1logo con ellxs. Salvajemente expresamos aborrecimiento por esto y por todas las dem\u00e1s formas de dominaci\u00f3n. Salvajemente expresamos el amor por la libertad y por aquellxs que son nuestrxs compa\u00f1erxs en todo momento.<\/em><\/p>\n<p style=\"text-align: justify\"><strong><em>Fuerza a todxs lxs compa\u00f1erxs en la c\u00e1rcel y en la ilegalidad.<\/em><\/strong><br \/>\n<strong><em>Por la expansi\u00f3n del conflicto contra lo existente.<\/em><\/strong><br \/>\n<strong><em>\u00a1Por la anarqu\u00eda!<\/em><\/strong><\/p>\n","protected":false},"excerpt":{"rendered":"<p>A pesar de que la acci\u00f3n fue realizada el 2 de septiembre y ha pasado ya m\u00e1s de un mes, me pareci\u00f3 interesante difundirla, y por eso recojo de Act For Freedom Now y traduzco del ingl\u00e9s este comunicado reivindicando &hellip; <a href=\"https:\/\/vozcomoarma.noblogs.org\/?p=13963\">Sigue leyendo <span class=\"meta-nav\">&rarr;<\/span><\/a><\/p>\n","protected":false},"author":7045,"featured_media":0,"comment_status":"closed","ping_status":"open","sticky":false,"template":"","format":"standard","meta":{"footnotes":""},"categories":[58,61,9],"tags":[15,16,26,24,10,11],"class_list":["post-13963","post","type-post","status-publish","format-standard","hentry","category-acciones","category-noticias","category-noticias-y-comunicados","tag-grecia","tag-guerra-social","tag-insurreccionalismo","tag-reflexion","tag-sabotaje","tag-solidaridad"],"_links":{"self":[{"href":"https:\/\/vozcomoarma.noblogs.org\/index.php?rest_route=\/wp\/v2\/posts\/13963","targetHints":{"allow":["GET"]}}],"collection":[{"href":"https:\/\/vozcomoarma.noblogs.org\/index.php?rest_route=\/wp\/v2\/posts"}],"about":[{"href":"https:\/\/vozcomoarma.noblogs.org\/index.php?rest_route=\/wp\/v2\/types\/post"}],"author":[{"embeddable":true,"href":"https:\/\/vozcomoarma.noblogs.org\/index.php?rest_route=\/wp\/v2\/users\/7045"}],"replies":[{"embeddable":true,"href":"https:\/\/vozcomoarma.noblogs.org\/index.php?rest_route=%2Fwp%2Fv2%2Fcomments&post=13963"}],"version-history":[{"count":1,"href":"https:\/\/vozcomoarma.noblogs.org\/index.php?rest_route=\/wp\/v2\/posts\/13963\/revisions"}],"predecessor-version":[{"id":13965,"href":"https:\/\/vozcomoarma.noblogs.org\/index.php?rest_route=\/wp\/v2\/posts\/13963\/revisions\/13965"}],"wp:attachment":[{"href":"https:\/\/vozcomoarma.noblogs.org\/index.php?rest_route=%2Fwp%2Fv2%2Fmedia&parent=13963"}],"wp:term":[{"taxonomy":"category","embeddable":true,"href":"https:\/\/vozcomoarma.noblogs.org\/index.php?rest_route=%2Fwp%2Fv2%2Fcategories&post=13963"},{"taxonomy":"post_tag","embeddable":true,"href":"https:\/\/vozcomoarma.noblogs.org\/index.php?rest_route=%2Fwp%2Fv2%2Ftags&post=13963"}],"curies":[{"name":"wp","href":"https:\/\/api.w.org\/{rel}","templated":true}]}}