{"id":13969,"date":"2016-10-14T15:03:03","date_gmt":"2016-10-14T13:03:03","guid":{"rendered":"http:\/\/vozcomoarma.noblogs.org\/?p=13969"},"modified":"2016-11-03T21:50:23","modified_gmt":"2016-11-03T20:50:23","slug":"alemania-la-iniciativa-de-la-juventud-apoista-reivindica-el-incendio-de-tres-coches-propiedad-de-fascistas-turcos-en-las-ciudades-de-kassel-munich-y-colonia","status":"publish","type":"post","link":"https:\/\/vozcomoarma.noblogs.org\/?p=13969","title":{"rendered":"Alemania &#8211; La Iniciativa de la Juventud Apo\u00edsta reivindica el incendio de tres coches propiedad de fascistas turcos en las ciudades de Kassel, Munich y Colonia"},"content":{"rendered":"<p style=\"text-align: justify\">El grupo Iniciativa de la Juventud Apo\u00edsta se adjudica a trav\u00e9s del siguiente comunicado (recogido y traducido desde la versi\u00f3n en ingl\u00e9s publicada en <strong><a href=\"https:\/\/insurrectionnewsworldwide.com\/2016\/10\/04\/germany-apoist-youth-initiative-arson-attacks-against-cars-owned-by-turkish-fascists\/\">Insurrection News<\/a><\/strong>) ataques incendiarios en las ciudades alemanas de Kassel, Munich y Colonia respectivamente y que quemaron tres coches que eran propiedad de fascistas turcos. En su comunicado, la Iniciativa de la Juventud Apo\u00edsta explican que este es un ataque de venganza por el encarcelamiento, desde hace m\u00e1s de 17 a\u00f1os, de Abdullah \u00d6calan, as\u00ed como por todxs sus m\u00e1rtires ca\u00eddxs en la guerra por la emancipaci\u00f3n y dignidad y contra el sometimiento fascista, y el genocidio imperialista y racista del Estado turco, con el apoyo de EE.UU. y de la Uni\u00f3n Europea, sobre la poblaci\u00f3n kurda. Tambi\u00e9n se\u00f1alan que tanto lxs fascistas turcos y las instituciones del Estado turco presentes en Alemania como las propias instituciones alemanas son objetivos potenciales de nuevos ataques, y advierten al Estado alem\u00e1n que si no termina con su apoyo al Estado turco, las acciones continuar\u00e1n.<\/p>\n<p style=\"text-align: justify\">A pesar de no compartir algunas ideas y l\u00f3gicas autoritarias presentes en el texto y con las que prefiero mantener distancia (como referirse a \u00d6calan textualmente como su <em>\u00abl\u00edder\u00bb<\/em>) comparto igualmente el escrito y saludo el gesto de la Iniciativa de la Juventud Apo\u00edsta.<\/p>\n<p style=\"text-align: justify\">&#8212;&#8212;&#8212;&#8212;&#8212;&#8212;&#8212;&#8212;&#8212;&#8212;&#8212;&#8212;&#8212;&#8212;&#8212;&#8211;<\/p>\n<p style=\"text-align: justify\"><em>Nosotrxs, la Iniciativa de la Juventud Apo\u00edsta &#8211; Equipo de Venganza \u00c7ekdar Botan (Kassel), Equipo de Venganza Lecvan Munzur (Munich) y Equipo de Venganza Lecvan Munzur (Colonia), llevamos a cabo ataques incendiarios en Munich, Colonia (20.08.16) y Kassel (23.09.16). Todos los coches quemados eran propiedad de fascistas turcos.<\/em><\/p>\n<p style=\"text-align: justify\"><em>Esta acci\u00f3n es en represalia al cautiverio desde hace 17 a\u00f1os de nuestro l\u00edder\u00a0R\u00eaber Apo (Abdullah \u00d6calan), y es una acci\u00f3n de venganza por todxs nuestrxs m\u00e1rtires de la resistencia que han ca\u00eddo en el Kurdist\u00e1n del Norte, en Rojava y en las monta\u00f1as de Qandil. Continuaremos nuestras acciones hasta que R\u00eaber Apo sea liberado y Kurdist\u00e1n reciba el estatus de reconocimiento. Advertimos a la BRD en contra de apoyar al Estado turco en la guerra contra nuestro pueblo y contra nuestras fuerzas democr\u00e1ticas. Mientras la BRD apoye esta pol\u00edtica de guerra, la Juventud Apo\u00edsta continuaremos nuestra resistencia en las calles de Alemania. Todxs lxs fascistas, todas las instituciones del Estado turco (UETD, DITIB, ADD, AYTK) y sus redes de apoyo alemanas \/ europeas, todos representan objetivos de ataque para nosotrxs. Nadie deber\u00eda pedirnos que terminemos con estas acciones. Nosotrxs por la presente llamamos a toda la juventud revolucionaria, especialmente a la juventud revolucionaria kurda, a actuar.<\/em><\/p>\n<p style=\"text-align: justify\"><em><strong>Con saludos revolucionarios<\/strong><\/em><\/p>\n<p style=\"text-align: justify\"><em><strong>Equipo de Venganza\/Intikam Timi Sehid Lecvan Munzur (Munich)<br \/>\nEquipo de Venganza\/Intikam Timi Sehid \u00c7ekdar Botan (Kassel)<\/strong><\/em><br \/>\n<em> <strong>Equipo de Venganza\/Intikam Timi Sehid Lecvan Munzur (Cologne)<\/strong><\/em><\/p>\n<p style=\"text-align: justify\"><em><strong>Iniciativa de la Juventud Apo\u00edsta 03.10.16.<\/strong><\/em><\/p>\n","protected":false},"excerpt":{"rendered":"<p>El grupo Iniciativa de la Juventud Apo\u00edsta se adjudica a trav\u00e9s del siguiente comunicado (recogido y traducido desde la versi\u00f3n en ingl\u00e9s publicada en Insurrection News) ataques incendiarios en las ciudades alemanas de Kassel, Munich y Colonia respectivamente y que &hellip; <a href=\"https:\/\/vozcomoarma.noblogs.org\/?p=13969\">Sigue leyendo <span class=\"meta-nav\">&rarr;<\/span><\/a><\/p>\n","protected":false},"author":7045,"featured_media":0,"comment_status":"closed","ping_status":"open","sticky":false,"template":"","format":"standard","meta":{"footnotes":""},"categories":[58,61,9],"tags":[51,14,35,188,16,26,42,34,24,19,10,11],"class_list":["post-13969","post","type-post","status-publish","format-standard","hentry","category-acciones","category-noticias","category-noticias-y-comunicados","tag-alemania","tag-anti-fascismo","tag-asesinato-de-estado","tag-conflicto-kurdo","tag-guerra-social","tag-insurreccionalismo","tag-movimientos-sociales","tag-racismo","tag-reflexion","tag-represion","tag-sabotaje","tag-solidaridad"],"_links":{"self":[{"href":"https:\/\/vozcomoarma.noblogs.org\/index.php?rest_route=\/wp\/v2\/posts\/13969","targetHints":{"allow":["GET"]}}],"collection":[{"href":"https:\/\/vozcomoarma.noblogs.org\/index.php?rest_route=\/wp\/v2\/posts"}],"about":[{"href":"https:\/\/vozcomoarma.noblogs.org\/index.php?rest_route=\/wp\/v2\/types\/post"}],"author":[{"embeddable":true,"href":"https:\/\/vozcomoarma.noblogs.org\/index.php?rest_route=\/wp\/v2\/users\/7045"}],"replies":[{"embeddable":true,"href":"https:\/\/vozcomoarma.noblogs.org\/index.php?rest_route=%2Fwp%2Fv2%2Fcomments&post=13969"}],"version-history":[{"count":1,"href":"https:\/\/vozcomoarma.noblogs.org\/index.php?rest_route=\/wp\/v2\/posts\/13969\/revisions"}],"predecessor-version":[{"id":13970,"href":"https:\/\/vozcomoarma.noblogs.org\/index.php?rest_route=\/wp\/v2\/posts\/13969\/revisions\/13970"}],"wp:attachment":[{"href":"https:\/\/vozcomoarma.noblogs.org\/index.php?rest_route=%2Fwp%2Fv2%2Fmedia&parent=13969"}],"wp:term":[{"taxonomy":"category","embeddable":true,"href":"https:\/\/vozcomoarma.noblogs.org\/index.php?rest_route=%2Fwp%2Fv2%2Fcategories&post=13969"},{"taxonomy":"post_tag","embeddable":true,"href":"https:\/\/vozcomoarma.noblogs.org\/index.php?rest_route=%2Fwp%2Fv2%2Ftags&post=13969"}],"curies":[{"name":"wp","href":"https:\/\/api.w.org\/{rel}","templated":true}]}}