{"id":14167,"date":"2016-11-05T22:45:25","date_gmt":"2016-11-05T21:45:25","guid":{"rendered":"http:\/\/vozcomoarma.noblogs.org\/?p=14167"},"modified":"2016-11-05T22:45:25","modified_gmt":"2016-11-05T21:45:25","slug":"italia-comunicado-de-alfredo-cospito","status":"publish","type":"post","link":"https:\/\/vozcomoarma.noblogs.org\/?p=14167","title":{"rendered":"Italia &#8211; Comunicado de Alfredo Cospito"},"content":{"rendered":"<p style=\"text-align: justify\">Lxs compa\u00f1erxs de <a href=\"https:\/\/inventati.org\/instintosalvaje\"><strong>Instinto Salvaje<\/strong><\/a> han traducido y compartido v\u00eda e-mail el siguiente comunicado de Alfredo Cospito, el cual fue escrito por el compa\u00f1ero durante su huelga de hambre, la cual comenz\u00f3 el 3 de octubre y se prolong\u00f3 durante la mayor parte de ese mes, concluyendo el 25 de octubre, cuando fue liberado de aislamiento.<\/p>\n<p style=\"text-align: justify\">&#8212;&#8212;&#8212;&#8212;&#8212;&#8212;&#8212;&#8212;&#8212;&#8212;&#8212;<\/p>\n<p style=\"text-align: justify\"><em><strong>Valentina, Danilo, Anna, Marco, Sandro, Daniele, Nicola<\/strong> \u2013 amigos, hermanos, hermanas, compa\u00f1erxs, que fueron arrestadxs y nuevamente detenidxs.<\/em><\/p>\n<p style=\"text-align: justify\"><em>Deber\u00eda narrar la misma vieja historia sobre otra invenci\u00f3n. Pero en cambio, quiero hablar de la raz\u00f3n por las que fueron arrestadxs. Lxs hermanos y hermanas fueron arrestadxs porque atacaron, estaban cansadxs de esperar, ignoraron las decisiones de la mayor\u00eda y tomaron acci\u00f3n.<\/em><\/p>\n<p style=\"text-align: justify\"><em>Me mantengo optimista y de buen humor porque la l\u00f3gica de<strong> \u201c1 + 1 = 2\u201d<\/strong> me dice que lxs compa\u00f1erxs que atacaron todav\u00eda est\u00e1n libres, por lo que son capaces de atacar de nuevo.<\/em><\/p>\n<p style=\"text-align: justify\"><em>El poder no reprime al azar. Hoy quiere aislar y aniquilar parte del movimiento anarquista que por<strong> \u201cpeque\u00f1a\u201d<\/strong> fue capaz de romper las cadenas que la ataron a la<strong> \u201cvieja anarqu\u00eda social\u201d<\/strong>.<\/em><\/p>\n<p style=\"text-align: justify\"><em>Un anarquismo social que, de manera suicida y compulsiva, busca un <strong>\u201cconsenso a toda costa\u201d<\/strong>, diluyendo continuamente sus aspiraciones.<\/em><\/p>\n<p style=\"text-align: justify\"><em>Esta visi\u00f3n que <strong>\u201cnunca va m\u00e1s all\u00e1\u201d<\/strong> es muy conveniente para el poder, para el enemigo, que teme a aquellxs anarquistas que se niegan a dejar que el \u201cconsenso\u201d les ate las manos, porque estamos convencidos de que s\u00f3lo de la acci\u00f3n (no hecha de teor\u00edas abstractas <span class=\"goog-text-highlight\">o investigaciones de seguimiento <\/span>de \u201cpersonas\u201d) nace la estrategia y el camino a seguir.<\/em><\/p>\n<p style=\"text-align: justify\"><em>No quiero comentar los <strong>\u00abcargos\u00bb<\/strong> y las llamadas <strong>\u00abpruebas\u00bb<\/strong>. Lo \u00fanico que dir\u00eda es que los hermanos y hermanas de la FAI-FRI siempre han afirmado con las cabezas en alto, frente a lxs bastardxs vestidos de negro, sus propios m\u00e9ritos, sus propias acciones, asumiendo con plena responsabilidad, escupiendo en los rostros de lxs bastardxs, como lo hicimos en G\u00e9nova.<\/em><\/p>\n<p style=\"text-align: justify\"><em>Mi principal prioridad no es salir de la c\u00e1rcel a toda costa, sino que salir con la cabeza en alto sin haber negado nada de lo que era, y de lo que soy.<\/em><\/p>\n<p style=\"text-align: justify\"><em>Voy a salir por las buenas o por las malas, todo depender\u00e1 de mi fuerza, de mis habilidades, de la fuerza de mis hermanos y hermanas que est\u00e1n\u00a0 afuera, pero definitivamente voy a salir con la cabeza en alto.<\/em><\/p>\n<p style=\"text-align: justify\"><em>Mi complicidad de ideales con lxs hermanos y hermanas de la <strong>\u201cCooperativa Artigiana Fuoco ed Affini\u201d- FAI,\u00a0<\/strong>a lxs hermanxs y hermanas de <strong>FAI-RAT (RIVOLTA ANONIMA TREMENDA)\u00a0 <\/strong>y a lxs hermanxs y hermanas de <strong>Narodnaya Volya \u2013 FAI, <\/strong>sean quienes sean, donde-quieran que est\u00e9n.<\/em><\/p>\n<p style=\"text-align: justify\"><em>Mi complicidad de ideales con el anarquismo de acci\u00f3n, que en sus nuevas formas est\u00e1 creciendo en gran parte del mundo, despu\u00e9s de un largo letargo.<\/em><\/p>\n<p style=\"text-align: justify\"><em><strong>ADELANTE, SIN MIEDO<br \/>\nEL FUTURO ES NUESTRO<br \/>\nPENSAMIENTO Y DINAMITA<\/strong><\/em><\/p>\n<p style=\"text-align: justify\"><em><strong>ALFREDO COSPITO<\/strong><\/em><\/p>\n<p style=\"text-align: justify\"><em><strong>FUENTE: <a href=\"https:\/\/www.autistici.org\/cna\/2016\/10\/23\/as2-ferrara-scritto-del-compagno-anarchico-alfredo-cospito-sulloperazione-scripta-manent\/\" target=\"_blank\">C.N.A.<br \/>\n<\/a><\/strong><\/em><em><strong>TRADUCCI\u00d3N: <a href=\"https:\/\/www.inventati.org\/instintosalvaje\/\" target=\"_blank\">INSTINTO SALVAJE<\/a><\/strong><\/em><\/p>\n<p style=\"text-align: justify\"><a href=\"https:\/\/vozcomoarma.noblogs.org\/files\/2016\/11\/alfredo.jpg\"><img loading=\"lazy\" decoding=\"async\" class=\"aligncenter wp-image-14168 size-full\" src=\"https:\/\/vozcomoarma.noblogs.org\/files\/2016\/11\/alfredo.jpg\" alt=\"alfredo\" width=\"610\" height=\"343\" srcset=\"https:\/\/vozcomoarma.noblogs.org\/files\/2016\/11\/alfredo.jpg 610w, https:\/\/vozcomoarma.noblogs.org\/files\/2016\/11\/alfredo-300x169.jpg 300w\" sizes=\"auto, (max-width: 610px) 100vw, 610px\" \/><\/a><\/p>\n","protected":false},"excerpt":{"rendered":"<p>Lxs compa\u00f1erxs de Instinto Salvaje han traducido y compartido v\u00eda e-mail el siguiente comunicado de Alfredo Cospito, el cual fue escrito por el compa\u00f1ero durante su huelga de hambre, la cual comenz\u00f3 el 3 de octubre y se prolong\u00f3 durante &hellip; <a href=\"https:\/\/vozcomoarma.noblogs.org\/?p=14167\">Sigue leyendo <span class=\"meta-nav\">&rarr;<\/span><\/a><\/p>\n","protected":false},"author":7045,"featured_media":0,"comment_status":"closed","ping_status":"open","sticky":false,"template":"","format":"standard","meta":{"footnotes":""},"categories":[58,84,295,83,61,9,7],"tags":[16,26,38,24,19,11],"class_list":["post-14167","post","type-post","status-publish","format-standard","hentry","category-acciones","category-alfredo-cospito","category-detenidxs-operacion-scripta-manent","category-nicola-gai","category-noticias","category-noticias-y-comunicados","category-presxs","tag-guerra-social","tag-insurreccionalismo","tag-italia","tag-reflexion","tag-represion","tag-solidaridad"],"_links":{"self":[{"href":"https:\/\/vozcomoarma.noblogs.org\/index.php?rest_route=\/wp\/v2\/posts\/14167","targetHints":{"allow":["GET"]}}],"collection":[{"href":"https:\/\/vozcomoarma.noblogs.org\/index.php?rest_route=\/wp\/v2\/posts"}],"about":[{"href":"https:\/\/vozcomoarma.noblogs.org\/index.php?rest_route=\/wp\/v2\/types\/post"}],"author":[{"embeddable":true,"href":"https:\/\/vozcomoarma.noblogs.org\/index.php?rest_route=\/wp\/v2\/users\/7045"}],"replies":[{"embeddable":true,"href":"https:\/\/vozcomoarma.noblogs.org\/index.php?rest_route=%2Fwp%2Fv2%2Fcomments&post=14167"}],"version-history":[{"count":1,"href":"https:\/\/vozcomoarma.noblogs.org\/index.php?rest_route=\/wp\/v2\/posts\/14167\/revisions"}],"predecessor-version":[{"id":14169,"href":"https:\/\/vozcomoarma.noblogs.org\/index.php?rest_route=\/wp\/v2\/posts\/14167\/revisions\/14169"}],"wp:attachment":[{"href":"https:\/\/vozcomoarma.noblogs.org\/index.php?rest_route=%2Fwp%2Fv2%2Fmedia&parent=14167"}],"wp:term":[{"taxonomy":"category","embeddable":true,"href":"https:\/\/vozcomoarma.noblogs.org\/index.php?rest_route=%2Fwp%2Fv2%2Fcategories&post=14167"},{"taxonomy":"post_tag","embeddable":true,"href":"https:\/\/vozcomoarma.noblogs.org\/index.php?rest_route=%2Fwp%2Fv2%2Ftags&post=14167"}],"curies":[{"name":"wp","href":"https:\/\/api.w.org\/{rel}","templated":true}]}}