{"id":14423,"date":"2016-11-27T04:09:16","date_gmt":"2016-11-27T03:09:16","guid":{"rendered":"https:\/\/vozcomoarma.noblogs.org\/?p=14423"},"modified":"2016-11-27T04:09:16","modified_gmt":"2016-11-27T03:09:16","slug":"libelo-militarismo-en-tiempos-de-syriza-por-el-colectivo-%ce%be%cf%85%cf%80%cf%8c%ce%bb%cf%85%cf%84%ce%bf-t%ce%ac%ce%b3%ce%bc%ce%b1-batallon-descalzo","status":"publish","type":"post","link":"https:\/\/vozcomoarma.noblogs.org\/?p=14423","title":{"rendered":"[Libelo] \u00abMilitarismo en tiempos de SYRIZA\u00bb, por el colectivo \u039e\u03c5\u03c0\u03cc\u03bb\u03c5\u03c4\u03bf T\u03ac\u03b3\u03bc\u03b1 (Batall\u00f3n Descalzo)"},"content":{"rendered":"<p style=\"text-align: justify\"><a href=\"https:\/\/vozcomoarma.noblogs.org\/files\/2016\/11\/batallon-descalzo-544x772.jpg\"><img loading=\"lazy\" decoding=\"async\" class=\"size-medium wp-image-14425 alignleft\" src=\"https:\/\/vozcomoarma.noblogs.org\/files\/2016\/11\/batallon-descalzo-544x772-211x300.jpg\" alt=\"batallon-descalzo-544x772\" width=\"211\" height=\"300\" srcset=\"https:\/\/vozcomoarma.noblogs.org\/files\/2016\/11\/batallon-descalzo-544x772-211x300.jpg 211w, https:\/\/vozcomoarma.noblogs.org\/files\/2016\/11\/batallon-descalzo-544x772.jpg 544w\" sizes=\"auto, (max-width: 211px) 100vw, 211px\" \/><\/a>Recojo de <strong><a href=\"https:\/\/es-contrainfo.espiv.net\/2016\/11\/26\/lectura-grecia-militarismo-en-tiempos-de-syriza\/\">Contra Info<\/a><\/strong> y difundo el libelo <strong><em>\u00abMilitarismo en tiempos de SYRIZA\u00bb<\/em><\/strong><\/p>\n<p style=\"text-align: justify\">El siguiente libelo es una traducci\u00f3n en castellano, realizada por la <strong><a href=\"http:\/\/segadores.alscarrers.org\/\">Editorial Segadores (Catalu\u00f1a)<\/a><\/strong> de un texto titulado <em><strong>\u00abMilitarismo en tiempos de SYRIZA\u00bb<\/strong><\/em>, analizando las ligeras variaciones realizadas sobre el ej\u00e9rcito por parte de la nueva socialdemocracia parlamentaria, reformista y recuperadora del Estado, demostrando con ello que la simbiosis entre el Estado y lo militar no s\u00f3lo ha permanecido intacta sino que de hecho se ha reforzado. Una circunstancia que quiz\u00e1 aqu\u00ed, en el Estado espa\u00f1ol, deber\u00edamos mantener presente, pues no olvidemos hechos como por ejemplo que el partido Podemos (al que m\u00e1s podr\u00eda asemejarse SYRIZA en cuanto a su rol en el tablero de juego de la pol\u00edtica parlamentaria) mantiene en sus listas a un ex-Jefe del Estado Mayor de Defensa (JEMAD), responsable de varias operaciones de la OTAN, o como por ejemplo el no menos alarmante (aunque igualmente previsible) cambio de opini\u00f3n de Podemos al respecto de un refer\u00e9ndum sobre la permanencia o salida de Espa\u00f1a de la OTAN, decidiendo que no haya tal referendo, ofreci\u00e9ndose en su lugar a someter a la organizaci\u00f3n a meras reformas.<\/p>\n<p style=\"text-align: justify\">Frente a las reformas y refuerzo que la socialdemocracia pretende llevar a cabo sobre las fuerzas armadas del Estado y del Capital, intentando volverlas \u00abm\u00e1s democr\u00e1ticas\u00bb, \u00abm\u00e1s civilizadas\u00bb, la lucha contra el militarismo, contra los valores de la democracia y contra todos los Estados es una sola.<\/p>\n<p style=\"text-align: justify\">El texto del libelo fue presentado como parte del Encuentro Anarquista de los Balcanes y el Mediterr\u00e1neo, realizado en las ciudades griegas de Atenas, Tesal\u00f3nica y Chania entre el 9 y el 18 de octubre de 2015, y se present\u00f3 por primera vez en el V Encuentro Antimilitarista (organizado por el <strong><a class=\"bbc_link\" href=\"http:\/\/xupolutotagma.squat.gr\/2016\/11\/19\/political-events-in-spain-november-december-2016\/\" target=\"_blank\">Batall\u00f3n Descalzo<\/a><\/strong>) el 4 y 5 de septiembre de 2015, en Ioannina, Grecia.<\/p>\n<p style=\"text-align: justify\">Por cierto, el citado texto va a estar siendo presentado en distintas ciudades del Estado espa\u00f1ol pr\u00f3ximamente. El listado puede consultarse <strong><a href=\"https:\/\/xupolutotagma.squat.gr\/2016\/11\/19\/political-events-in-spain-november-december-2016\/\">aqu\u00ed<\/a><\/strong>.<\/p>\n<p style=\"text-align: justify\">Para leer online o descargar el libelo, click <strong><a href=\"https:\/\/vozcomoarma.noblogs.org\/files\/2016\/11\/militarismo-en-tiempos-de-syriza-noviembre-2016.pdf\">aqu\u00ed<\/a><\/strong>.<\/p>\n","protected":false},"excerpt":{"rendered":"<p>Recojo de Contra Info y difundo el libelo \u00abMilitarismo en tiempos de SYRIZA\u00bb El siguiente libelo es una traducci\u00f3n en castellano, realizada por la Editorial Segadores (Catalu\u00f1a) de un texto titulado \u00abMilitarismo en tiempos de SYRIZA\u00bb, analizando las ligeras variaciones &hellip; <a href=\"https:\/\/vozcomoarma.noblogs.org\/?p=14423\">Sigue leyendo <span class=\"meta-nav\">&rarr;<\/span><\/a><\/p>\n","protected":false},"author":7045,"featured_media":0,"comment_status":"closed","ping_status":"open","sticky":false,"template":"","format":"standard","meta":{"footnotes":""},"categories":[96,4,20],"tags":[299,15,16,42,24,19],"class_list":["post-14423","post","type-post","status-publish","format-standard","hentry","category-libros","category-publicaciones","category-textos","tag-antimilitarismo","tag-grecia","tag-guerra-social","tag-movimientos-sociales","tag-reflexion","tag-represion"],"_links":{"self":[{"href":"https:\/\/vozcomoarma.noblogs.org\/index.php?rest_route=\/wp\/v2\/posts\/14423","targetHints":{"allow":["GET"]}}],"collection":[{"href":"https:\/\/vozcomoarma.noblogs.org\/index.php?rest_route=\/wp\/v2\/posts"}],"about":[{"href":"https:\/\/vozcomoarma.noblogs.org\/index.php?rest_route=\/wp\/v2\/types\/post"}],"author":[{"embeddable":true,"href":"https:\/\/vozcomoarma.noblogs.org\/index.php?rest_route=\/wp\/v2\/users\/7045"}],"replies":[{"embeddable":true,"href":"https:\/\/vozcomoarma.noblogs.org\/index.php?rest_route=%2Fwp%2Fv2%2Fcomments&post=14423"}],"version-history":[{"count":1,"href":"https:\/\/vozcomoarma.noblogs.org\/index.php?rest_route=\/wp\/v2\/posts\/14423\/revisions"}],"predecessor-version":[{"id":14426,"href":"https:\/\/vozcomoarma.noblogs.org\/index.php?rest_route=\/wp\/v2\/posts\/14423\/revisions\/14426"}],"wp:attachment":[{"href":"https:\/\/vozcomoarma.noblogs.org\/index.php?rest_route=%2Fwp%2Fv2%2Fmedia&parent=14423"}],"wp:term":[{"taxonomy":"category","embeddable":true,"href":"https:\/\/vozcomoarma.noblogs.org\/index.php?rest_route=%2Fwp%2Fv2%2Fcategories&post=14423"},{"taxonomy":"post_tag","embeddable":true,"href":"https:\/\/vozcomoarma.noblogs.org\/index.php?rest_route=%2Fwp%2Fv2%2Ftags&post=14423"}],"curies":[{"name":"wp","href":"https:\/\/api.w.org\/{rel}","templated":true}]}}