{"id":14527,"date":"2016-12-06T23:05:51","date_gmt":"2016-12-06T22:05:51","guid":{"rendered":"https:\/\/vozcomoarma.noblogs.org\/?p=14527"},"modified":"2016-12-07T04:15:49","modified_gmt":"2016-12-07T03:15:49","slug":"jornadas-nada-sobre-nos-sen-nos-la-discapacidad-en-vision-periferica-en-el-cso-escarnio-e-maldizer-compostela","status":"publish","type":"post","link":"https:\/\/vozcomoarma.noblogs.org\/?p=14527","title":{"rendered":"Jornadas \u00abNada sobre nosotrxs sin nosotrxs: La discapacidad en visi\u00f3n perif\u00e9rica\u00bb en el CSO Esc\u00e1rnio e Maldizer (Compostela)"},"content":{"rendered":"<p style=\"text-align: justify\">Lxs compas del <a href=\"https:\/\/csoaescarnioemaldizer.wordpress.com\/\"><strong>CSO Esc\u00e1rnio e Maldizer<\/strong><\/a> (R\/ Algalia de Arriba n\u00ba 11, Santiago de Compostela) ofrecen este fin de semana las jornadas <em>\u00abNada sobre n\u00f3s sen n\u00f3s: La discapacidad en visi\u00f3n perif\u00e9rica\u00bb <\/em>las cuales girar\u00e1n alrededor de la diversidad funcional en distintos \u00e1mbitos de la vida, y c\u00f3mo a veces en nuestros comportamientos tambi\u00e9n se dan din\u00e1micas capacitistas que es necesario superar y deconstruir.<\/p>\n<p style=\"text-align: justify\">A continuaci\u00f3n, sigue el cartel y el programa de actividades propuesto.<\/p>\n<p style=\"text-align: justify\">&#8212;&#8212;&#8212;&#8212;&#8212;&#8212;&#8212;&#8212;&#8212;&#8212;&#8212;<\/p>\n<p style=\"text-align: justify\"><strong>Viernes 9<\/strong><\/p>\n<p style=\"text-align: justify\"><strong>20:00 &#8211; Performance participativa. UnBlackboxing 2:<\/strong> Descajanegrizar la discapacidad (con Antonio Novoa)<br \/>\n<strong>21:30 &#8211; <\/strong><strong>Proyecci\u00f3n de documental \u00abYes we fuck\u00bb<\/strong>\u00a0(con presencia de una de sus participantes, \u00c1nxela L\u00f3pez).<\/p>\n<p style=\"text-align: justify\"><strong>S\u00e1bado 10<\/strong><\/p>\n<p style=\"text-align: justify\"><strong>20:00 &#8211; <\/strong><strong>Charla: Radio Prometea, activismo y apoyo mutuo en la salud mental <\/strong>(Paula Tom\u00e9)<br \/>\n<strong>21:30 &#8211; Proyecci\u00f3n del documental \u00abRufus May: El doctor que escuchaba voces\u00bb<\/strong>.<\/p>\n<p style=\"text-align: justify\"><strong>Habr\u00e1 cenador vegano los dos d\u00edas.<\/strong><br \/>\n<strong>Exposici\u00f3n permanente sobre diversidad a lo largo de las jornadas.<\/strong><br \/>\n<strong>Espacio accesible.<\/strong><\/p>\n<p style=\"text-align: justify\"><a href=\"https:\/\/vozcomoarma.noblogs.org\/files\/2016\/12\/15259622_252500431834002_3652273285158115869_o.jpg\"><img loading=\"lazy\" decoding=\"async\" class=\"aligncenter wp-image-14528 size-full\" src=\"https:\/\/vozcomoarma.noblogs.org\/files\/2016\/12\/15259622_252500431834002_3652273285158115869_o.jpg\" alt=\"Cartel Jornadas Div. funcional \" width=\"337\" height=\"475\" srcset=\"https:\/\/vozcomoarma.noblogs.org\/files\/2016\/12\/15259622_252500431834002_3652273285158115869_o.jpg 337w, https:\/\/vozcomoarma.noblogs.org\/files\/2016\/12\/15259622_252500431834002_3652273285158115869_o-213x300.jpg 213w\" sizes=\"auto, (max-width: 337px) 100vw, 337px\" \/><\/a><\/p>\n","protected":false},"excerpt":{"rendered":"<p>Lxs compas del CSO Esc\u00e1rnio e Maldizer (R\/ Algalia de Arriba n\u00ba 11, Santiago de Compostela) ofrecen este fin de semana las jornadas \u00abNada sobre n\u00f3s sen n\u00f3s: La discapacidad en visi\u00f3n perif\u00e9rica\u00bb las cuales girar\u00e1n alrededor de la diversidad &hellip; <a href=\"https:\/\/vozcomoarma.noblogs.org\/?p=14527\">Sigue leyendo <span class=\"meta-nav\">&rarr;<\/span><\/a><\/p>\n","protected":false},"author":7045,"featured_media":0,"comment_status":"closed","ping_status":"open","sticky":false,"template":"","format":"standard","meta":{"footnotes":""},"categories":[59,61,9],"tags":[28,286,18,42],"class_list":["post-14527","post","type-post","status-publish","format-standard","hentry","category-convocatorias","category-noticias","category-noticias-y-comunicados","tag-anti-psiquiatria","tag-capacitismo","tag-galicia","tag-movimientos-sociales"],"_links":{"self":[{"href":"https:\/\/vozcomoarma.noblogs.org\/index.php?rest_route=\/wp\/v2\/posts\/14527","targetHints":{"allow":["GET"]}}],"collection":[{"href":"https:\/\/vozcomoarma.noblogs.org\/index.php?rest_route=\/wp\/v2\/posts"}],"about":[{"href":"https:\/\/vozcomoarma.noblogs.org\/index.php?rest_route=\/wp\/v2\/types\/post"}],"author":[{"embeddable":true,"href":"https:\/\/vozcomoarma.noblogs.org\/index.php?rest_route=\/wp\/v2\/users\/7045"}],"replies":[{"embeddable":true,"href":"https:\/\/vozcomoarma.noblogs.org\/index.php?rest_route=%2Fwp%2Fv2%2Fcomments&post=14527"}],"version-history":[{"count":4,"href":"https:\/\/vozcomoarma.noblogs.org\/index.php?rest_route=\/wp\/v2\/posts\/14527\/revisions"}],"predecessor-version":[{"id":14552,"href":"https:\/\/vozcomoarma.noblogs.org\/index.php?rest_route=\/wp\/v2\/posts\/14527\/revisions\/14552"}],"wp:attachment":[{"href":"https:\/\/vozcomoarma.noblogs.org\/index.php?rest_route=%2Fwp%2Fv2%2Fmedia&parent=14527"}],"wp:term":[{"taxonomy":"category","embeddable":true,"href":"https:\/\/vozcomoarma.noblogs.org\/index.php?rest_route=%2Fwp%2Fv2%2Fcategories&post=14527"},{"taxonomy":"post_tag","embeddable":true,"href":"https:\/\/vozcomoarma.noblogs.org\/index.php?rest_route=%2Fwp%2Fv2%2Ftags&post=14527"}],"curies":[{"name":"wp","href":"https:\/\/api.w.org\/{rel}","templated":true}]}}