{"id":14555,"date":"2016-12-07T10:23:24","date_gmt":"2016-12-07T09:23:24","guid":{"rendered":"https:\/\/vozcomoarma.noblogs.org\/?p=14555"},"modified":"2016-12-07T10:24:38","modified_gmt":"2016-12-07T09:24:38","slug":"presentacion-de-la-malcria-biblioteca-del-ateneo-libertario-de-gracia","status":"publish","type":"post","link":"https:\/\/vozcomoarma.noblogs.org\/?p=14555","title":{"rendered":"10\/12 &#8211; Presentaci\u00f3n de \u00abLa Malcri\u00e1\u00bb, biblioteca colectiva del Ateneo Libertario de Gr\u00e1cia (Barcelona)"},"content":{"rendered":"<p style=\"text-align: justify\"><a href=\"https:\/\/vozcomoarma.noblogs.org\/files\/2016\/12\/malcria.jpg\"><img loading=\"lazy\" decoding=\"async\" class=\"size-medium wp-image-14556 alignright\" src=\"https:\/\/vozcomoarma.noblogs.org\/files\/2016\/12\/malcria-292x300.jpg\" alt=\"malcria\" width=\"292\" height=\"300\" srcset=\"https:\/\/vozcomoarma.noblogs.org\/files\/2016\/12\/malcria-292x300.jpg 292w, https:\/\/vozcomoarma.noblogs.org\/files\/2016\/12\/malcria.jpg 400w\" sizes=\"auto, (max-width: 292px) 100vw, 292px\" \/><\/a>Recojo de <a href=\"http:\/\/barcelona.indymedia.org\/newswire\/display\/507897\/index.php\"><strong>Indymedia Barcelona<\/strong><\/a>, traduzco y difundo la siguiente convocatoria para el acto de presentaci\u00f3n de la biblioteca colectiva \u00abLa Malcri\u00e1\u00bb, nuevo proyecto de biblioteca dentro del Ateneo Libertario del barrio de Gr\u00e1cia, en Barcelona.<\/p>\n<p style=\"text-align: justify\"><strong>\u00a1\u00c1nimo a lxs compas y fuerza para su nuevo proyecto!<\/strong><\/p>\n<p style=\"text-align: justify\">&#8212;&#8212;&#8212;&#8212;&#8212;&#8212;&#8212;&#8212;&#8212;&#8212;&#8212;&#8212;&#8211;<\/p>\n<p style=\"text-align: justify\"><em> Acto de Presentaci\u00f3n de la Biblioteca Colectiva \u00abLa Malcri\u00e1\u00bb<\/em><br \/>\n<em> Ateneo Libertario de Gr\u00e0cia, s\u00e1bado 10\/12<\/em><br \/>\n<em> 19 horas<\/em><br \/>\n<em> Carrer Alzina, 5 Metro Joanic L4 <\/em><\/p>\n<p style=\"text-align: justify\"><em>Est\u00e1is todas invitadas a la presentaci\u00f3n de la Biblioteca Colectiva \u00abLa Malcri\u00e1\u00bb, la biblio del Ateneo Libertario de Gr\u00e1cia, este pr\u00f3ximo s\u00e1bado d\u00eda 10\/12 a las 19 horas. Leeremos fragmentos de El Aullido (The Howl) de Alan Ginsberg y tambi\u00e9n haremos charla-debate sobre contracultura. \u00a1Os esperamos!<\/em><\/p>\n","protected":false},"excerpt":{"rendered":"<p>Recojo de Indymedia Barcelona, traduzco y difundo la siguiente convocatoria para el acto de presentaci\u00f3n de la biblioteca colectiva \u00abLa Malcri\u00e1\u00bb, nuevo proyecto de biblioteca dentro del Ateneo Libertario del barrio de Gr\u00e1cia, en Barcelona. \u00a1\u00c1nimo a lxs compas y &hellip; <a href=\"https:\/\/vozcomoarma.noblogs.org\/?p=14555\">Sigue leyendo <span class=\"meta-nav\">&rarr;<\/span><\/a><\/p>\n","protected":false},"author":7045,"featured_media":0,"comment_status":"closed","ping_status":"open","sticky":false,"template":"","format":"standard","meta":{"footnotes":""},"categories":[59,61,9],"tags":[107,48,42],"class_list":["post-14555","post","type-post","status-publish","format-standard","hentry","category-convocatorias","category-noticias","category-noticias-y-comunicados","tag-barcelona","tag-cataluna","tag-movimientos-sociales"],"_links":{"self":[{"href":"https:\/\/vozcomoarma.noblogs.org\/index.php?rest_route=\/wp\/v2\/posts\/14555","targetHints":{"allow":["GET"]}}],"collection":[{"href":"https:\/\/vozcomoarma.noblogs.org\/index.php?rest_route=\/wp\/v2\/posts"}],"about":[{"href":"https:\/\/vozcomoarma.noblogs.org\/index.php?rest_route=\/wp\/v2\/types\/post"}],"author":[{"embeddable":true,"href":"https:\/\/vozcomoarma.noblogs.org\/index.php?rest_route=\/wp\/v2\/users\/7045"}],"replies":[{"embeddable":true,"href":"https:\/\/vozcomoarma.noblogs.org\/index.php?rest_route=%2Fwp%2Fv2%2Fcomments&post=14555"}],"version-history":[{"count":6,"href":"https:\/\/vozcomoarma.noblogs.org\/index.php?rest_route=\/wp\/v2\/posts\/14555\/revisions"}],"predecessor-version":[{"id":14562,"href":"https:\/\/vozcomoarma.noblogs.org\/index.php?rest_route=\/wp\/v2\/posts\/14555\/revisions\/14562"}],"wp:attachment":[{"href":"https:\/\/vozcomoarma.noblogs.org\/index.php?rest_route=%2Fwp%2Fv2%2Fmedia&parent=14555"}],"wp:term":[{"taxonomy":"category","embeddable":true,"href":"https:\/\/vozcomoarma.noblogs.org\/index.php?rest_route=%2Fwp%2Fv2%2Fcategories&post=14555"},{"taxonomy":"post_tag","embeddable":true,"href":"https:\/\/vozcomoarma.noblogs.org\/index.php?rest_route=%2Fwp%2Fv2%2Ftags&post=14555"}],"curies":[{"name":"wp","href":"https:\/\/api.w.org\/{rel}","templated":true}]}}