{"id":14609,"date":"2016-12-16T17:31:31","date_gmt":"2016-12-16T16:31:31","guid":{"rendered":"https:\/\/vozcomoarma.noblogs.org\/?p=14609"},"modified":"2016-12-16T17:31:31","modified_gmt":"2016-12-16T16:31:31","slug":"recordatorio-manana-sabado-17-marcha-de-antorchas-en-solidaridad-con-lxs-presxs-karcelona","status":"publish","type":"post","link":"https:\/\/vozcomoarma.noblogs.org\/?p=14609","title":{"rendered":"[Recordatorio] Ma\u00f1ana s\u00e1bado 17 Marcha de Antorchas en solidaridad con lxs presxs (Karcelona)"},"content":{"rendered":"<p style=\"text-align: justify\">Para recordarlo, ma\u00f1ana, s\u00e1bado 17 de diciembre, a las 20:00 empezar\u00e1 en la Rambla de Canaletes (Barcelona) la Marxa de Torxes (Marcha de Antorchas) en solidaridad con lxs presxs y contra las prisiones y la sociedad que las hace (falsamente) necesarias.<\/p>\n<p><a href=\"https:\/\/vozcomoarma.noblogs.org\/files\/2016\/12\/CzyejXIXgAAq-ch.jpg\"><img loading=\"lazy\" decoding=\"async\" class=\"aligncenter wp-image-14610 size-full\" src=\"https:\/\/vozcomoarma.noblogs.org\/files\/2016\/12\/CzyejXIXgAAq-ch.jpg\" alt=\"czyejxixgaaq-ch\" width=\"678\" height=\"960\" srcset=\"https:\/\/vozcomoarma.noblogs.org\/files\/2016\/12\/CzyejXIXgAAq-ch.jpg 678w, https:\/\/vozcomoarma.noblogs.org\/files\/2016\/12\/CzyejXIXgAAq-ch-212x300.jpg 212w\" sizes=\"auto, (max-width: 678px) 100vw, 678px\" \/><\/a><\/p>\n","protected":false},"excerpt":{"rendered":"<p>Para recordarlo, ma\u00f1ana, s\u00e1bado 17 de diciembre, a las 20:00 empezar\u00e1 en la Rambla de Canaletes (Barcelona) la Marxa de Torxes (Marcha de Antorchas) en solidaridad con lxs presxs y contra las prisiones y la sociedad que las hace (falsamente) &hellip; <a href=\"https:\/\/vozcomoarma.noblogs.org\/?p=14609\">Sigue leyendo <span class=\"meta-nav\">&rarr;<\/span><\/a><\/p>\n","protected":false},"author":7045,"featured_media":0,"comment_status":"closed","ping_status":"open","sticky":false,"template":"","format":"standard","meta":{"footnotes":""},"categories":[59,61,9,7],"tags":[107,17,48,16,42,11,71],"class_list":["post-14609","post","type-post","status-publish","format-standard","hentry","category-convocatorias","category-noticias","category-noticias-y-comunicados","category-presxs","tag-barcelona","tag-carcel","tag-cataluna","tag-guerra-social","tag-movimientos-sociales","tag-solidaridad","tag-tortura"],"_links":{"self":[{"href":"https:\/\/vozcomoarma.noblogs.org\/index.php?rest_route=\/wp\/v2\/posts\/14609","targetHints":{"allow":["GET"]}}],"collection":[{"href":"https:\/\/vozcomoarma.noblogs.org\/index.php?rest_route=\/wp\/v2\/posts"}],"about":[{"href":"https:\/\/vozcomoarma.noblogs.org\/index.php?rest_route=\/wp\/v2\/types\/post"}],"author":[{"embeddable":true,"href":"https:\/\/vozcomoarma.noblogs.org\/index.php?rest_route=\/wp\/v2\/users\/7045"}],"replies":[{"embeddable":true,"href":"https:\/\/vozcomoarma.noblogs.org\/index.php?rest_route=%2Fwp%2Fv2%2Fcomments&post=14609"}],"version-history":[{"count":1,"href":"https:\/\/vozcomoarma.noblogs.org\/index.php?rest_route=\/wp\/v2\/posts\/14609\/revisions"}],"predecessor-version":[{"id":14611,"href":"https:\/\/vozcomoarma.noblogs.org\/index.php?rest_route=\/wp\/v2\/posts\/14609\/revisions\/14611"}],"wp:attachment":[{"href":"https:\/\/vozcomoarma.noblogs.org\/index.php?rest_route=%2Fwp%2Fv2%2Fmedia&parent=14609"}],"wp:term":[{"taxonomy":"category","embeddable":true,"href":"https:\/\/vozcomoarma.noblogs.org\/index.php?rest_route=%2Fwp%2Fv2%2Fcategories&post=14609"},{"taxonomy":"post_tag","embeddable":true,"href":"https:\/\/vozcomoarma.noblogs.org\/index.php?rest_route=%2Fwp%2Fv2%2Ftags&post=14609"}],"curies":[{"name":"wp","href":"https:\/\/api.w.org\/{rel}","templated":true}]}}