{"id":14619,"date":"2016-12-17T17:40:10","date_gmt":"2016-12-17T16:40:10","guid":{"rendered":"https:\/\/vozcomoarma.noblogs.org\/?p=14619"},"modified":"2016-12-17T17:40:09","modified_gmt":"2016-12-17T16:40:09","slug":"chile-artefacto-incendiarioexplosivo-contra-asociacion-nacional-de-funcionarios-del-poder-judicial","status":"publish","type":"post","link":"https:\/\/vozcomoarma.noblogs.org\/?p=14619","title":{"rendered":"Chile &#8211; Artefacto incendiario\/explosivo contra Asociaci\u00f3n Nacional de Funcionarios del Poder Judicial"},"content":{"rendered":"<p style=\"text-align: justify\">Recibo en el correo electr\u00f3nico y difundo el siguiente comunicado reivindicando un ataque incendiario\/explosivo que incendi\u00f3 la puerta de la Asociaci\u00f3n Nacional de Funcionarios del Poder Judicial\u00bb en Santiago de Chile. El ataque se enmarca en el llamado Proyecto N\u00e9mesis, que empez\u00f3 en Atenas, Grecia, con el ataque en la vivienda de la fiscal Georgia Tsatani (envuelta en el encubrimiento de esc\u00e1ndalos judiciales que afectan a pol\u00edticxs y a la mafia y responsable junto a otrxs fiscales del encarcelamiento vengativo de familiares de algunxs miembros presxs de la Conspiraci\u00f3n de C\u00e9lulas del Fuego, como medida de chantaje emocional para intentar quebrar su voluntad) y que hasta ahora ha tenido 3 actos (el ataque a la casa de la fiscal Tsatani, la colocaci\u00f3n de un falso artefacto simulado en una zona residencial militar en Santiago de Chile y este ataque). Se dedica a la memoria del compa\u00f1ero Sebastian Oversluij a 3 a\u00f1os de su muerte en acci\u00f3n la ma\u00f1ana del 11 de diciembre de 2013 cuando intentaba expropiar una sucursal de Banco Estado en la comuna de Pudahuel, en Santiago, a la memoria de las 81 personas presas asesinadas por el Estado en el incendio de la prisi\u00f3n de San Miguel en diciembre de 2010 y tambi\u00e9n a la memoria del compa\u00f1ero Alexandros Grigoropoulos, joven anarquista griego de 16 a\u00f1os asesinado por la polic\u00eda en Exarchia, Atenas, el 6 de diciembre de 2008.<\/p>\n<p style=\"text-align: justify\">&#8212;&#8212;&#8212;&#8212;&#8212;&#8212;&#8212;&#8211;<\/p>\n<p style=\"text-align: justify\"><em>La noche del 11 de diciembre, instalamos un artefacto incendiario\/explosivo de fabricaci\u00f3n casera con un sistema de retardo en la \u00abAsociaci\u00f3n Nacional de Funcionarios del Poder Judicial\u00bb, ubicada en calle Cienfuegos en el centro de Santiago. El dispositivo funcion\u00f3 correctamente incendiando la puerta del recinto.<\/em><\/p>\n<p><em> La \u00abAsociaci\u00f3n Nacional de Funcionarios del Poder Judicial\u00bb es el lugar donde se re\u00fanen los funcionarios que permiten cada d\u00eda el funcionamiento del complejo judicial-carcelario. Golpeamos una guarida de los engranajes activos del sistema que permiten a diario que los miserables individuos del aparato del Estado ejerzan el derecho que se han atribuido para juzgar y encerrar a otras personas.<\/em><\/p>\n<p><em> Cada sentencia emitida por jueces, cada condena solicitada por un fiscal, cada encierro en las c\u00e1rceles del poder es sustentado por el rol de cada funcionario judicial que valida con su trabajo la existencia y mantenimiento de la industria represiva.<\/em><\/p>\n<p><em> En tiempos de juicios contra anarquistas que arriesgan largas condenas, nuestro accionar es un rayo de fuego proveniente de lo m\u00e1s profundo de nuestras oscuras intenciones hacia el orden social del dominio.<\/em><\/p>\n<p><em> Accionar que enmarcamos en la propuesta internacional del PROYECTO N\u00c9MESIS, impulsado desde Grecia por compa\u00f1erxs de la Conspiraci\u00f3n de C\u00e9lulas del Fuego, para golpear a los poderosos y sus c\u00f3mplices en sus lugares de vivienda, trabajo y reuni\u00f3n.<\/em><\/p>\n<p><em> Accionar aut\u00f3nomo que rompe con la pasividad ciudadana y decide actuar fuera de los horarios programados por las manifestaciones de los movimientos sociales.<\/em><\/p>\n<p><em> Incendios intencionales que complementan y elevan de grado los disturbios callejeros y los peque\u00f1os sabotajes.<\/em><\/p>\n<p><em> Cualquiera puede hacerlo, s\u00f3lo es asunto de decidirse, planificar, tomar resguardos, actuar y experimentar el placer del ataque, esa sensaci\u00f3n que calma nuestras ansias de golpear directamente al poder, esa que nos hace sentir m\u00e1s completxs y respirar m\u00e1s ox\u00edgeno, sin sentirnos superiores a nada ni a nadie.<\/em><\/p>\n<p><em> Son los fuegos y explosiones nocturnos nacidos de conspiraciones, esos que constituyen el \u00f3rgano din\u00e1mico de la propuesta insurreccional contra el dominio, totalmente vigente en nuestras vidas m\u00e1s all\u00e1 de cu\u00e1n adversa se muestre la realidad ante nosotrxs.<\/em><\/p>\n<p><em> No queremos crear un movimiento, llamamos a la conformaci\u00f3n de c\u00e9lulas de acci\u00f3n coordinadas entre s\u00ed.<\/em><\/p>\n<p><em> Somos lxs continuadores de cada revuelta y de cada conspiraci\u00f3n que en Chile, Latinoam\u00e9rica y el mundo ha opuesto la violencia liberadora a la violencia de la esclavitud.<\/em><\/p>\n<p><em> Somos el germen de continuidad de las estrategias y t\u00e1cticas guerrilleras que experimentan nuevos aires con nuestros principios y m\u00e9todos antiautoritarios.<\/em><\/p>\n<p><em> La muerte de Fidel Castro, un ex-guerrillero que termin\u00f3 construyendo un Estado comunista en Cuba, o los acuerdos de paz entre el Estado de Colombia y las FARC, la guerrilla izquierdista de m\u00e1s larga data del mundo contempor\u00e1neo, no representan en absoluto para nosotrxs la muerte de la lucha revolucionaria y del accionar armado en contra de la opresi\u00f3n. Lo \u00fanico que muere con ellxs es la derrota del paradigma autoritario en las filas de la lucha anticapitalista.<\/em><\/p>\n<p><em> M\u00e1s que nunca, nuestro tiempo invita al accionar antiautoritario aut\u00f3nomo.<\/em><\/p>\n<p><em> Nuestros incendios y explosiones no olvidan la matanza perpetrada por el Estado en la Escuela Santa Mar\u00eda de Iquique en 1907, ni el asesinato de 81 presos en el incendio de la c\u00e1rcel de San Miguel en diciembre de 2010.<\/em><\/p>\n<p><em> Saludamos la vida insurrecta del compa\u00f1ero anarquista Alexandros Grigoropoulous, arrebatada por un polic\u00eda en Grecia en diciembre de 2008.<\/em><\/p>\n<p><em> Recordamos con fuego al compa\u00f1ero anarco-nihilista Sebastian Oversluij, quien muri\u00f3 disparando un 11 de diciembre de 2013 intentando expropiar dinero a los responsables de la miseria.<\/em><\/p>\n<p><em> Desde Chile a Grecia, desde Rojava a M\u00e9xico, desde USA hasta Espa\u00f1a, Italia, Alemania y el mundo entero.<\/em><\/p>\n<p><em> !Acci\u00f3n\u00a0insurreccional\u00a0y\u00a0solidaridad\u00a0con\u00a0lxs\u00a0compa\u00f1erxs\u00a0presxs!<\/em><\/p>\n<p><em> Por\u00a0la\u00a0expresi\u00f3n\u00a0armada\u00a0de\u00a0nuestros\u00a0deseos\u00a0de\u00a0libertad.<\/em><br \/>\n<em> \u00a1Cada\u00a0d\u00eda\u00a0es\u00a0Diciembre\u00a0Negro!<\/em><br \/>\n<em> \u00a1No\u00a0te\u00a0quedes\u00a0afuera!\u00a0\u00a1\u00c1rmate\u00a0y\u00a0s\u00e9\u00a0violentx!<\/em><\/p>\n<p><em> \u00a1Guerra\u00a0al\u00a0dominio!<\/em><br \/>\n<em> \u00a1Muerte\u00a0a\u00a0la\u00a0civilizaci\u00f3n,\u00a0el\u00a0patriarcado\u00a0y\u00a0toda\u00a0autoridad!<\/em><\/p>\n<p><strong><em> C\u00e9lula\u00a0Incendiaria\u00a0\u00abNuevos\u00a0Fuegos\u00a0en\u00a0el\u00a0Horizonte\u00bb.<\/em><\/strong><br \/>\n<strong><em> Federaci\u00f3n\u00a0Anarquista\u00a0Informal\/Frente Revolucionario Internacional.<\/em><\/strong><\/p>\n","protected":false},"excerpt":{"rendered":"<p>Recibo en el correo electr\u00f3nico y difundo el siguiente comunicado reivindicando un ataque incendiario\/explosivo que incendi\u00f3 la puerta de la Asociaci\u00f3n Nacional de Funcionarios del Poder Judicial\u00bb en Santiago de Chile. El ataque se enmarca en el llamado Proyecto N\u00e9mesis, &hellip; <a href=\"https:\/\/vozcomoarma.noblogs.org\/?p=14619\">Sigue leyendo <span class=\"meta-nav\">&rarr;<\/span><\/a><\/p>\n","protected":false},"author":7045,"featured_media":0,"comment_status":"closed","ping_status":"open","sticky":false,"template":"","format":"standard","meta":{"footnotes":""},"categories":[58,61,9],"tags":[35,78,15,16,26,24,19,10,11],"class_list":["post-14619","post","type-post","status-publish","format-standard","hentry","category-acciones","category-noticias","category-noticias-y-comunicados","tag-asesinato-de-estado","tag-chile","tag-grecia","tag-guerra-social","tag-insurreccionalismo","tag-reflexion","tag-represion","tag-sabotaje","tag-solidaridad"],"_links":{"self":[{"href":"https:\/\/vozcomoarma.noblogs.org\/index.php?rest_route=\/wp\/v2\/posts\/14619","targetHints":{"allow":["GET"]}}],"collection":[{"href":"https:\/\/vozcomoarma.noblogs.org\/index.php?rest_route=\/wp\/v2\/posts"}],"about":[{"href":"https:\/\/vozcomoarma.noblogs.org\/index.php?rest_route=\/wp\/v2\/types\/post"}],"author":[{"embeddable":true,"href":"https:\/\/vozcomoarma.noblogs.org\/index.php?rest_route=\/wp\/v2\/users\/7045"}],"replies":[{"embeddable":true,"href":"https:\/\/vozcomoarma.noblogs.org\/index.php?rest_route=%2Fwp%2Fv2%2Fcomments&post=14619"}],"version-history":[{"count":1,"href":"https:\/\/vozcomoarma.noblogs.org\/index.php?rest_route=\/wp\/v2\/posts\/14619\/revisions"}],"predecessor-version":[{"id":14620,"href":"https:\/\/vozcomoarma.noblogs.org\/index.php?rest_route=\/wp\/v2\/posts\/14619\/revisions\/14620"}],"wp:attachment":[{"href":"https:\/\/vozcomoarma.noblogs.org\/index.php?rest_route=%2Fwp%2Fv2%2Fmedia&parent=14619"}],"wp:term":[{"taxonomy":"category","embeddable":true,"href":"https:\/\/vozcomoarma.noblogs.org\/index.php?rest_route=%2Fwp%2Fv2%2Fcategories&post=14619"},{"taxonomy":"post_tag","embeddable":true,"href":"https:\/\/vozcomoarma.noblogs.org\/index.php?rest_route=%2Fwp%2Fv2%2Ftags&post=14619"}],"curies":[{"name":"wp","href":"https:\/\/api.w.org\/{rel}","templated":true}]}}