{"id":14621,"date":"2016-12-17T17:40:22","date_gmt":"2016-12-17T16:40:22","guid":{"rendered":"https:\/\/vozcomoarma.noblogs.org\/?p=14621"},"modified":"2016-12-17T17:40:28","modified_gmt":"2016-12-17T16:40:28","slug":"reducen-a-4-anos-y-6-meses-la-condena-de-lxs-companerxs-monica-y-francisco-inicialmente-de-12-anos","status":"publish","type":"post","link":"https:\/\/vozcomoarma.noblogs.org\/?p=14621","title":{"rendered":"Reducen a 4 a\u00f1os y 6 meses la condena de lxs compa\u00f1erxs M\u00f3nica y Francisco (inicialmente de 12 a\u00f1os)"},"content":{"rendered":"<p style=\"text-align: justify\">Recibo en el correo electr\u00f3nico de parte de lxs compas de <strong><a href=\"http:\/\/www.inventati.org\/instintosalvaje\/espana-reducen-condena-a-lxs-companerxs-monica-caballero-y-francisco-solar\/\">Instinto Salvaje<\/a><\/strong> la formidable noticia de que la sentencia contra lxs compa\u00f1erxs M\u00f3nica y Francisco ha sido recientemente reducida desde los 12 a\u00f1os a los que fueron condenadxs inicialmente <strong><a href=\"https:\/\/vozcomoarma.noblogs.org\/?p=11136\">en un juicio lleno de falacias e irregularidades<\/a><\/strong> (nada sorprendente, por otro lado, trat\u00e1ndose de la Audiencia Nacional, de la que no esper\u00e1bamos menos) a 4 a\u00f1os y 6 meses, despu\u00e9s de que se aceptase el recurso interpuesto por la defensa de Francisco Solar relativa a varios errores y excesos procesales.<\/p>\n<p style=\"text-align: justify\">Sin m\u00e1s que decir, celebrar esta gran noticia y saludar a lxs compa\u00f1erxs que en ning\u00fan momento agacharon la cabeza, ni siquiera cuando, al final de su declaraci\u00f3n, momentos antes de recibir su sentencia, le espetaron a la jueza en su cara de imb\u00e9cil un desafiante <em>\u00abMuerte al Estado y viva la anarqu\u00eda\u00bb<\/em>.<\/p>\n<p style=\"text-align: justify\"><strong>Libertad a M\u00f3nica y Francisco, a Nahuel y a todxs lxs anarquistas presxs.<\/strong><\/p>\n<p style=\"text-align: justify\">&#8212;&#8212;&#8212;&#8212;&#8212;&#8212;&#8212;&#8212;<\/p>\n<p style=\"text-align: justify\"><em>Hoy 16 de diciembre, el Tribunal Supremo ha rebajado las condenas de lxs compa\u00f1erxs <strong>M\u00f3nica Caballero<\/strong> y <strong>Francisco Solar, <\/strong>acusadxs de colocaci\u00f3n de una bomba en la b\u00e1silica de El Pilar en Zaragoza, en octubre del 2013, revocando la sentencia inicial de 12 a\u00f1os dictada por la Audiencia Nacional a 4 a\u00f1os y 6 meses.<\/em><\/p>\n<p style=\"text-align: justify\"><em>Se toma esta decisi\u00f3n luego de acoger parcialmente un recurso de casaci\u00f3n interpuesto por la defensa del compa\u00f1ero Francisco Solar, en el cual se ped\u00eda que no se les condenase por los delitos de <strong>da\u00f1os terroristas<\/strong> y <strong>de lesiones <\/strong>por separado como si fueran fruto de dos acciones distintas, como fue originalmente en la Audiencia Nacional. Adem\u00e1s, se atiende el recurso de la defensa que adujo que cuando instalaron el peque\u00f1o artefacto de fabricaci\u00f3n casera pretend\u00edan atentar contra un s\u00edmbolo religioso como elemento del poder establecido, pero que no ten\u00edan intenci\u00f3n de causar lesi\u00f3n a ninguna persona, para reforzar esta tesis, se aleg\u00f3 que a la hora del atentado se cerraba esa zona de la bas\u00edlica al p\u00fablico y que, adem\u00e1s el artefacto no conten\u00eda metralla y que avisaron de su colocaci\u00f3n antes de que este detonara.<\/em><\/p>\n<p style=\"text-align: justify\"><em>Adem\u00e1s de la rebaja de la condena tambi\u00e9n se rebajaron las costas de 182.601 a 143.317 euros, ya que en los desperfectos causados en la bas\u00edlica de El Pilar no exist\u00edan pruebas de que los da\u00f1os se proyectaran sobre bienes de valor hist\u00f3rico o cultural.<\/em><\/p>\n<p style=\"text-align: justify\"><em>La Audiencia Nacional consider\u00f3 que ambos anarquistas actuaron <strong>\u201cde manera aut\u00f3noma\u201d<\/strong> ya que no se consta que participasen ni en la organizaci\u00f3n informal <strong>FAI\/FRI<\/strong> ni en la plataforma <strong>Grupos Anarquistas Coordinados (GAC).<\/strong><\/em><\/p>\n<p style=\"text-align: justify\"><em>Frente a esta noticia no podemos contener la gran alegr\u00eda ante la nueva situaci\u00f3n de nuestrxs compa\u00f1erxs, quienes podr\u00edan enfrentarse a nuevos escenarios, tales como ser expulsadxs por ser \u201cextranjerxs\u201d y contar con una condena menor de 6 a\u00f1os, pero por el momento preferimos esperar los siguientes movimientos de nuestrxs enemigxs y verlxs en las calles nuevamente.<\/em><\/p>\n<p style=\"text-align: justify\"><em><strong>\u00a1MUERTE AL ESTADO Y QUE VIVA LA ANARQUIA!.<\/strong><\/em><\/p>\n<p style=\"text-align: justify\"><em><strong>PRONTO+ ACTUALIZACIONES\u2026<\/strong><\/em><\/p>\n","protected":false},"excerpt":{"rendered":"<p>Recibo en el correo electr\u00f3nico de parte de lxs compas de Instinto Salvaje la formidable noticia de que la sentencia contra lxs compa\u00f1erxs M\u00f3nica y Francisco ha sido recientemente reducida desde los 12 a\u00f1os a los que fueron condenadxs inicialmente &hellip; <a href=\"https:\/\/vozcomoarma.noblogs.org\/?p=14621\">Sigue leyendo <span class=\"meta-nav\">&rarr;<\/span><\/a><\/p>\n","protected":false},"author":7045,"featured_media":0,"comment_status":"closed","ping_status":"open","sticky":false,"template":"","format":"standard","meta":{"footnotes":""},"categories":[132,61,9,7],"tags":[16,19,11],"class_list":["post-14621","post","type-post","status-publish","format-standard","hentry","category-acusadxs-comando-mateo-morral","category-noticias","category-noticias-y-comunicados","category-presxs","tag-guerra-social","tag-represion","tag-solidaridad"],"_links":{"self":[{"href":"https:\/\/vozcomoarma.noblogs.org\/index.php?rest_route=\/wp\/v2\/posts\/14621","targetHints":{"allow":["GET"]}}],"collection":[{"href":"https:\/\/vozcomoarma.noblogs.org\/index.php?rest_route=\/wp\/v2\/posts"}],"about":[{"href":"https:\/\/vozcomoarma.noblogs.org\/index.php?rest_route=\/wp\/v2\/types\/post"}],"author":[{"embeddable":true,"href":"https:\/\/vozcomoarma.noblogs.org\/index.php?rest_route=\/wp\/v2\/users\/7045"}],"replies":[{"embeddable":true,"href":"https:\/\/vozcomoarma.noblogs.org\/index.php?rest_route=%2Fwp%2Fv2%2Fcomments&post=14621"}],"version-history":[{"count":1,"href":"https:\/\/vozcomoarma.noblogs.org\/index.php?rest_route=\/wp\/v2\/posts\/14621\/revisions"}],"predecessor-version":[{"id":14622,"href":"https:\/\/vozcomoarma.noblogs.org\/index.php?rest_route=\/wp\/v2\/posts\/14621\/revisions\/14622"}],"wp:attachment":[{"href":"https:\/\/vozcomoarma.noblogs.org\/index.php?rest_route=%2Fwp%2Fv2%2Fmedia&parent=14621"}],"wp:term":[{"taxonomy":"category","embeddable":true,"href":"https:\/\/vozcomoarma.noblogs.org\/index.php?rest_route=%2Fwp%2Fv2%2Fcategories&post=14621"},{"taxonomy":"post_tag","embeddable":true,"href":"https:\/\/vozcomoarma.noblogs.org\/index.php?rest_route=%2Fwp%2Fv2%2Ftags&post=14621"}],"curies":[{"name":"wp","href":"https:\/\/api.w.org\/{rel}","templated":true}]}}