{"id":1469,"date":"2013-10-22T18:34:23","date_gmt":"2013-10-22T16:34:23","guid":{"rendered":"http:\/\/vozcomoarma.noblogs.org\/?p=1469"},"modified":"2013-10-22T18:34:23","modified_gmt":"2013-10-22T16:34:23","slug":"francesco-carrieri-preso-por-los-disturbios-del-15-o-de-2011-trasladado-a-roma","status":"publish","type":"post","link":"https:\/\/vozcomoarma.noblogs.org\/?p=1469","title":{"rendered":"Francesco Carrieri, preso por los disturbios del 15-O de 2011, trasladado a Roma."},"content":{"rendered":"<p style=\"text-align: justify\">Hace unos d\u00edas os informaba <a href=\"https:\/\/vozcomoarma.noblogs.org\/?p=1390\">en este blog<\/a> de que el compa\u00f1ero Francesco Carrieri, que hab\u00eda sido detenido en el domicilio donde cumpl\u00eda su arresto domiciliario bajo acusaciones (falsas) de no haber respetado las condiciones del mismo y trasladado a una prisi\u00f3n, hab\u00eda sido finalmente encarcelado tras modificarse medida cautelar a la prisi\u00f3n preventiva.<\/p>\n<p style=\"text-align: justify\">Pues seg\u00fan <a href=\"http:\/\/es.contrainfo.espiv.net\/2013\/10\/20\/italia-presxs-15o-francesco-carrieri-trasladado-a-roma\/\">Contrainfo<\/a>, el compa ha sido trasladado de nuevo el pasado lunes 14 de octubre, en v\u00edspera de cumplirse 2 a\u00f1os desde los disturbios en los que fue detenido el compa\u00f1ero, al talego de Roma, tras haber pasado ya por Savona y San Remo.<\/p>\n<p style=\"text-align: justify\">Su nueva direcci\u00f3n para escribirle:<\/p>\n<p align=\"JUSTIFY\"><em>Francesco Carrieri<\/em><br \/>\n<em>c\/o C.C. Rebibbia via Raffaele Majetti, 70 00156 Roma (Italia)<\/em><\/p>\n<p align=\"JUSTIFY\">\u00a1Que ning\u00fan\/a compa\u00f1erx est\u00e9 solx!<\/p>\n<p align=\"JUSTIFY\"><a href=\"https:\/\/vozcomoarma.noblogs.org\/files\/2013\/10\/969879_110898399117133_444423978_n.jpg\"><img loading=\"lazy\" decoding=\"async\" class=\"aligncenter size-full wp-image-1470\" alt=\"Llam\u00e1is Reinserci\u00f3n a la m\u00e1s cruel de las venganzas.\" src=\"https:\/\/vozcomoarma.noblogs.org\/files\/2013\/10\/969879_110898399117133_444423978_n.jpg\" width=\"460\" height=\"291\" srcset=\"https:\/\/vozcomoarma.noblogs.org\/files\/2013\/10\/969879_110898399117133_444423978_n.jpg 960w, https:\/\/vozcomoarma.noblogs.org\/files\/2013\/10\/969879_110898399117133_444423978_n-300x189.jpg 300w\" sizes=\"auto, (max-width: 460px) 100vw, 460px\" \/><\/a><\/p>\n","protected":false},"excerpt":{"rendered":"<p>Hace unos d\u00edas os informaba en este blog de que el compa\u00f1ero Francesco Carrieri, que hab\u00eda sido detenido en el domicilio donde cumpl\u00eda su arresto domiciliario bajo acusaciones (falsas) de no haber respetado las condiciones del mismo y trasladado a &hellip; <a href=\"https:\/\/vozcomoarma.noblogs.org\/?p=1469\">Sigue leyendo <span class=\"meta-nav\">&rarr;<\/span><\/a><\/p>\n","protected":false},"author":7045,"featured_media":0,"comment_status":"closed","ping_status":"open","sticky":false,"template":"","format":"standard","meta":{"footnotes":""},"categories":[102,61,9,7],"tags":[21,38,19,11,71],"class_list":["post-1469","post","type-post","status-publish","format-standard","hentry","category-detenidxs-15-o-roma","category-noticias","category-noticias-y-comunicados","category-presxs","tag-disturbios","tag-italia","tag-represion","tag-solidaridad","tag-tortura"],"_links":{"self":[{"href":"https:\/\/vozcomoarma.noblogs.org\/index.php?rest_route=\/wp\/v2\/posts\/1469","targetHints":{"allow":["GET"]}}],"collection":[{"href":"https:\/\/vozcomoarma.noblogs.org\/index.php?rest_route=\/wp\/v2\/posts"}],"about":[{"href":"https:\/\/vozcomoarma.noblogs.org\/index.php?rest_route=\/wp\/v2\/types\/post"}],"author":[{"embeddable":true,"href":"https:\/\/vozcomoarma.noblogs.org\/index.php?rest_route=\/wp\/v2\/users\/7045"}],"replies":[{"embeddable":true,"href":"https:\/\/vozcomoarma.noblogs.org\/index.php?rest_route=%2Fwp%2Fv2%2Fcomments&post=1469"}],"version-history":[{"count":2,"href":"https:\/\/vozcomoarma.noblogs.org\/index.php?rest_route=\/wp\/v2\/posts\/1469\/revisions"}],"predecessor-version":[{"id":1472,"href":"https:\/\/vozcomoarma.noblogs.org\/index.php?rest_route=\/wp\/v2\/posts\/1469\/revisions\/1472"}],"wp:attachment":[{"href":"https:\/\/vozcomoarma.noblogs.org\/index.php?rest_route=%2Fwp%2Fv2%2Fmedia&parent=1469"}],"wp:term":[{"taxonomy":"category","embeddable":true,"href":"https:\/\/vozcomoarma.noblogs.org\/index.php?rest_route=%2Fwp%2Fv2%2Fcategories&post=1469"},{"taxonomy":"post_tag","embeddable":true,"href":"https:\/\/vozcomoarma.noblogs.org\/index.php?rest_route=%2Fwp%2Fv2%2Ftags&post=1469"}],"curies":[{"name":"wp","href":"https:\/\/api.w.org\/{rel}","templated":true}]}}