{"id":14759,"date":"2017-01-11T16:42:39","date_gmt":"2017-01-11T15:42:39","guid":{"rendered":"https:\/\/vozcomoarma.noblogs.org\/?p=14759"},"modified":"2017-01-11T16:42:39","modified_gmt":"2017-01-11T15:42:39","slug":"proximas-convocatorias-solidarias-en-barcelona-con-les-companeres-encarcelades-acusades-de-expropiar-bancos-en-alemania","status":"publish","type":"post","link":"https:\/\/vozcomoarma.noblogs.org\/?p=14759","title":{"rendered":"Pr\u00f3ximas convocatorias solidarias en Barcelona con les compa\u00f1eres encarcelades acusades de expropiar bancos en Alemania"},"content":{"rendered":"<p align=\"JUSTIFY\">El pr\u00f3ximo 14 de enero a las 20:00 en La Barber\u00eda (C\/ Pou de la Figuera, &lt;M&gt; L4 Jaume I) habr\u00e1 una jornada de pizzer\u00eda solidaria con les compa\u00f1eres acusades de expropiaciones bancarias en Alemania. As\u00ed mismo, el pr\u00f3ximo 21 de enero a las 12:00 habr\u00e1 una manifestaci\u00f3n solidaria que saldr\u00e1 de la Pl. del Diamant (&lt;M&gt; L3 Fontana). Para terminar, el 25 de enero a partir de las 20:00 habr\u00e1 un cenador vegano en el centro social okupado La Cin\u00e8tika (Rambla Fabra i Puig 28, &lt;M&gt; L1 Fabra i Puig).<\/p>\n<p><strong>\u00a1Les queremos libres! \u00a1Les queremos cerca!<br \/>\nSolidaridad con les compa\u00f1eres anarquistas en prisi\u00f3n acusades de expropiar bancos en Alemania.<\/strong><a href=\"https:\/\/vozcomoarma.noblogs.org\/files\/2017\/01\/cartell_pizzeria.jpg\"><img loading=\"lazy\" decoding=\"async\" class=\"aligncenter wp-image-14760 size-large\" src=\"https:\/\/vozcomoarma.noblogs.org\/files\/2017\/01\/cartell_pizzeria-726x1024.jpg\" width=\"640\" height=\"903\" srcset=\"https:\/\/vozcomoarma.noblogs.org\/files\/2017\/01\/cartell_pizzeria-726x1024.jpg 726w, https:\/\/vozcomoarma.noblogs.org\/files\/2017\/01\/cartell_pizzeria-213x300.jpg 213w, https:\/\/vozcomoarma.noblogs.org\/files\/2017\/01\/cartell_pizzeria-768x1083.jpg 768w, https:\/\/vozcomoarma.noblogs.org\/files\/2017\/01\/cartell_pizzeria.jpg 1135w\" sizes=\"auto, (max-width: 640px) 100vw, 640px\" \/><\/a><\/p>\n","protected":false},"excerpt":{"rendered":"<p>El pr\u00f3ximo 14 de enero a las 20:00 en La Barber\u00eda (C\/ Pou de la Figuera, &lt;M&gt; L4 Jaume I) habr\u00e1 una jornada de pizzer\u00eda solidaria con les compa\u00f1eres acusades de expropiaciones bancarias en Alemania. As\u00ed mismo, el pr\u00f3ximo 21 &hellip; <a href=\"https:\/\/vozcomoarma.noblogs.org\/?p=14759\">Sigue leyendo <span class=\"meta-nav\">&rarr;<\/span><\/a><\/p>\n","protected":false},"author":7045,"featured_media":0,"comment_status":"closed","ping_status":"open","sticky":false,"template":"","format":"standard","meta":{"footnotes":""},"categories":[288,59,61,9,272,7],"tags":[51,107,16,42,11],"class_list":["post-14759","post","type-post","status-publish","format-standard","hentry","category-companero-detenido-el-21-junio-en-barcelona","category-convocatorias","category-noticias","category-noticias-y-comunicados","category-presa-15-de-abril-barcelona","category-presxs","tag-alemania","tag-barcelona","tag-guerra-social","tag-movimientos-sociales","tag-solidaridad"],"_links":{"self":[{"href":"https:\/\/vozcomoarma.noblogs.org\/index.php?rest_route=\/wp\/v2\/posts\/14759","targetHints":{"allow":["GET"]}}],"collection":[{"href":"https:\/\/vozcomoarma.noblogs.org\/index.php?rest_route=\/wp\/v2\/posts"}],"about":[{"href":"https:\/\/vozcomoarma.noblogs.org\/index.php?rest_route=\/wp\/v2\/types\/post"}],"author":[{"embeddable":true,"href":"https:\/\/vozcomoarma.noblogs.org\/index.php?rest_route=\/wp\/v2\/users\/7045"}],"replies":[{"embeddable":true,"href":"https:\/\/vozcomoarma.noblogs.org\/index.php?rest_route=%2Fwp%2Fv2%2Fcomments&post=14759"}],"version-history":[{"count":1,"href":"https:\/\/vozcomoarma.noblogs.org\/index.php?rest_route=\/wp\/v2\/posts\/14759\/revisions"}],"predecessor-version":[{"id":14764,"href":"https:\/\/vozcomoarma.noblogs.org\/index.php?rest_route=\/wp\/v2\/posts\/14759\/revisions\/14764"}],"wp:attachment":[{"href":"https:\/\/vozcomoarma.noblogs.org\/index.php?rest_route=%2Fwp%2Fv2%2Fmedia&parent=14759"}],"wp:term":[{"taxonomy":"category","embeddable":true,"href":"https:\/\/vozcomoarma.noblogs.org\/index.php?rest_route=%2Fwp%2Fv2%2Fcategories&post=14759"},{"taxonomy":"post_tag","embeddable":true,"href":"https:\/\/vozcomoarma.noblogs.org\/index.php?rest_route=%2Fwp%2Fv2%2Ftags&post=14759"}],"curies":[{"name":"wp","href":"https:\/\/api.w.org\/{rel}","templated":true}]}}