{"id":14763,"date":"2017-01-11T16:51:46","date_gmt":"2017-01-11T15:51:46","guid":{"rendered":"https:\/\/vozcomoarma.noblogs.org\/?p=14763"},"modified":"2017-01-11T16:54:16","modified_gmt":"2017-01-11T15:54:16","slug":"jornadas-por-la-libertad-de-leonard-peltier-y-de-todxs-lxs-presxs-politicxs-barcelona","status":"publish","type":"post","link":"https:\/\/vozcomoarma.noblogs.org\/?p=14763","title":{"rendered":"Jornadas por la libertad de Leonard Peltier y de todxs lxs presxs pol\u00edticxs (Barcelona)"},"content":{"rendered":"<p align=\"JUSTIFY\">Recibo en el correo electr\u00f3nico y difundo la siguiente convocatoria para unas jornadas en Barcelona de solidaridad con Leonard Peltier y otres compa\u00f1eres preses en EE.UU., organizadas por el <strong><a href=\"https:\/\/cslpbarcelona.wordpress.com\/\">Comit\u00e9 de Solidaridad con Leonard Peltier<\/a><\/strong>, ahora que se acerca el \u00faltimo d\u00eda del mandato de Barack Obama (20 de enero) y con \u00e9l el \u00faltimo d\u00eda para que pueda ser firmada la puesta en libertad de Peltier.<\/p>\n<p>&#8212;&#8212;&#8212;&#8212;&#8212;&#8212;&#8212;&#8212;&#8212;&#8212;&#8212;&#8211;<\/p>\n<p><strong><em><span style=\"color: #444444\"><span style=\"font-family: Georgia, 'Bitstream Charter', serif\"><span style=\"font-size: medium\">JUEVES 12 DE ENERO<\/span><\/span><\/span><\/em><\/strong><\/p>\n<p align=\"JUSTIFY\"><em><span style=\"color: #444444\"><span style=\"font-family: Georgia, 'Bitstream Charter', serif\"><span style=\"font-size: medium\"><strong>12:30 h<\/strong> Concentraci\u00f3n en el Consulado de EE.UU. en Barcelona ( Passeig Reina Elisenda de Montcada 23)<\/span><\/span><\/span><\/em><\/p>\n<p align=\"JUSTIFY\"><em><span style=\"color: #444444\"><span style=\"font-family: Georgia, 'Bitstream Charter', serif\"><span style=\"font-size: medium\"><strong>20:00 h<\/strong> Cineforum en el CSO La Cin\u00e8tika: MUJER LAKOTA (Passeig Fabra i Puig 28)<\/span><\/span><\/span><\/em><\/p>\n<p align=\"JUSTIFY\"><strong><em><span style=\"color: #444444\"><span style=\"font-family: Georgia, 'Bitstream Charter', serif\"><span style=\"font-size: medium\">VIERNES 13 DE ENERO<\/span><\/span><\/span><\/em><\/strong><\/p>\n<p align=\"JUSTIFY\"><em><span style=\"color: #444444\"><span style=\"font-family: Georgia, 'Bitstream Charter', serif\"><span style=\"font-size: medium\"><strong>19 h<\/strong> Concentraci\u00f3n en la Plaza St. Jaume<\/span><\/span><\/span><\/em><\/p>\n<p align=\"JUSTIFY\"><strong><em><span style=\"color: #444444\"><span style=\"font-family: Georgia, 'Bitstream Charter', serif\"><span style=\"font-size: medium\">S\u00c1BADO 14 DE ENERO<\/span><\/span><\/span><\/em><\/strong><\/p>\n<p align=\"JUSTIFY\"><em><span style=\"color: #444444\"><span style=\"font-family: Georgia, 'Bitstream Charter', serif\"><span style=\"font-size: medium\"><strong>12 h<\/strong> Charla: Una se\u00f1al de vida. Reclamo por la libertad de lxs presxs pol\u00edticxs, en el\u00a0<\/span><\/span><\/span><\/em><em><span style=\"color: #444444\"><span style=\"font-family: Georgia, 'Bitstream Charter', serif\"><span style=\"font-size: medium\">Kiosko Okupado de Plaza de Orfila \u2013 St Andreu<\/span><\/span><\/span><\/em><\/p>\n<p align=\"JUSTIFY\"><a href=\"https:\/\/vozcomoarma.noblogs.org\/files\/2017\/01\/jornades-L.Peltier2web.jpg\"><img loading=\"lazy\" decoding=\"async\" class=\"aligncenter wp-image-14765 size-full\" src=\"https:\/\/vozcomoarma.noblogs.org\/files\/2017\/01\/jornades-L.Peltier2web.jpg\" width=\"546\" height=\"772\" srcset=\"https:\/\/vozcomoarma.noblogs.org\/files\/2017\/01\/jornades-L.Peltier2web.jpg 546w, https:\/\/vozcomoarma.noblogs.org\/files\/2017\/01\/jornades-L.Peltier2web-212x300.jpg 212w\" sizes=\"auto, (max-width: 546px) 100vw, 546px\" \/><\/a><\/p>\n","protected":false},"excerpt":{"rendered":"<p>Recibo en el correo electr\u00f3nico y difundo la siguiente convocatoria para unas jornadas en Barcelona de solidaridad con Leonard Peltier y otres compa\u00f1eres preses en EE.UU., organizadas por el Comit\u00e9 de Solidaridad con Leonard Peltier, ahora que se acerca el &hellip; <a href=\"https:\/\/vozcomoarma.noblogs.org\/?p=14763\">Sigue leyendo <span class=\"meta-nav\">&rarr;<\/span><\/a><\/p>\n","protected":false},"author":7045,"featured_media":0,"comment_status":"closed","ping_status":"open","sticky":false,"template":"","format":"standard","meta":{"footnotes":""},"categories":[59,192,61,9,7],"tags":[107,48,65,16,42,11],"class_list":["post-14763","post","type-post","status-publish","format-standard","hentry","category-convocatorias","category-leonard-peltier","category-noticias","category-noticias-y-comunicados","category-presxs","tag-barcelona","tag-cataluna","tag-ee-uu","tag-guerra-social","tag-movimientos-sociales","tag-solidaridad"],"_links":{"self":[{"href":"https:\/\/vozcomoarma.noblogs.org\/index.php?rest_route=\/wp\/v2\/posts\/14763","targetHints":{"allow":["GET"]}}],"collection":[{"href":"https:\/\/vozcomoarma.noblogs.org\/index.php?rest_route=\/wp\/v2\/posts"}],"about":[{"href":"https:\/\/vozcomoarma.noblogs.org\/index.php?rest_route=\/wp\/v2\/types\/post"}],"author":[{"embeddable":true,"href":"https:\/\/vozcomoarma.noblogs.org\/index.php?rest_route=\/wp\/v2\/users\/7045"}],"replies":[{"embeddable":true,"href":"https:\/\/vozcomoarma.noblogs.org\/index.php?rest_route=%2Fwp%2Fv2%2Fcomments&post=14763"}],"version-history":[{"count":4,"href":"https:\/\/vozcomoarma.noblogs.org\/index.php?rest_route=\/wp\/v2\/posts\/14763\/revisions"}],"predecessor-version":[{"id":14769,"href":"https:\/\/vozcomoarma.noblogs.org\/index.php?rest_route=\/wp\/v2\/posts\/14763\/revisions\/14769"}],"wp:attachment":[{"href":"https:\/\/vozcomoarma.noblogs.org\/index.php?rest_route=%2Fwp%2Fv2%2Fmedia&parent=14763"}],"wp:term":[{"taxonomy":"category","embeddable":true,"href":"https:\/\/vozcomoarma.noblogs.org\/index.php?rest_route=%2Fwp%2Fv2%2Fcategories&post=14763"},{"taxonomy":"post_tag","embeddable":true,"href":"https:\/\/vozcomoarma.noblogs.org\/index.php?rest_route=%2Fwp%2Fv2%2Ftags&post=14763"}],"curies":[{"name":"wp","href":"https:\/\/api.w.org\/{rel}","templated":true}]}}